{"id":26349,"date":"2011-10-14T11:19:51","date_gmt":"2011-10-14T14:19:51","guid":{"rendered":"http:\/\/www.r2cpress.com.br\/v1\/?p=26349"},"modified":"2011-10-14T11:19:51","modified_gmt":"2011-10-14T14:19:51","slug":"castrou-se-o-complexo","status":"publish","type":"post","link":"https:\/\/www.r2cpress.com.br\/v1\/2011\/10\/14\/castrou-se-o-complexo\/","title":{"rendered":"Castrou-se o Complexo"},"content":{"rendered":"<p><img loading=\"lazy\" class=\"alignleft\" src=\"http:\/\/www.r2cpress.com.br\/v1\/wp-content\/uploads\/DEGAS-NOVA.jpg\" alt=\"\" width=\"300\" height=\"129\" \/>As publicidades oficiais iniciaram uma mega-ofensiva em favor dos empreendimentos FIOL e Porto Sul. V\u00ea-se campanhas em <em>out-doors<\/em>, multiplicam-se os banners em blogs (at\u00e9 nos que se op\u00f5em ao projeto) e sites, e repete-se a veicula\u00e7\u00e3o de pe\u00e7as na televis\u00e3o e no r\u00e1dio.<\/p>\n<p>&#8220;Agora vai!&#8221;, dizem-me as pessoas. E eu come\u00e7o a pensar que vai mesmo.<\/p>\n<p>Mas a\u00ed meu velho amigo Algo, aquele pessimista inveterado, o cidad\u00e3o que derrama \u00e1gua fria em todas as minhas esperan\u00e7as desvairadas, me fez uma visita ontem.<\/p>\n<p>Odeio quando ele aparece assim.<\/p>\n<p>Algo me diz que est\u00e1 faltando um peda\u00e7o.<\/p>\n<p>Algo me mostra que sobram discursos e publicidade dos governos federal e estadual a respeito do Porto Sul e da Ferrovia de Integra\u00e7\u00e3o Oeste-Leste.<\/p>\n<p>&#8220;Mas isso n\u00e3o \u00e9 bom?&#8221;, pergunto eu. &#8220;N\u00e3o mostra que os empreendimentos est\u00e3o sendo levados a cabo?&#8221;.<\/p>\n<p>Algo me diz que sim. E que n\u00e3o.<\/p>\n<p>Algo me chama a aten\u00e7\u00e3o para um detalhe: nas publicidades e nos discursos n\u00e3o se fala mais no Aeroporto Internacional.<\/p>\n<p>Algo me faz perguntar: cad\u00ea o Aeroporto Internacional?<\/p>\n<p>Algo me faz observar que o Aeroporto de Vit\u00f3ria da Conquista, promessa bem mais recente, j\u00e1 est\u00e1 em vias de ser iniciado. E o de Ilh\u00e9us nem localiza\u00e7\u00e3o possui ainda. &#8220;Permanece encalhado&#8221;, diz Algo num trocadilho infame.<\/p>\n<p>Algo me diz que esse aeroporto n\u00e3o vir\u00e1 t\u00e3o cedo, se vier um dia.<\/p>\n<p>Algo me faz lembrar de promessas a respeito da ponte, do DPT, da duplica\u00e7\u00e3o.<\/p>\n<p>Algo sugere que o Complexo Intermodal n\u00e3o ser\u00e1 t\u00e3o Intermodal assim. Nem t\u00e3o Complexo. Ser\u00e1 um Complexo Mutilado. Castrado.<\/p>\n<p>Algo me diz que talvez eles tenham se esquecido do Aeroporto.<\/p>\n<p>E as pessoas, ser\u00e1 que tamb\u00e9m se esqueceram?<\/p>\n<p>Algo me diz que n\u00e3o&#8230;<\/p>\n","protected":false},"excerpt":{"rendered":"<p>As publicidades oficiais iniciaram uma mega-ofensiva em favor dos empreendimentos FIOL e Porto Sul. V\u00ea-se campanhas em out-doors, multiplicam-se os banners em blogs (at\u00e9 nos que se op\u00f5em ao projeto) e sites, e repete-se a veicula\u00e7\u00e3o de pe\u00e7as na televis\u00e3o e no r\u00e1dio. &#8220;Agora vai!&#8221;, dizem-me as pessoas. E eu come\u00e7o a pensar que vai [&hellip;]<\/p>\n","protected":false},"author":2,"featured_media":0,"comment_status":"open","ping_status":"open","sticky":false,"template":"","format":"standard","meta":{"_links_to":"","_links_to_target":""},"categories":[10],"tags":[],"_links":{"self":[{"href":"https:\/\/www.r2cpress.com.br\/v1\/wp-json\/wp\/v2\/posts\/26349"}],"collection":[{"href":"https:\/\/www.r2cpress.com.br\/v1\/wp-json\/wp\/v2\/posts"}],"about":[{"href":"https:\/\/www.r2cpress.com.br\/v1\/wp-json\/wp\/v2\/types\/post"}],"author":[{"embeddable":true,"href":"https:\/\/www.r2cpress.com.br\/v1\/wp-json\/wp\/v2\/users\/2"}],"replies":[{"embeddable":true,"href":"https:\/\/www.r2cpress.com.br\/v1\/wp-json\/wp\/v2\/comments?post=26349"}],"version-history":[{"count":3,"href":"https:\/\/www.r2cpress.com.br\/v1\/wp-json\/wp\/v2\/posts\/26349\/revisions"}],"predecessor-version":[{"id":26352,"href":"https:\/\/www.r2cpress.com.br\/v1\/wp-json\/wp\/v2\/posts\/26349\/revisions\/26352"}],"wp:attachment":[{"href":"https:\/\/www.r2cpress.com.br\/v1\/wp-json\/wp\/v2\/media?parent=26349"}],"wp:term":[{"taxonomy":"category","embeddable":true,"href":"https:\/\/www.r2cpress.com.br\/v1\/wp-json\/wp\/v2\/categories?post=26349"},{"taxonomy":"post_tag","embeddable":true,"href":"https:\/\/www.r2cpress.com.br\/v1\/wp-json\/wp\/v2\/tags?post=26349"}],"curies":[{"name":"wp","href":"https:\/\/api.w.org\/{rel}","templated":true}]}}