{"id":26361,"date":"2011-10-14T11:40:45","date_gmt":"2011-10-14T14:40:45","guid":{"rendered":"http:\/\/www.r2cpress.com.br\/v1\/?p=26361"},"modified":"2011-10-14T11:50:14","modified_gmt":"2011-10-14T14:50:14","slug":"sip-debate-violencia-contra-a-imprensa","status":"publish","type":"post","link":"https:\/\/www.r2cpress.com.br\/v1\/2011\/10\/14\/sip-debate-violencia-contra-a-imprensa\/","title":{"rendered":"SIP debate viol\u00eancia contra a imprensa"},"content":{"rendered":"<h3>Relat\u00f3rio dos pa\u00edses ser\u00e3o apresentados na assembleia-geral a partir de domingo; Brasil relata assassinatos, pris\u00f5es, agress\u00f5es e casos de censura<\/h3>\n<p><strong><\/p>\n<div>Gabriel Manzano \/ ENVIADO ESPECIAL \/ LIMA &#8211; O Estado de S.Paulo<\/div>\n<p><\/strong><br \/>\nA Sociedade Interamericana de Imprensa (SIP), que re\u00fane cerca de 1.300 jornais, come\u00e7a nesta sexta-feira, 14, em Lima, a sua 67.\u00aa Assembleia-Geral, marcada por um dado preocupante: 21 jornalistas foram assassinados no exerc\u00edcio da profiss\u00e3o nos \u00faltimos seis meses \u2013 desde o encontro anterior da entidade em San Diego, nos Estados Unidos.<\/p>\n<p><strong>Veja tamb\u00e9m:<\/strong><br \/>\n<img src=\"http:\/\/render.estadao.com.br\/ext\/selos\/icone-bullet.gif\" alt=\"link\" border=\"0\" \/> <a title=\"Reuni\u00e3o do ano que vem ser\u00e1 no Brasil\" href=\"http:\/\/www.estadao.com.br\/noticias\/impresso,reuniao-do--ano-que-vem--sera-no-brasil-,783029,0.htm\"> <strong>Reuni\u00e3o do ano que vem ser\u00e1 no Brasil<\/strong> <\/a><\/p>\n<p>Esse n\u00famero torna os cerca de 30 relat\u00f3rios nacionais \u2013 a serem lidos e discutidos a partir do domingo \u2013 o item mais importante do encontro, ao qual devem comparecer cerca de 500 editores e jornalistas de 30 pa\u00edses.<\/p>\n<p>O documento sobre o Brasil, a ser apresentado por Paulo de Tarso Nogueira, vice-presidente da Comiss\u00e3o de Liberdade de Imprensa da entidade, deve ser um dos primeiros. Nele, o total de crimes e viola\u00e7\u00f5es contra a liberdade de imprensa chega a 23. S\u00e3o 4 assassinatos, 2 pris\u00f5es, 8 agress\u00f5es e 6 novos casos de censura determinada por ju\u00edzes de v\u00e1rios Estados do Pa\u00eds.<\/p>\n<p>Presidida pelo guatemalteco Gonzalo Marroqu\u00edn, editor da revista Siglo 21, a assembleia ser\u00e1 formalmente aberta apenas na segunda-feira, com um discurso do presidente peruano Ollanta Humala. Desde sua campanha presidencial, e nas decis\u00f5es como presidente, ele tem defendido, como prometera, a liberdade de express\u00e3o no Pa\u00eds. Dois ex-chefes de Estado tamb\u00e9m participar\u00e3o do encontro \u2013 Carlos Mesa, da Bol\u00edvia, e Alejandro Toledo, do Peru \u2013 para um painel sobre as rela\u00e7\u00f5es entre jornalismo e pol\u00edtica.<\/p>\n<p>Mas outros temas est\u00e3o no programa dos pr\u00f3ximos cinco dias. Os participantes, que divulgam informa\u00e7\u00e3o para um total de 44 milh\u00f5es de leitores, do Canad\u00e1 \u00e0 Patagonia, v\u00e3o debater tamb\u00e9m, em v\u00e1rios pain\u00e9is, problemas como o papel do celular na cria\u00e7\u00e3o de novos p\u00fablicos e novas fontes de receita e mecanismos legais que os governos t\u00eam utilizado, em tempos recentes, para pressionar a m\u00eddia e criar novas formas de censura.<\/p>\n<p><strong>Programa\u00e7\u00e3o. <\/strong>Dois momentos \u201cquentes\u201d da agenda devem ocorrer na segunda-feira. No primeiro, o criador do WikiLeaks, Julian Assange, participar\u00e1 por teleconfer\u00eancia de uma discuss\u00e3o sobre sua atua\u00e7\u00e3o na divulga\u00e7\u00e3o de dados sigilosos de governos.<\/p>\n<p>No <a href = \"http:\/\/www.estadao.com.br\/noticias\/nacional,sip-debate-violencia-contra-a-imprensa,785023,0.htm\" target = \"_news\"><b>www.estadao.com.br<\/b><\/a><\/p>\n","protected":false},"excerpt":{"rendered":"<p>Relat\u00f3rio dos pa\u00edses ser\u00e3o apresentados na assembleia-geral a partir de domingo; Brasil relata assassinatos, pris\u00f5es, agress\u00f5es e casos de censura Gabriel Manzano \/ ENVIADO ESPECIAL \/ LIMA &#8211; O Estado de S.Paulo A Sociedade Interamericana de Imprensa (SIP), que re\u00fane cerca de 1.300 jornais, come\u00e7a nesta sexta-feira, 14, em Lima, a sua 67.\u00aa Assembleia-Geral, marcada [&hellip;]<\/p>\n","protected":false},"author":2,"featured_media":0,"comment_status":"open","ping_status":"open","sticky":false,"template":"","format":"standard","meta":{"_links_to":"","_links_to_target":""},"categories":[13],"tags":[],"_links":{"self":[{"href":"https:\/\/www.r2cpress.com.br\/v1\/wp-json\/wp\/v2\/posts\/26361"}],"collection":[{"href":"https:\/\/www.r2cpress.com.br\/v1\/wp-json\/wp\/v2\/posts"}],"about":[{"href":"https:\/\/www.r2cpress.com.br\/v1\/wp-json\/wp\/v2\/types\/post"}],"author":[{"embeddable":true,"href":"https:\/\/www.r2cpress.com.br\/v1\/wp-json\/wp\/v2\/users\/2"}],"replies":[{"embeddable":true,"href":"https:\/\/www.r2cpress.com.br\/v1\/wp-json\/wp\/v2\/comments?post=26361"}],"version-history":[{"count":3,"href":"https:\/\/www.r2cpress.com.br\/v1\/wp-json\/wp\/v2\/posts\/26361\/revisions"}],"predecessor-version":[{"id":26367,"href":"https:\/\/www.r2cpress.com.br\/v1\/wp-json\/wp\/v2\/posts\/26361\/revisions\/26367"}],"wp:attachment":[{"href":"https:\/\/www.r2cpress.com.br\/v1\/wp-json\/wp\/v2\/media?parent=26361"}],"wp:term":[{"taxonomy":"category","embeddable":true,"href":"https:\/\/www.r2cpress.com.br\/v1\/wp-json\/wp\/v2\/categories?post=26361"},{"taxonomy":"post_tag","embeddable":true,"href":"https:\/\/www.r2cpress.com.br\/v1\/wp-json\/wp\/v2\/tags?post=26361"}],"curies":[{"name":"wp","href":"https:\/\/api.w.org\/{rel}","templated":true}]}}