{"id":26381,"date":"2011-10-16T17:52:08","date_gmt":"2011-10-16T20:52:08","guid":{"rendered":"http:\/\/www.r2cpress.com.br\/v1\/?p=26381"},"modified":"2011-10-16T18:04:41","modified_gmt":"2011-10-16T21:04:41","slug":"do-fundo-do-bau-de-jose-leite-40","status":"publish","type":"post","link":"https:\/\/www.r2cpress.com.br\/v1\/2011\/10\/16\/do-fundo-do-bau-de-jose-leite-40\/","title":{"rendered":"DO FUNDO DO BA\u00da DE JOS\u00c9 LEITE"},"content":{"rendered":"<p><center><img SRC = \"http:\/\/www.r2cpress.com.br\/v1\/wp-content\/uploads\/tampa-do-ba%C3%BA-com-camisa.jpg\"\/><br \/>\n<strong>1)\tVIAGEM NO TEMPO SOBRE TRILHOS<br \/>\n2)\tNOS MIST\u00c9RIOS DA MA\u00c7\u00d4NARIA (6)<br \/>\n3)\tAS FOTOS DESTAQUES DA SEMANA<\/strong><\/center><\/p>\n<p><!--more--><\/p>\n<p>***<\/p>\n<p><b><center>VIAGEM NO TEMPO SOBRE TRILHOS<\/center><\/b><\/p>\n<p>A viagem no tempo sobre trilhos, ou seja, o passeio num Trem puxado por uma LOCOMOTIVA MARIA FUMA\u00c7A entre as cidades de S\u00e3o Jo\u00e3o del Rei e Tiradentes conduz a caminhos da hist\u00f3ria de Minas Gerais.<\/p>\n<p><center><a href=\"http:\/\/www.r2cpress.com.br\/v1\/wp-content\/uploads\/162.jpg\"><img loading=\"lazy\" src=\"http:\/\/www.r2cpress.com.br\/v1\/wp-content\/uploads\/162-300x185.jpg\" alt=\"\" title=\"\" width=\"300\" height=\"185\" class=\"aligncenter size-medium wp-image-26382\" srcset=\"https:\/\/www.r2cpress.com.br\/v1\/wp-content\/uploads\/162-300x185.jpg 300w, https:\/\/www.r2cpress.com.br\/v1\/wp-content\/uploads\/162.jpg 1015w\" sizes=\"(max-width: 300px) 100vw, 300px\" \/><\/a> <\/center><\/p>\n<div id=\"attachment_26383\" style=\"width: 310px\" class=\"wp-caption aligncenter\"><a href=\"http:\/\/www.r2cpress.com.br\/v1\/wp-content\/uploads\/232.jpg\"><img aria-describedby=\"caption-attachment-26383\" loading=\"lazy\" src=\"http:\/\/www.r2cpress.com.br\/v1\/wp-content\/uploads\/232-300x214.jpg\" alt=\"\" title=\"Esta\u00e7\u00e3o de Trem de S\u00e3o Jo\u00e3o Del Rei. O come\u00e7o do passeio.\" width=\"300\" height=\"214\" class=\"size-medium wp-image-26383\" srcset=\"https:\/\/www.r2cpress.com.br\/v1\/wp-content\/uploads\/232-300x214.jpg 300w, https:\/\/www.r2cpress.com.br\/v1\/wp-content\/uploads\/232.jpg 506w\" sizes=\"(max-width: 300px) 100vw, 300px\" \/><\/a><p id=\"caption-attachment-26383\" class=\"wp-caption-text\">Esta\u00e7\u00e3o de Trem de S\u00e3o Jo\u00e3o Del Rei. O come\u00e7o do passeio.<\/p><\/div>\n<div id=\"attachment_26386\" style=\"width: 310px\" class=\"wp-caption aligncenter\"><a href=\"http:\/\/www.r2cpress.com.br\/v1\/wp-content\/uploads\/333.jpg\"><img aria-describedby=\"caption-attachment-26386\" loading=\"lazy\" src=\"http:\/\/www.r2cpress.com.br\/v1\/wp-content\/uploads\/333-300x212.jpg\" alt=\"\" title=\"Fachada da Rotunda do Complexo Ferrovi\u00e1rio onde s\u00e3o guardadas as Locomotivas antigas em S\u00e3o Jo\u00e3o Del Rei. \" width=\"300\" height=\"212\" class=\"size-medium wp-image-26386\" srcset=\"https:\/\/www.r2cpress.com.br\/v1\/wp-content\/uploads\/333-300x212.jpg 300w, https:\/\/www.r2cpress.com.br\/v1\/wp-content\/uploads\/333.jpg 509w\" sizes=\"(max-width: 300px) 100vw, 300px\" \/><\/a><p id=\"caption-attachment-26386\" class=\"wp-caption-text\">Fachada da Rotunda do Complexo Ferrovi\u00e1rio onde s\u00e3o guardadas as Locomotivas antigas em S\u00e3o Jo\u00e3o Del Rei. <\/p><\/div>\n<div id=\"attachment_26387\" style=\"width: 310px\" class=\"wp-caption aligncenter\"><a href=\"http:\/\/www.r2cpress.com.br\/v1\/wp-content\/uploads\/431.jpg\"><img aria-describedby=\"caption-attachment-26387\" loading=\"lazy\" src=\"http:\/\/www.r2cpress.com.br\/v1\/wp-content\/uploads\/431-300x187.jpg\" alt=\"\" title=\"Interior da Rotunda em S\u00e3o Jo\u00e3o Del Rei que abriga Locomotivas Centen\u00e1rias.\" width=\"300\" height=\"187\" class=\"size-medium wp-image-26387\" srcset=\"https:\/\/www.r2cpress.com.br\/v1\/wp-content\/uploads\/431-300x187.jpg 300w, https:\/\/www.r2cpress.com.br\/v1\/wp-content\/uploads\/431.jpg 1016w\" sizes=\"(max-width: 300px) 100vw, 300px\" \/><\/a><p id=\"caption-attachment-26387\" class=\"wp-caption-text\">Interior da Rotunda em S\u00e3o Jo\u00e3o Del Rei que abriga Locomotivas Centen\u00e1rias.<\/p><\/div>\n<p>Agora se voc\u00ea \u00e9 ilheense e gosta da hist\u00f3ria de Ilh\u00e9us como eu, prepare-se para ficar PERPLEXO, INDIGNADO e com RAIVA.<br \/>\nUma Estrada de Ferro inaugurada no ano de 1911 e se n\u00e3o tivesse acabada (1966) estaria comemorando o seu CENTEN\u00c1RIO esse ano.<br \/>\nUma ESTRADA DE FERRO que teve mais de 95% na participa\u00e7\u00e3o do transporte das Pedras do Espig\u00e3o do Porto de Ilh\u00e9us, transportou o CACAU vindo do interior para ser exportado pelo Porto Antigo, transportou milhares de passageiros e volumes nos seus vag\u00f5es.<br \/>\nAGORA MEUS AMIGOS, QUER SABER O QUE RESTOU DA BONITA HIST\u00d3RIA DA ESTRADA DE FERRO DE ILH\u00c9US? OBSERVE A FOTO ABAIXO&#8230;<\/p>\n<div id=\"attachment_26388\" style=\"width: 310px\" class=\"wp-caption aligncenter\"><a href=\"http:\/\/www.r2cpress.com.br\/v1\/wp-content\/uploads\/531.jpg\"><img aria-describedby=\"caption-attachment-26388\" loading=\"lazy\" src=\"http:\/\/www.r2cpress.com.br\/v1\/wp-content\/uploads\/531-300x216.jpg\" alt=\"\" title=\"Os Restos Mortais da \u00fanica Locomotiva que ficou como Lembran\u00e7a da ESTRADA DE FERRO DE ILH\u00c9US, esta abandonada no Estacionamento de Sucatas da \u201c13\u00aa CIRETRAN DE ILH\u00c9US\u201d no bairro do Iguape. Essa foto foi clicada pelo amigo RAILDO NASCIMENTO em Fevereiro de 2005. Talvez hoje, mais de 6 anos depois, n\u00e3o d\u00ea para se ver mais nada.\" width=\"300\" height=\"216\" class=\"size-medium wp-image-26388\" srcset=\"https:\/\/www.r2cpress.com.br\/v1\/wp-content\/uploads\/531-300x216.jpg 300w, https:\/\/www.r2cpress.com.br\/v1\/wp-content\/uploads\/531-1024x738.jpg 1024w, https:\/\/www.r2cpress.com.br\/v1\/wp-content\/uploads\/531.jpg 1225w\" sizes=\"(max-width: 300px) 100vw, 300px\" \/><\/a><p id=\"caption-attachment-26388\" class=\"wp-caption-text\">Os Restos Mortais da \u00fanica Locomotiva que ficou como Lembran\u00e7a da ESTRADA DE FERRO DE ILH\u00c9US, esta abandonada no Estacionamento de Sucatas da \u201c13\u00aa CIRETRAN DE ILH\u00c9US\u201d no bairro do Iguape. Essa foto foi clicada pelo amigo RAILDO NASCIMENTO em Fevereiro de 2005. Talvez hoje, mais de 6 anos depois, n\u00e3o d\u00ea para se ver mais nada.<\/p><\/div>\n<p><b><center>NOS MIST\u00c9RIOS DA MA\u00c7\u00d4NARIA (6)<\/center><\/b><\/p>\n<div id=\"attachment_26389\" style=\"width: 310px\" class=\"wp-caption aligncenter\"><a href=\"http:\/\/www.r2cpress.com.br\/v1\/wp-content\/uploads\/631.jpg\"><img aria-describedby=\"caption-attachment-26389\" loading=\"lazy\" src=\"http:\/\/www.r2cpress.com.br\/v1\/wp-content\/uploads\/631-300x196.jpg\" alt=\"\" title=\"Reuni\u00e3o na LOJA MA\u00c7\u00d4NICA REGENERA\u00c7\u00c3O SUL BAIANA. Ritual de Inicia\u00e7\u00e3o Ma\u00e7\u00f4nica para adolescentes. (LOWTONS) da esquerda para direita, dois iniciantes: JORGE OCKE (hoje engenheiro importante da ODEBRECHT) e GUSTAVO DINIZ (Empres\u00e1rio em Ilh\u00e9us). Ao fundo tr\u00eas Ma\u00e7ons da velha guarda, os saudosos PROF. H\u00c9LIO MELO, SEU CATELA (ex. Gerente da Loja PERNAMBUCANAS) e o ex. Comerciante FRANCISCO MEDAUAR. (Foto d\u00e9cada de 1970)\" width=\"300\" height=\"196\" class=\"size-medium wp-image-26389\" srcset=\"https:\/\/www.r2cpress.com.br\/v1\/wp-content\/uploads\/631-300x196.jpg 300w, https:\/\/www.r2cpress.com.br\/v1\/wp-content\/uploads\/631.jpg 895w\" sizes=\"(max-width: 300px) 100vw, 300px\" \/><\/a><p id=\"caption-attachment-26389\" class=\"wp-caption-text\">Reuni\u00e3o na LOJA MA\u00c7\u00d4NICA REGENERA\u00c7\u00c3O SUL BAIANA. Ritual de Inicia\u00e7\u00e3o Ma\u00e7\u00f4nica para adolescentes. (LOWTONS) da esquerda para direita, dois iniciantes: JORGE OCKE (hoje engenheiro importante da ODEBRECHT) e GUSTAVO DINIZ (Empres\u00e1rio em Ilh\u00e9us). Ao fundo tr\u00eas Ma\u00e7ons da velha guarda, os saudosos PROF. H\u00c9LIO MELO, SEU CATELA (ex. Gerente da Loja PERNAMBUCANAS) e o ex. Comerciante FRANCISCO MEDAUAR. (Foto d\u00e9cada de 1970)<\/p><\/div>\n<div id=\"attachment_26390\" style=\"width: 310px\" class=\"wp-caption aligncenter\"><a href=\"http:\/\/www.r2cpress.com.br\/v1\/wp-content\/uploads\/731.jpg\"><img aria-describedby=\"caption-attachment-26390\" loading=\"lazy\" src=\"http:\/\/www.r2cpress.com.br\/v1\/wp-content\/uploads\/731-300x196.jpg\" alt=\"\" title=\"Pr\u00e9dio da LOJA MA\u00c7\u00d4NICA HARMONIA E AMOR da cidade de JUAZEIRO \u2013 BAHIA. Pena que o letreiro est\u00e1 descaracterizando a fachada do Pr\u00e9dio. (Foto: 01-09-2011)\" width=\"300\" height=\"196\" class=\"size-medium wp-image-26390\" srcset=\"https:\/\/www.r2cpress.com.br\/v1\/wp-content\/uploads\/731-300x196.jpg 300w, https:\/\/www.r2cpress.com.br\/v1\/wp-content\/uploads\/731.jpg 890w\" sizes=\"(max-width: 300px) 100vw, 300px\" \/><\/a><p id=\"caption-attachment-26390\" class=\"wp-caption-text\">Pr\u00e9dio da LOJA MA\u00c7\u00d4NICA HARMONIA E AMOR da cidade de JUAZEIRO \u2013 BAHIA. Pena que o letreiro est\u00e1 descaracterizando a fachada do Pr\u00e9dio. (Foto: 01-09-2011)<\/p><\/div>\n<div id=\"attachment_26391\" style=\"width: 214px\" class=\"wp-caption aligncenter\"><a href=\"http:\/\/www.r2cpress.com.br\/v1\/wp-content\/uploads\/830.jpg\"><img aria-describedby=\"caption-attachment-26391\" loading=\"lazy\" src=\"http:\/\/www.r2cpress.com.br\/v1\/wp-content\/uploads\/830-204x300.jpg\" alt=\"\" title=\"Pr\u00e9dio da LOJA MA\u00c7\u00d4NICA SEGREDO FOR\u00c7A E UNI\u00c3O tamb\u00e9m na cidade de JUAZEIRO da BAHIA. (Fotos clicadas por Jos\u00e9 Leite em: 01-09-2011)\" width=\"204\" height=\"300\" class=\"size-medium wp-image-26391\" srcset=\"https:\/\/www.r2cpress.com.br\/v1\/wp-content\/uploads\/830-204x300.jpg 204w, https:\/\/www.r2cpress.com.br\/v1\/wp-content\/uploads\/830.jpg 600w\" sizes=\"(max-width: 204px) 100vw, 204px\" \/><\/a><p id=\"caption-attachment-26391\" class=\"wp-caption-text\">Pr\u00e9dio da LOJA MA\u00c7\u00d4NICA SEGREDO FOR\u00c7A E UNI\u00c3O tamb\u00e9m na cidade de JUAZEIRO da BAHIA. (Fotos clicadas por Jos\u00e9 Leite em: 01-09-2011)<\/p><\/div>\n<p><b><center>AS FOTOS DESTAQUES DA SEMANA<\/center><\/b><\/p>\n<div id=\"attachment_26392\" style=\"width: 310px\" class=\"wp-caption aligncenter\"><a href=\"http:\/\/www.r2cpress.com.br\/v1\/wp-content\/uploads\/930.jpg\"><img aria-describedby=\"caption-attachment-26392\" loading=\"lazy\" src=\"http:\/\/www.r2cpress.com.br\/v1\/wp-content\/uploads\/930-300x198.jpg\" alt=\"\" title=\"Parab\u00e9ns para o LIONS CLUBE DE ILH\u00c9US CENTRO, LIONS PONTAL e LIONS NORTE pelo bonito trabalho promovendo o 2\u00b0 MUTIR\u00c3O NACIONAL DA SA\u00daDE DOS LIONS CLUBES. Na foto, 4 Le\u00f5es de fibra, Z\u00c9 CARLOS, JEOV\u00c1 MOURA, GEORGE NOBRE e Prof. JOS\u00c9 VITAL. O evento aconteceu na \u00faltima Sexta Feira (07-10-2011) e teve o apoio da ASSOCIA\u00c7\u00c3O COMERCIAL DE ILH\u00c9US.\" width=\"300\" height=\"198\" class=\"size-medium wp-image-26392\" srcset=\"https:\/\/www.r2cpress.com.br\/v1\/wp-content\/uploads\/930-300x198.jpg 300w, https:\/\/www.r2cpress.com.br\/v1\/wp-content\/uploads\/930.jpg 889w\" sizes=\"(max-width: 300px) 100vw, 300px\" \/><\/a><p id=\"caption-attachment-26392\" class=\"wp-caption-text\">Parab\u00e9ns para o LIONS CLUBE DE ILH\u00c9US CENTRO, LIONS PONTAL e LIONS NORTE pelo bonito trabalho promovendo o 2\u00b0 MUTIR\u00c3O NACIONAL DA SA\u00daDE DOS LIONS CLUBES. Na foto, 4 Le\u00f5es de fibra, Z\u00c9 CARLOS, JEOV\u00c1 MOURA, GEORGE NOBRE e Prof. JOS\u00c9 VITAL. O evento aconteceu na \u00faltima Sexta Feira (07-10-2011) e teve o apoio da ASSOCIA\u00c7\u00c3O COMERCIAL DE ILH\u00c9US.<\/p><\/div>\n<div id=\"attachment_26393\" style=\"width: 310px\" class=\"wp-caption aligncenter\"><a href=\"http:\/\/www.r2cpress.com.br\/v1\/wp-content\/uploads\/1031.jpg\"><img aria-describedby=\"caption-attachment-26393\" loading=\"lazy\" src=\"http:\/\/www.r2cpress.com.br\/v1\/wp-content\/uploads\/1031-300x199.jpg\" alt=\"\" title=\"No MUTIR\u00c3O DA SA\u00daDE DOS LIONS CLUBES destaque para o trabalho das alunas do curso de Enfermagem da FACULDADE MADRE THAIS. Foto clicada por Jos\u00e9 Leite.\" width=\"300\" height=\"199\" class=\"size-medium wp-image-26393\" srcset=\"https:\/\/www.r2cpress.com.br\/v1\/wp-content\/uploads\/1031-300x199.jpg 300w, https:\/\/www.r2cpress.com.br\/v1\/wp-content\/uploads\/1031.jpg 886w\" sizes=\"(max-width: 300px) 100vw, 300px\" \/><\/a><p id=\"caption-attachment-26393\" class=\"wp-caption-text\">No MUTIR\u00c3O DA SA\u00daDE DOS LIONS CLUBES destaque para o trabalho das alunas do curso de Enfermagem da FACULDADE MADRE THAIS. Foto clicada por Jos\u00e9 Leite.<\/p><\/div>\n<div id=\"attachment_26394\" style=\"width: 310px\" class=\"wp-caption aligncenter\"><a href=\"http:\/\/www.r2cpress.com.br\/v1\/wp-content\/uploads\/1133.jpg\"><img aria-describedby=\"caption-attachment-26394\" loading=\"lazy\" src=\"http:\/\/www.r2cpress.com.br\/v1\/wp-content\/uploads\/1133-300x198.jpg\" alt=\"\" title=\"Lembran\u00e7a das \u201cGABRIELAS\u201d do antigo restaurante CABANAS DO MIRANTE do meu amigo HANS SCHEAPPI. Destaque para ALBAGLY, a direita da foto, Ex. Funcion\u00e1ria da \u00d3TICA SAFIRA. (Foto: da d\u00e9cada de 1980)\" width=\"300\" height=\"198\" class=\"size-medium wp-image-26394\" srcset=\"https:\/\/www.r2cpress.com.br\/v1\/wp-content\/uploads\/1133-300x198.jpg 300w, https:\/\/www.r2cpress.com.br\/v1\/wp-content\/uploads\/1133.jpg 893w\" sizes=\"(max-width: 300px) 100vw, 300px\" \/><\/a><p id=\"caption-attachment-26394\" class=\"wp-caption-text\">Lembran\u00e7a das \u201cGABRIELAS\u201d do antigo restaurante CABANAS DO MIRANTE do meu amigo HANS SCHEAPPI. Destaque para ALBAGLY, a direita da foto, Ex. Funcion\u00e1ria da \u00d3TICA SAFIRA. (Foto: da d\u00e9cada de 1980)<\/p><\/div>\n<p><b><center>LEMBRAN\u00c7A DO SAUDOSO AMIGO HELDER<\/center><\/b><\/p>\n<p><center> <a href=\"http:\/\/www.r2cpress.com.br\/v1\/wp-content\/uploads\/1228.jpg\"><img loading=\"lazy\" src=\"http:\/\/www.r2cpress.com.br\/v1\/wp-content\/uploads\/1228-218x300.jpg\" alt=\"\" title=\"\" width=\"218\" height=\"300\" class=\"aligncenter size-medium wp-image-26395\" srcset=\"https:\/\/www.r2cpress.com.br\/v1\/wp-content\/uploads\/1228-218x300.jpg 218w, https:\/\/www.r2cpress.com.br\/v1\/wp-content\/uploads\/1228.jpg 560w\" sizes=\"(max-width: 218px) 100vw, 218px\" \/><\/a><br \/>\n<a href=\"http:\/\/www.r2cpress.com.br\/v1\/wp-content\/uploads\/1322.jpg\"><img loading=\"lazy\" src=\"http:\/\/www.r2cpress.com.br\/v1\/wp-content\/uploads\/1322-211x300.jpg\" alt=\"\" title=\"\" width=\"211\" height=\"300\" class=\"aligncenter size-medium wp-image-26396\" srcset=\"https:\/\/www.r2cpress.com.br\/v1\/wp-content\/uploads\/1322-211x300.jpg 211w, https:\/\/www.r2cpress.com.br\/v1\/wp-content\/uploads\/1322.jpg 548w\" sizes=\"(max-width: 211px) 100vw, 211px\" \/><\/a><\/center><br \/>\n<b><i>Essa bonita mensagem deixada por HELDER, quem sabe algum dia poder\u00e1 ser copiada por todos n\u00f3s.<\/i><\/b><\/p>\n<p><center>E NO MAIS&#8230;<\/center><\/p>\n<p><b><center>ACEITE OS CONSELHOS DO PADRE C\u00cdCERO E VIVA FELIZ MEU AMIGO.<\/center><\/b><\/p>\n<p> <center><a href=\"http:\/\/www.r2cpress.com.br\/v1\/wp-content\/uploads\/1415.jpg\"><img loading=\"lazy\" src=\"http:\/\/www.r2cpress.com.br\/v1\/wp-content\/uploads\/1415-300x197.jpg\" alt=\"\" title=\"\" width=\"300\" height=\"197\" class=\"aligncenter size-medium wp-image-26397\" srcset=\"https:\/\/www.r2cpress.com.br\/v1\/wp-content\/uploads\/1415-300x197.jpg 300w, https:\/\/www.r2cpress.com.br\/v1\/wp-content\/uploads\/1415.jpg 893w\" sizes=\"(max-width: 300px) 100vw, 300px\" \/><\/a><\/center><\/p>\n<p>&#8212;<br \/>\nTexto e fotos: Jos\u00e9 Leite de Souza<br \/>\njleitesouza@hotmail.com<br \/>\n14.10.2011 &#8211; 20 horas.<\/p>\n","protected":false},"excerpt":{"rendered":"<p>1) VIAGEM NO TEMPO SOBRE TRILHOS 2) NOS MIST\u00c9RIOS DA MA\u00c7\u00d4NARIA (6) 3) AS FOTOS DESTAQUES DA SEMANA<\/p>\n","protected":false},"author":2,"featured_media":0,"comment_status":"open","ping_status":"open","sticky":false,"template":"","format":"standard","meta":{"_links_to":"","_links_to_target":""},"categories":[10],"tags":[],"_links":{"self":[{"href":"https:\/\/www.r2cpress.com.br\/v1\/wp-json\/wp\/v2\/posts\/26381"}],"collection":[{"href":"https:\/\/www.r2cpress.com.br\/v1\/wp-json\/wp\/v2\/posts"}],"about":[{"href":"https:\/\/www.r2cpress.com.br\/v1\/wp-json\/wp\/v2\/types\/post"}],"author":[{"embeddable":true,"href":"https:\/\/www.r2cpress.com.br\/v1\/wp-json\/wp\/v2\/users\/2"}],"replies":[{"embeddable":true,"href":"https:\/\/www.r2cpress.com.br\/v1\/wp-json\/wp\/v2\/comments?post=26381"}],"version-history":[{"count":7,"href":"https:\/\/www.r2cpress.com.br\/v1\/wp-json\/wp\/v2\/posts\/26381\/revisions"}],"predecessor-version":[{"id":26408,"href":"https:\/\/www.r2cpress.com.br\/v1\/wp-json\/wp\/v2\/posts\/26381\/revisions\/26408"}],"wp:attachment":[{"href":"https:\/\/www.r2cpress.com.br\/v1\/wp-json\/wp\/v2\/media?parent=26381"}],"wp:term":[{"taxonomy":"category","embeddable":true,"href":"https:\/\/www.r2cpress.com.br\/v1\/wp-json\/wp\/v2\/categories?post=26381"},{"taxonomy":"post_tag","embeddable":true,"href":"https:\/\/www.r2cpress.com.br\/v1\/wp-json\/wp\/v2\/tags?post=26381"}],"curies":[{"name":"wp","href":"https:\/\/api.w.org\/{rel}","templated":true}]}}