{"id":26450,"date":"2011-10-14T19:56:46","date_gmt":"2011-10-14T22:56:46","guid":{"rendered":"http:\/\/www.r2cpress.com.br\/v1\/?p=26450"},"modified":"2011-10-14T19:57:11","modified_gmt":"2011-10-14T22:57:11","slug":"um-mestre-macom-chamado-luiz-gonzaga","status":"publish","type":"post","link":"https:\/\/www.r2cpress.com.br\/v1\/2011\/10\/14\/um-mestre-macom-chamado-luiz-gonzaga\/","title":{"rendered":"Um Mestre Ma\u00e7om chamado Luiz Gonzaga"},"content":{"rendered":"<p><div id=\"attachment_26451\" style=\"width: 247px\" class=\"wp-caption alignleft\"><a href=\"http:\/\/www.r2cpress.com.br\/v1\/wp-content\/uploads\/MONT-CAPA-SITE94.jpg\"><img aria-describedby=\"caption-attachment-26451\" loading=\"lazy\" src=\"http:\/\/www.r2cpress.com.br\/v1\/wp-content\/uploads\/MONT-CAPA-SITE94-237x300.jpg\" alt=\"\" title=\"MONT CAPA SITE\" width=\"237\" height=\"300\" class=\"size-medium wp-image-26451\" srcset=\"https:\/\/www.r2cpress.com.br\/v1\/wp-content\/uploads\/MONT-CAPA-SITE94-237x300.jpg 237w, https:\/\/www.r2cpress.com.br\/v1\/wp-content\/uploads\/MONT-CAPA-SITE94.jpg 450w\" sizes=\"(max-width: 237px) 100vw, 237px\" \/><\/a><p id=\"caption-attachment-26451\" class=\"wp-caption-text\">Clique para AMPLIAR.<\/p><\/div>O Rei do Bai\u00e3o, Luiz Gonzaga, Pernambucano de Exu-PE, viu a Luz na Ma\u00e7onaria no dia 03 de abril de 1971, na Augusta e Respeit\u00e1vel Loja Simb\u00f3lica Paranapuan n\u00ba 1477, Oriente da Ilha do Governador &#8211; RJ, do Rito Moderno ou Franc\u00eas. <\/p>\n<p>No dia 14 de dezembro de 1971, foi Elevado ao Grau de Companheiro Ma\u00e7om e no dia 05 de dezembro de 1973, foi Exaltado ao Grau de Mestre. <\/p>\n<p>Nos Graus Filos\u00f3ficos, foi Iniciado no Grau 04 em 10 de agosto de 1984, no Sublime Cap\u00edtulo Paranapuan, jurisdicionado ao Supremo Conselho do Brasil do Rito Moderno. <\/p>\n<p>A m\u00fasica Ac\u00e1cia Amarela foi composta em 1981; o Irm\u00e3o Luiz Gonzaga achou oportuno fazer uma homenagem a Ma\u00e7onaria e elaborou a letra e o tema musical. <\/p>\n<p>O Irm\u00e3o Orlando Silveira deu algumas sugest\u00f5es e harmonizou a melodia. Encerrado os trabalhos a m\u00fasica foi inclu\u00edda no CD \u201cO Eterno Cantador\u201d do selo BMG-RCA, com arranjo de Orlando Silveira e vocal de Luiz Gonzaga.<\/p>\n<p>&#8212;<br \/>\n<strong>Colaboraram nessa pesquisa os seguintes Ma\u00e7ons:<br \/>\nAntonio Profeta; Charles ; Enault Freitas; Sergio Elvis.<\/strong><\/p>\n","protected":false},"excerpt":{"rendered":"<p>O Rei do Bai\u00e3o, Luiz Gonzaga, Pernambucano de Exu-PE, viu a Luz na Ma\u00e7onaria no dia 03 de abril de 1971, na Augusta e Respeit\u00e1vel Loja Simb\u00f3lica Paranapuan n\u00ba 1477, Oriente da Ilha do Governador &#8211; RJ, do Rito Moderno ou Franc\u00eas. No dia 14 de dezembro de 1971, foi Elevado ao Grau de Companheiro [&hellip;]<\/p>\n","protected":false},"author":2,"featured_media":0,"comment_status":"open","ping_status":"open","sticky":false,"template":"","format":"standard","meta":{"_links_to":"","_links_to_target":""},"categories":[34],"tags":[],"_links":{"self":[{"href":"https:\/\/www.r2cpress.com.br\/v1\/wp-json\/wp\/v2\/posts\/26450"}],"collection":[{"href":"https:\/\/www.r2cpress.com.br\/v1\/wp-json\/wp\/v2\/posts"}],"about":[{"href":"https:\/\/www.r2cpress.com.br\/v1\/wp-json\/wp\/v2\/types\/post"}],"author":[{"embeddable":true,"href":"https:\/\/www.r2cpress.com.br\/v1\/wp-json\/wp\/v2\/users\/2"}],"replies":[{"embeddable":true,"href":"https:\/\/www.r2cpress.com.br\/v1\/wp-json\/wp\/v2\/comments?post=26450"}],"version-history":[{"count":3,"href":"https:\/\/www.r2cpress.com.br\/v1\/wp-json\/wp\/v2\/posts\/26450\/revisions"}],"predecessor-version":[{"id":26454,"href":"https:\/\/www.r2cpress.com.br\/v1\/wp-json\/wp\/v2\/posts\/26450\/revisions\/26454"}],"wp:attachment":[{"href":"https:\/\/www.r2cpress.com.br\/v1\/wp-json\/wp\/v2\/media?parent=26450"}],"wp:term":[{"taxonomy":"category","embeddable":true,"href":"https:\/\/www.r2cpress.com.br\/v1\/wp-json\/wp\/v2\/categories?post=26450"},{"taxonomy":"post_tag","embeddable":true,"href":"https:\/\/www.r2cpress.com.br\/v1\/wp-json\/wp\/v2\/tags?post=26450"}],"curies":[{"name":"wp","href":"https:\/\/api.w.org\/{rel}","templated":true}]}}