{"id":26575,"date":"2011-10-16T18:17:12","date_gmt":"2011-10-16T21:17:12","guid":{"rendered":"http:\/\/www.r2cpress.com.br\/v1\/?p=26575"},"modified":"2011-10-16T18:17:12","modified_gmt":"2011-10-16T21:17:12","slug":"jornalista-detido-na-parada-gay","status":"publish","type":"post","link":"https:\/\/www.r2cpress.com.br\/v1\/2011\/10\/16\/jornalista-detido-na-parada-gay\/","title":{"rendered":"JORNALISTA DETIDO NA PARADA GAY"},"content":{"rendered":"<div>\n<div>16\/out\/2011 . 17:27 | Autor: <a title=\"Autor\" href=\"http:\/\/www.pimenta.blog.br\/#\">Seu Pimenta<\/a><\/div>\n<\/div>\n<p><img loading=\"lazy\" class=\"alignright\" src=\"http:\/\/www.otrombone.com.br\/fotos_noticias\/site_000000000743.jpg\" alt=\"\" width=\"131\" height=\"178\" \/>O jornalista <strong>Ederivaldo Benedito<\/strong> trabalhava na cobertura da Parada Gay de Itabuna, na tarde deste domingo, 16, quando foi detido por policiais militares. Ben\u00e9, como o profissional \u00e9 mais conhecido, registrou cenas da abordagem de dois jovens pelos PMs e estes teriam se incomodado.<\/p>\n<p>Segundo informa\u00e7\u00f5es, os policiais exigiram que o jornalista lhes entregasse a c\u00e2mera fotogr\u00e1fica e ele, naturalmente, recusou-se a faz\u00ea-lo. Acabou recebendo voz de pris\u00e3o e foi levado com algemas para o Complexo Policial de Itabuna.<\/p>\n<p>Mais detalhes em instantes.<\/p>\n","protected":false},"excerpt":{"rendered":"<p>16\/out\/2011 . 17:27 | Autor: Seu Pimenta O jornalista Ederivaldo Benedito trabalhava na cobertura da Parada Gay de Itabuna, na tarde deste domingo, 16, quando foi detido por policiais militares. Ben\u00e9, como o profissional \u00e9 mais conhecido, registrou cenas da abordagem de dois jovens pelos PMs e estes teriam se incomodado. Segundo informa\u00e7\u00f5es, os policiais [&hellip;]<\/p>\n","protected":false},"author":2,"featured_media":0,"comment_status":"open","ping_status":"open","sticky":false,"template":"","format":"standard","meta":{"_links_to":"","_links_to_target":""},"categories":[13],"tags":[],"_links":{"self":[{"href":"https:\/\/www.r2cpress.com.br\/v1\/wp-json\/wp\/v2\/posts\/26575"}],"collection":[{"href":"https:\/\/www.r2cpress.com.br\/v1\/wp-json\/wp\/v2\/posts"}],"about":[{"href":"https:\/\/www.r2cpress.com.br\/v1\/wp-json\/wp\/v2\/types\/post"}],"author":[{"embeddable":true,"href":"https:\/\/www.r2cpress.com.br\/v1\/wp-json\/wp\/v2\/users\/2"}],"replies":[{"embeddable":true,"href":"https:\/\/www.r2cpress.com.br\/v1\/wp-json\/wp\/v2\/comments?post=26575"}],"version-history":[{"count":3,"href":"https:\/\/www.r2cpress.com.br\/v1\/wp-json\/wp\/v2\/posts\/26575\/revisions"}],"predecessor-version":[{"id":26578,"href":"https:\/\/www.r2cpress.com.br\/v1\/wp-json\/wp\/v2\/posts\/26575\/revisions\/26578"}],"wp:attachment":[{"href":"https:\/\/www.r2cpress.com.br\/v1\/wp-json\/wp\/v2\/media?parent=26575"}],"wp:term":[{"taxonomy":"category","embeddable":true,"href":"https:\/\/www.r2cpress.com.br\/v1\/wp-json\/wp\/v2\/categories?post=26575"},{"taxonomy":"post_tag","embeddable":true,"href":"https:\/\/www.r2cpress.com.br\/v1\/wp-json\/wp\/v2\/tags?post=26575"}],"curies":[{"name":"wp","href":"https:\/\/api.w.org\/{rel}","templated":true}]}}