{"id":26585,"date":"2011-10-16T19:40:42","date_gmt":"2011-10-16T22:40:42","guid":{"rendered":"http:\/\/www.r2cpress.com.br\/v1\/?p=26585"},"modified":"2011-10-16T19:40:42","modified_gmt":"2011-10-16T22:40:42","slug":"mais-uma-vez-estamos-a-beira-do-caos","status":"publish","type":"post","link":"https:\/\/www.r2cpress.com.br\/v1\/2011\/10\/16\/mais-uma-vez-estamos-a-beira-do-caos\/","title":{"rendered":"MAIS UMA VEZ ESTAMOS \u00c0 BEIRA DO CAOS"},"content":{"rendered":"<p>Rabat:<\/p>\n<p>As fotos a seguir que foram tiradas por volta das 16:00 horas de hoje, dia 16.10.2011, mostram a cal\u00e7ada do Est\u00e1dio Mario Pessoa que, como diria meu saudoso pai, Rodolfo Mascarenhas, que se vivo estivesse hoje faria 107 anos, est\u00e1 EM PETI\u00c7\u00c3O DE MIS\u00c9RIA. Mostram tamb\u00e9m que, em pleno domingo, temos lixo espalhado por todos lados.<br \/>\n<center><a href=\"http:\/\/www.r2cpress.com.br\/v1\/wp-content\/uploads\/masca-lixo-mato-mario-pessoa-mont-450.jpg\"><img loading=\"lazy\" src=\"http:\/\/www.r2cpress.com.br\/v1\/wp-content\/uploads\/masca-lixo-mato-mario-pessoa-mont-450.jpg\" alt=\"\" title=\"masca lixo mato mario pessoa  mont 450\" width=\"450\" height=\"694\" class=\"aligncenter size-full wp-image-26586\" srcset=\"https:\/\/www.r2cpress.com.br\/v1\/wp-content\/uploads\/masca-lixo-mato-mario-pessoa-mont-450.jpg 450w, https:\/\/www.r2cpress.com.br\/v1\/wp-content\/uploads\/masca-lixo-mato-mario-pessoa-mont-450-194x300.jpg 194w\" sizes=\"(max-width: 450px) 100vw, 450px\" \/><\/a><\/center><br \/>\nEsta situa\u00e7\u00e3o que ocorre no Centro e se repete em v\u00e1rios bairros da cidade, nos leva a fazer a seguinte pergunta: COMO PODEMOS CLASSIFICAR UM GOVERNO QUE SEQUER CONSEGUE RECOLHER O LIXO GERADO PELO POVO DA CIDADE?<\/p>\n<p>Carlos da Silva Mascarenhas<br \/>\ncarlos.consultic@gmail.com<\/p>\n","protected":false},"excerpt":{"rendered":"<p>Rabat: As fotos a seguir que foram tiradas por volta das 16:00 horas de hoje, dia 16.10.2011, mostram a cal\u00e7ada do Est\u00e1dio Mario Pessoa que, como diria meu saudoso pai, Rodolfo Mascarenhas, que se vivo estivesse hoje faria 107 anos, est\u00e1 EM PETI\u00c7\u00c3O DE MIS\u00c9RIA. Mostram tamb\u00e9m que, em pleno domingo, temos lixo espalhado por [&hellip;]<\/p>\n","protected":false},"author":2,"featured_media":0,"comment_status":"open","ping_status":"open","sticky":false,"template":"","format":"standard","meta":{"_links_to":"","_links_to_target":""},"categories":[10],"tags":[],"_links":{"self":[{"href":"https:\/\/www.r2cpress.com.br\/v1\/wp-json\/wp\/v2\/posts\/26585"}],"collection":[{"href":"https:\/\/www.r2cpress.com.br\/v1\/wp-json\/wp\/v2\/posts"}],"about":[{"href":"https:\/\/www.r2cpress.com.br\/v1\/wp-json\/wp\/v2\/types\/post"}],"author":[{"embeddable":true,"href":"https:\/\/www.r2cpress.com.br\/v1\/wp-json\/wp\/v2\/users\/2"}],"replies":[{"embeddable":true,"href":"https:\/\/www.r2cpress.com.br\/v1\/wp-json\/wp\/v2\/comments?post=26585"}],"version-history":[{"count":2,"href":"https:\/\/www.r2cpress.com.br\/v1\/wp-json\/wp\/v2\/posts\/26585\/revisions"}],"predecessor-version":[{"id":26588,"href":"https:\/\/www.r2cpress.com.br\/v1\/wp-json\/wp\/v2\/posts\/26585\/revisions\/26588"}],"wp:attachment":[{"href":"https:\/\/www.r2cpress.com.br\/v1\/wp-json\/wp\/v2\/media?parent=26585"}],"wp:term":[{"taxonomy":"category","embeddable":true,"href":"https:\/\/www.r2cpress.com.br\/v1\/wp-json\/wp\/v2\/categories?post=26585"},{"taxonomy":"post_tag","embeddable":true,"href":"https:\/\/www.r2cpress.com.br\/v1\/wp-json\/wp\/v2\/tags?post=26585"}],"curies":[{"name":"wp","href":"https:\/\/api.w.org\/{rel}","templated":true}]}}