{"id":26607,"date":"2011-10-17T12:19:54","date_gmt":"2011-10-17T14:19:54","guid":{"rendered":"http:\/\/www.r2cpress.com.br\/v1\/?p=26607"},"modified":"2011-10-17T12:19:54","modified_gmt":"2011-10-17T14:19:54","slug":"nota-publica-6","status":"publish","type":"post","link":"https:\/\/www.r2cpress.com.br\/v1\/2011\/10\/17\/nota-publica-6\/","title":{"rendered":"Nota P\u00fablica"},"content":{"rendered":"<p align=\"center\">\n<p><center><a href=\"http:\/\/www.r2cpress.com.br\/v1\/wp-content\/uploads\/cabe%C3%A7alho-sinjorba.jpg\"><img loading=\"lazy\" class=\"aligncenter size-full wp-image-26608\" title=\"cabe\u00e7alho sinjorba\" src=\"http:\/\/www.r2cpress.com.br\/v1\/wp-content\/uploads\/cabe%C3%A7alho-sinjorba.jpg\" alt=\"\" width=\"450\" height=\"54\" \/><\/a><\/center><\/p>\n<p align=\"center\">\n<p>&nbsp;<\/p>\n<p>O Sindicato dos Jornalistas Profissionais no Estado da Bahia vem a p\u00fablico repudiar a agress\u00e3o sofrida pelo jornalista Ederivaldo Benedito dos Santos por prepostos da Pol\u00edcia Militar da Bahia durante a cobertura da Parada da Diversidade realizada na tarde do \u00faltimo domingo, 16 de outubro, na cidade de Itabuna, que violenta a liberdade de imprensa e o livre exerc\u00edcio profissional.<\/p>\n<p>No momento em que o jornalista registrava uma abordagem policial, ele foi tratado com trucul\u00eancia por soldados da PM, que o xingaram e exigiram que deletasse as imagens feitas. Diante da negativa, os policiais tomaram a sua m\u00e1quina fotogr\u00e1fica, o algemaram e lhe conduziram \u00e0 Delegacia, numa clara demonstra\u00e7\u00e3o de despreparo para o exerc\u00edcio de suas fun\u00e7\u00f5es.<\/p>\n<p>A a\u00e7\u00e3o policial foi repudiada pela popula\u00e7\u00e3o que assistiu aos procedimentos dos policiais envolvidos e pelos mais diversos segmentos da sociedade organizada. O jornalista Ederivaldo Benedito sofreu agress\u00e3o e constrangimento moral por parte de prepostos da Seguran\u00e7a P\u00fablica, cujo comportamento afronta os preceitos constitucionais a favor da liberdade de express\u00e3o.<\/p>\n<p>Diante do ocorrido, o Sinjorba presta sua solidariedade ao profissional de imprensa e requer \u00e0s autoridades competentes da Pol\u00edcia Militar e da Secretaria de Seguran\u00e7a P\u00fablica a rigorosa apura\u00e7\u00e3o dos fatos e a puni\u00e7\u00e3o dos respons\u00e1veis pela agress\u00e3o.<\/p>\n<p>Itabuna, 17 de outubro de 2011.<\/p>\n<p>A Diretoria<\/p>\n<p>&nbsp;<\/p>\n","protected":false},"excerpt":{"rendered":"<p>&nbsp; O Sindicato dos Jornalistas Profissionais no Estado da Bahia vem a p\u00fablico repudiar a agress\u00e3o sofrida pelo jornalista Ederivaldo Benedito dos Santos por prepostos da Pol\u00edcia Militar da Bahia durante a cobertura da Parada da Diversidade realizada na tarde do \u00faltimo domingo, 16 de outubro, na cidade de Itabuna, que violenta a liberdade de [&hellip;]<\/p>\n","protected":false},"author":2,"featured_media":0,"comment_status":"open","ping_status":"open","sticky":false,"template":"","format":"standard","meta":{"_links_to":"","_links_to_target":""},"categories":[13],"tags":[],"_links":{"self":[{"href":"https:\/\/www.r2cpress.com.br\/v1\/wp-json\/wp\/v2\/posts\/26607"}],"collection":[{"href":"https:\/\/www.r2cpress.com.br\/v1\/wp-json\/wp\/v2\/posts"}],"about":[{"href":"https:\/\/www.r2cpress.com.br\/v1\/wp-json\/wp\/v2\/types\/post"}],"author":[{"embeddable":true,"href":"https:\/\/www.r2cpress.com.br\/v1\/wp-json\/wp\/v2\/users\/2"}],"replies":[{"embeddable":true,"href":"https:\/\/www.r2cpress.com.br\/v1\/wp-json\/wp\/v2\/comments?post=26607"}],"version-history":[{"count":3,"href":"https:\/\/www.r2cpress.com.br\/v1\/wp-json\/wp\/v2\/posts\/26607\/revisions"}],"predecessor-version":[{"id":26611,"href":"https:\/\/www.r2cpress.com.br\/v1\/wp-json\/wp\/v2\/posts\/26607\/revisions\/26611"}],"wp:attachment":[{"href":"https:\/\/www.r2cpress.com.br\/v1\/wp-json\/wp\/v2\/media?parent=26607"}],"wp:term":[{"taxonomy":"category","embeddable":true,"href":"https:\/\/www.r2cpress.com.br\/v1\/wp-json\/wp\/v2\/categories?post=26607"},{"taxonomy":"post_tag","embeddable":true,"href":"https:\/\/www.r2cpress.com.br\/v1\/wp-json\/wp\/v2\/tags?post=26607"}],"curies":[{"name":"wp","href":"https:\/\/api.w.org\/{rel}","templated":true}]}}