{"id":26615,"date":"2011-10-17T12:34:44","date_gmt":"2011-10-17T14:34:44","guid":{"rendered":"http:\/\/www.r2cpress.com.br\/v1\/?p=26615"},"modified":"2011-10-17T12:34:44","modified_gmt":"2011-10-17T14:34:44","slug":"nota-oficial-3","status":"publish","type":"post","link":"https:\/\/www.r2cpress.com.br\/v1\/2011\/10\/17\/nota-oficial-3\/","title":{"rendered":"NOTA OFICIAL"},"content":{"rendered":"<p style=\"text-align: center;\"><center><a href=\"http:\/\/www.r2cpress.com.br\/v1\/wp-content\/uploads\/abi_logo.jpg\"><img loading=\"lazy\" class=\"aligncenter size-full wp-image-26616\" title=\"abi_logo\" src=\"http:\/\/www.r2cpress.com.br\/v1\/wp-content\/uploads\/abi_logo.jpg\" alt=\"\" width=\"110\" height=\"119\" \/><\/a><\/center><strong><center>NOTA OFICIAL<\/center><\/strong><\/p>\n<p><em>A Diretoria da Associa\u00e7\u00e3o Bahiana de Imprensa &#8211; Seccional Sul, solidariza-se com o associado <strong>Ederivaldo Benedito dos Santos<\/strong>, que no exerc\u00edcio profissional teve cerceada, com a apreens\u00e3o do equipamento e pris\u00e3o tempor\u00e1ria, a sua leg\u00edtima atividade, por prepostos da Pol\u00edcia Militar da Bahia, quando fotografava uma a\u00e7\u00e3o policial, na tarde do \u00faltimo dia 16.10.2011, na Av. M\u00e1rio Padre, na cidade de Itabuna.<\/em><\/p>\n<p><em>Exige do Comando da PM em Itabuna que fa\u00e7a uma apura\u00e7\u00e3o rigorosa dos fatos, inclusive quanto \u00e0 deten\u00e7\u00e3o arbitr\u00e1ria do referido jornalista que foi algemado e levado a um posto policial, punindo, se for o caso, os policiais envolvidos na a\u00e7\u00e3o.<\/em><\/p>\n<p><em>O livre exerc\u00edcio profissional, garantido pela Constitui\u00e7\u00e3o Federal, sofreu assim uma agress\u00e3o inomin\u00e1vel, nos remetendo a tristes fatos de passado recente, que esper\u00e1vamos j\u00e1 terem sido banidos da hist\u00f3ria de nosso pa\u00eds.<\/em><\/p>\n<p><em>Ademais, estamos notificando o fato \u00e0 ABI Estadual e Nacional e aos ve\u00edculos de comunica\u00e7\u00e3o, no sentido de provid\u00eancias sobre o lament\u00e1vel incidente.<\/em><\/p>\n<p align=\"center\"><em>\u00a0<\/em><\/p>\n<p align=\"center\"><em>Ilh\u00e9us (BA), 17 de outubro de 2011<\/em><\/p>\n<p align=\"center\"><em>\u00a0<\/em><\/p>\n<p align=\"center\"><em>Associa\u00e7\u00e3o Bahiana de Imprensa-Seccional Sul<\/em><\/p>\n","protected":false},"excerpt":{"rendered":"<p>NOTA OFICIAL A Diretoria da Associa\u00e7\u00e3o Bahiana de Imprensa &#8211; Seccional Sul, solidariza-se com o associado Ederivaldo Benedito dos Santos, que no exerc\u00edcio profissional teve cerceada, com a apreens\u00e3o do equipamento e pris\u00e3o tempor\u00e1ria, a sua leg\u00edtima atividade, por prepostos da Pol\u00edcia Militar da Bahia, quando fotografava uma a\u00e7\u00e3o policial, na tarde do \u00faltimo dia [&hellip;]<\/p>\n","protected":false},"author":2,"featured_media":0,"comment_status":"open","ping_status":"open","sticky":false,"template":"","format":"standard","meta":{"_links_to":"","_links_to_target":""},"categories":[15],"tags":[],"_links":{"self":[{"href":"https:\/\/www.r2cpress.com.br\/v1\/wp-json\/wp\/v2\/posts\/26615"}],"collection":[{"href":"https:\/\/www.r2cpress.com.br\/v1\/wp-json\/wp\/v2\/posts"}],"about":[{"href":"https:\/\/www.r2cpress.com.br\/v1\/wp-json\/wp\/v2\/types\/post"}],"author":[{"embeddable":true,"href":"https:\/\/www.r2cpress.com.br\/v1\/wp-json\/wp\/v2\/users\/2"}],"replies":[{"embeddable":true,"href":"https:\/\/www.r2cpress.com.br\/v1\/wp-json\/wp\/v2\/comments?post=26615"}],"version-history":[{"count":4,"href":"https:\/\/www.r2cpress.com.br\/v1\/wp-json\/wp\/v2\/posts\/26615\/revisions"}],"predecessor-version":[{"id":26620,"href":"https:\/\/www.r2cpress.com.br\/v1\/wp-json\/wp\/v2\/posts\/26615\/revisions\/26620"}],"wp:attachment":[{"href":"https:\/\/www.r2cpress.com.br\/v1\/wp-json\/wp\/v2\/media?parent=26615"}],"wp:term":[{"taxonomy":"category","embeddable":true,"href":"https:\/\/www.r2cpress.com.br\/v1\/wp-json\/wp\/v2\/categories?post=26615"},{"taxonomy":"post_tag","embeddable":true,"href":"https:\/\/www.r2cpress.com.br\/v1\/wp-json\/wp\/v2\/tags?post=26615"}],"curies":[{"name":"wp","href":"https:\/\/api.w.org\/{rel}","templated":true}]}}