{"id":26621,"date":"2011-10-17T18:29:07","date_gmt":"2011-10-17T20:29:07","guid":{"rendered":"http:\/\/www.r2cpress.com.br\/v1\/?p=26621"},"modified":"2011-10-17T18:29:07","modified_gmt":"2011-10-17T20:29:07","slug":"prefeitura-municipal-de-ilheus-217","status":"publish","type":"post","link":"https:\/\/www.r2cpress.com.br\/v1\/2011\/10\/17\/prefeitura-municipal-de-ilheus-217\/","title":{"rendered":"Prefeitura Municipal de Ilh\u00e9us"},"content":{"rendered":"<p>Newton vistoria obras de pavimenta\u00e7\u00e3o   da Rua do Ouro, no bairro Salobrinho<br \/>\nAlbino Rubim abre a II Confer\u00eancia Territorial de Cultural em Ilh\u00e9us<br \/>\nAPPM E Ilh\u00e9us far\u00e3o a grande decis\u00e3o do campeonato amador do munic\u00edpio<br \/>\nGabriel Fonseca deixa o cargo de secret\u00e1rio de Administra\u00e7\u00e3o de Ilh\u00e9us<br \/>\nComiss\u00e3o discute \u00faltimos detalhes para o Simulado de inc\u00eandio  <\/p>\n<p><!--more--><\/p>\n<p>***<\/p>\n<p><strong>Newton vistoria obras de pavimenta\u00e7\u00e3o   da Rua do Ouro, no bairro Salobrinho<\/strong><\/p>\n<p>                      O prefeito de Ilh\u00e9us, Newton Lima, tirou a tarde do \u00faltimo s\u00e1bado, 15, para fazer uma longa visita ao bairro do Salobrinho, sendo acompanhado pelo secret\u00e1rio de Desenvolvimento Urbano, Gerson Marques, e pelo vereador Tarc\u00edsio Paix\u00e3o, respons\u00e1vel pela agenda. Entre os principais enfoques da visita, conhecer o funcionamento do projeto Cri\u2019art, da Congrega\u00e7\u00e3o Palotina; realizar ampla vistoria nas obras de pavimenta\u00e7\u00e3o da Rua do Ouro, e participar da inaugura\u00e7\u00e3o de um parque recreativo.<br \/>\n                       RUA DO OURO \u2013 Uma das mais antigas reivindica\u00e7\u00f5es dos moradores,a pavimenta\u00e7\u00e3o da Rua do Ouro, a paralelos, inclui ainda a manuten\u00e7\u00e3o da rede de drenagem pluvial,com substitui\u00e7\u00e3o de manilhas, constru\u00e7\u00e3o de caixas de passagem de \u00e1gua e tamb\u00e9m pequenas encostas.Mesmo com os servi\u00e7os bastante adiantados,o prefeito Newton Lima  afirmou aos moradores que ir\u00e1 determinar um ritmo mais acelerado, pois com 405 metros de extens\u00e3o, a rua \u00e9 totalmente habitada por resid\u00eancias, contando com muitas crian\u00e7as e idosos.<br \/>\n                       A obra de pavimenta\u00e7\u00e3o da Rua do Ouro,vem sendo realizada com recursos pr\u00f3prios do munic\u00edpio, e, segundo o vereador Tarc\u00edsio Paix\u00e3o, residente no bairro, v\u00e1rios administradores anteriores j\u00e1 haviam prometido promover esta importante melhoria, mas nunca cumpriram com o acordado, \u201cmas, felizmente, agora,com o prefeito Newton Lima tivemos as condi\u00e7\u00f5es de atender a esta justa reivindica\u00e7\u00e3o da nossa popula\u00e7\u00e3o\u201d, afirmou.<br \/>\n                      CRI\u2019ART \u2013 Fundada em 2010 pela Congrega\u00e7\u00e3o Palotina, a Cri\u2019Art \u00e9 um projeto de cunho social que atende 120 crian\u00e7as em situa\u00e7\u00e3o de risco residentes no bairro do Salobrinho, sob a coordena\u00e7\u00e3o das irm\u00e3s Eunice Petrin, Maria Creusa Lib\u00f3rio e Irene G\u00f3es Corr\u00eaa, tendo como objetivos formar e educar. Nas suas modernas e amplas instala\u00e7\u00f5es, s\u00e3o realizadas as seguintes atividades: refor\u00e7o escolar, com inform\u00e1tica, artesanato, coral, dan\u00e7a, esporte e recrea\u00e7\u00e3o.<br \/>\n                       E ainda: educa\u00e7\u00e3o religiosa e humana, al\u00e9m de educa\u00e7\u00e3o para os valores e teatro. De acordo com a irm\u00e3 Irene G\u00f3es, a Cri\u2019Art conta com uma equipe fixa de educadores que trabalha com as crian\u00e7as no contra turno escolar, o que possibilita um aprendizado continuado, \u201c e a presen\u00e7a do prefeito  e do vereador nos anima muito,pois temos v\u00e1rios outros projetos que queremos colocar em pr\u00e1tica, inclusive aumentando o n\u00famero de crian\u00e7as atendidas\u201d, disse.<br \/>\n                       PARQUE \u2013 J\u00e1 o Parque Recreativo foi idealizado pelo vereador Tarcis\u00edo Paix\u00e3o, e contou com o apoio da Prefeitura que instalou poste p\u00fablico de ilumina\u00e7\u00e3o e colaborou com a aquisi\u00e7\u00e3o dos equipamentos de divers\u00e3o infantil. A novidade atraiu a aten\u00e7\u00e3o de crian\u00e7as da localidade que, durante todo dia aproveitaram para brincar, recebendo ainda v\u00e1rias guloseimas.<\/p>\n<p><strong>Albino Rubim abre a II Confer\u00eancia Territorial de Cultural em Ilh\u00e9us<\/strong><\/p>\n<p>Ilh\u00e9us est\u00e1 sediando a II Confer\u00eancia Territorial de Cultura do Litoral Sul. No \u00faltimo domingo (16) o secret\u00e1rio de Cultura do Estado da Bahia, Albino Rubim, esteve na cidade para participar da abertura do evento, realizada no Teatro Municipal de Ilh\u00e9us. O prefeito Newton Lima, autoridades locais, dirigentes de cultura dos 26 munic\u00edpios que comp\u00f5em a \u00e1rea do territ\u00f3rio Litoral Sul, artistas, t\u00e9cnicos, delegados eleitos nas confer\u00eancias municipais e comunidade em geral estiveram presentes na abertura da confer\u00eancia, que prosseguiu nesta segunda-feira (17), com diversas atividades.<\/p>\n<p>Durante a abertura, o secret\u00e1rio Albino Rubim fez quest\u00e3o de salientar a import\u00e2ncia da realiza\u00e7\u00e3o das etapas territoriais, como forma de estimular a participa\u00e7\u00e3o mais efetiva de seus representantes, garantindo que pol\u00edticas p\u00fablicas sejam discutidas e pensadas no \u00e2mbito regional. \u201cA diversidade da Bahia imp\u00f5em ao estado a necessidade de uma atua\u00e7\u00e3o regionalizada em seus diferentes territ\u00f3rios e que o territ\u00f3rio s\u00f3 pode ser imaginado considerando o sentimento de pertencimento dos munic\u00edpios e cidad\u00e3os em rela\u00e7\u00e3o ao seu territ\u00f3rio\u201d, afirmou.<\/p>\n<p>J\u00e1 o prefeito Newton Lima ressaltou o posicionamento de destaque que Ilh\u00e9us vem adquirindo, tornando-se refer\u00eancia para outros munic\u00edpios. \u201cAl\u00e9m de contribuir para fortalecer os projetos ligados \u00e0 cultura em outros munic\u00edpios, Ilh\u00e9us vem atuando de maneira a agregar os dirigentes culturais em torno da discuss\u00e3o de pol\u00edticas p\u00fablicas, que venham \u00e0 refletir em melhorias efetivas de acesso, manuten\u00e7\u00e3o e est\u00edmulo da cultura de cada munic\u00edpio\u201d. O presidente da Funda\u00e7\u00e3o Cultural de Ilh\u00e9us, Maur\u00edcio Corso enfatizou que a Confer\u00eancia Territorial tem um papel fundamental dentro desse processo de constru\u00e7\u00e3o das a\u00e7\u00f5es que ir\u00e3o nortear as pol\u00edticas p\u00fablicas relativas \u00e0 cultura no estado, \u201cj\u00e1 que cada munic\u00edpio conhece suas necessidades e muitas delas s\u00e3o comuns \u00e0 outros munic\u00edpios, que juntos podem lutar pela implanta\u00e7\u00e3o dessas a\u00e7\u00f5es\u201d. <\/p>\n<p>No segundo dia da Confer\u00eancia Territorial, a programa\u00e7\u00e3o foi aberta com exibi\u00e7\u00e3o de v\u00eddeo sobre a metodologia da confer\u00eancia. Em seguida, ocorreu a forma\u00e7\u00e3o dos grupos de trabalhos, que se dividiram em seis eixos: Express\u00f5es Art\u00edsticas; Patrim\u00f4nio e Mem\u00f3ria; Pensamento e Leitura; Transversalidade da Cultura; Gest\u00e3o da Cultura; Redes Produtivas e Servi\u00e7os Criativos. A prioriza\u00e7\u00e3o dos projetos para o territ\u00f3rio, a elabora\u00e7\u00e3o dos projetos, plen\u00e1ria para a socializa\u00e7\u00e3o dos projetos e elei\u00e7\u00e3o dos delegados que representar\u00e3o o territ\u00f3rio Litoral Sul na Confer\u00eancia Estadual de Cultura \u2013 que ser\u00e1 realizada entre os dias 30 de novembro e 3 de dezembro em Salvador \u2013 tamb\u00e9m fizeram parte da pauta do segundo dia do evento.<\/p>\n<p><strong>APPM E Ilh\u00e9us far\u00e3o a grande decis\u00e3o do campeonato amador do munic\u00edpio<\/strong><\/p>\n<p>A grande final do Campeonato Amador de Ilh\u00e9us foi definida na \u00faltima quinta-feira (13) quando a equipe do Ilh\u00e9us goleou por 5 a 1 o time de Juerana. Na ter\u00e7a-feira (11), a representa\u00e7\u00e3o da APPM (Associa\u00e7\u00e3o dos Pra\u00e7as da Pol\u00edcia Militar) j\u00e1 havia garantido lugar na decis\u00e3o ao vencer o time do Santa F\u00e9 pelo el\u00e1stico placar de 7 a 1. As equipes finalistas estar\u00e3o decidindo o Campeonato Amador no Est\u00e1dio M\u00e1rio Pessoa em data e hor\u00e1rios ainda a serem definidos.<\/p>\n<p>A parceria da Prefeitura Municipal, por meio da Superintend\u00eancia de Esportes, com a Liga Ilheense de Futebol visando \u00e0 reedi\u00e7\u00e3o do campeonato amador da cidade deu certo. Considerado de grande import\u00e2ncia para incrementar a atividade esportiva no munic\u00edpio, o certame conseguiu promover, sempre \u00e0s ter\u00e7as e quintas-feiras, no Est\u00e1dio M\u00e1rio Pessoa, rodadas de grande emo\u00e7\u00e3o<\/p>\n<p>De acordo com Alberto Kruschewsky, superintendente municipal de Esportes, foi importante que o Campeonato Amador tenha acontecido este ano, abrilhantando ainda mais a programa\u00e7\u00e3o esportiva de Ilh\u00e9us 2011. \u201cNesse sentido, \u00e9 importante dizer que os dirigentes da Liga, que seguem confiando no apoio do prefeito Newton Lima ao esporte em geral, continuam trabalhando para que o evento tenha sucesso at\u00e9 o fim e, com isso, possa ser reeditado   no pr\u00f3ximo ano\u201d, completa o superintendente de Esportes da Prefeitura.<\/p>\n<p><strong>Gabriel Fonseca deixa o cargo de secret\u00e1rio de Administra\u00e7\u00e3o de Ilh\u00e9us <\/strong><\/p>\n<p>               O secret\u00e1rio de Administra\u00e7\u00e3o da Prefeitura de Ilh\u00e9us, Gabriel Fonseca Ferreira, deixou o cargo a pedido, em raz\u00e3o de compromissos profissionais diversos fora da administra\u00e7\u00e3o p\u00fablica. O an\u00fancio do seu desligamento foi feito na tarde desta segunda-feira, 17, pelo prefeito Newton Lima.<\/p>\n<p>                  Gabriel Fonseca agradeceu a oportunidade de trabalhar na administra\u00e7\u00e3o municipal e afirmou deixar o cargo para se dedicar aos neg\u00f3cios particulares, cujas exig\u00eancias o impedem de prosseguir na fun\u00e7\u00e3o p\u00fablica. Gabriel tem escrit\u00f3rio de advocacia na cidade de Ilh\u00e9us.<\/p>\n<p>                 O prefeito disse entender as raz\u00f5es e que \u201cpor vezes, \u00e9 dif\u00edcil conciliar a vida profissional com os cargos pol\u00edticos\u201d, ressaltando a lealdade e o empenho de Gabriel \u00e0 frente da Secretaria de Administra\u00e7\u00e3o, com que servira ao governo e \u00e0 popula\u00e7\u00e3o de modo geral.<\/p>\n<p><strong>Comiss\u00e3o discute \u00faltimos detalhes para o Simulado de inc\u00eandio  <\/strong><\/p>\n<p>Os \u00faltimos detalhes sobre o simulado de inc\u00eandio que ser\u00e1 realizado no Instituto Municipal de Ensino (IME) Eus\u00ednio Lavigne, nesta quarta-feira (19), a partir das 15h, foram discutidos na manh\u00e3 desta segunda-feira (17) pelos representantes dos \u00f5rg\u00e3os e entidades que comp\u00f5em a comiss\u00e3o respons\u00e1vel pelo evento. Esclarecer d\u00favidas foi o principal objetivo da reuni\u00e3o, coordenada pela representante da 8\u00aa Promotoria de Justi\u00e7a, a promotora p\u00fablica Karina Cherubini. <\/p>\n<p>Posicionamento das tendas de atendimento e das viaturas, isolamento do p\u00fablico, descolamento das v\u00edtimas e das ambul\u00e2ncias, checagem de material para maquiagens e a participa\u00e7\u00e3o de cada entidade envolvida na a\u00e7\u00e3o foram alguns dos pontos abordados durante o encontro, realizado numa das salas do IME. A a\u00e7\u00e3o, segundo o coordenador do evento, o superintendente da Infraero em Ilh\u00e9us, Jo\u00e3o Bezerra, visa aproximar-se ao m\u00e1ximo de uma situa\u00e7\u00e3o real, \u201cchamando a aten\u00e7\u00e3o da popula\u00e7\u00e3o sobre a necessidade de saber como agir em situa\u00e7\u00f5es emergenciais\u201d.<\/p>\n<p>Al\u00e9m de mobilizar a popula\u00e7\u00e3o, o simulado de inc\u00eandio, que consiste numa das atividades do Programa \u201cMP (Minist\u00e9rio P\u00fablico) e os Objetivos do Mil\u00eanio: Sa\u00fade e Educa\u00e7\u00e3o de qualidade para todos\u201d, visa contribuir para a implanta\u00e7\u00e3o de sistemas de preven\u00e7\u00e3o de inc\u00eandio e controle de p\u00e2nico nas escolas. Desde o in\u00edcio do ano, o 5\u00ba Grupamento de Bombeiros Militares, numa parceria com a secretaria municipal de Educa\u00e7\u00e3o, vem promovendo palestras nas escolas tendo como foco a preven\u00e7\u00e3o de inc\u00eandios e de situa\u00e7\u00f5es de p\u00e2nico.<\/p>\n<p>Cerca de 40 alunos da 7\u00aa s\u00e9rie G participar\u00e3o diretamente da simula\u00e7\u00e3o do inc\u00eandio, cujo atendimento ser\u00e1 feito por equipes do 5\u00ba Grupamento de Bombeiros Militares e do Servi\u00e7o de Atendimento M\u00f3vel de Urg\u00eancia (Samu\/192). J\u00e1 o isolamento e controle do tr\u00e1fego ser\u00e3o coordenados por equipes das 68\u00aa, 69\u00ba e 70\u00ba Companhias Independentes da Pol\u00edcia Militar, Rondesp, 18\u00aa CSM, Secretaria de Seguran\u00e7a, Transporte e Tr\u00e2nsito, com o apoio do efetivo da guarda municipal. Assistentes sociais e psic\u00f3logos da secretaria municipal de sa\u00fade e estudantes do curso de enfermagem da Faculdade de Ilh\u00e9us, tamb\u00e9m participam do evento.<\/p>\n<p>Um plano emergencial de tr\u00e1fego que prev\u00ea a mudan\u00e7a no trecho compreendido entre o cruzamento da av. Canavieiras com a av. Osvaldo Cruz (nas imedia\u00e7\u00f5es do IME e do Gin\u00e1sio de Esportes Herval Soledade) foi elaborado pela Defesa Civ\u00edl do munic\u00edpio em parceria com a Setrans e divulgado na \u00faltima semana com o objetivo de evitar o congestionamento na \u00e1rea pr\u00f3xima ao simulado, garantindo que as atividades, principalmente as de deslocamento, do simulado n\u00e3o sejam comprometidas. O bloqueio ser\u00e1 realizado das 12h \u00e0s 18h do dia 19 e durante este per\u00edodo tamb\u00e9m ficar\u00e1 proibido o estacionamento de ve\u00edculos na Rua 14 de agosto (rua da entrada principal do Est\u00e1dio M\u00e1rio Pessoa). Um mapa que mostra todas as altera\u00e7\u00f5es feitas naquela \u00e1rea para o dia do Simulado pode ser acessado no endere\u00e7o eletr\u00f4nico: http:\/\/setrans.ilheus.ba.gov.br\/mapa_simulacao_de_incendio.pdf.<\/p>\n<p>Coletiva de imprensa \u2013 Logo ap\u00f3s o simulado de inc\u00eandio, por volta das 16h, ser\u00e1 realizada no audit\u00f3rio do IME. O coordenador do simulado, o representante da Infraero, Jo\u00e3o Bezerra, juntamente com a promotora Karina Cherubini, os secret\u00e1rios municipais Marcelo Barreto (Seg. Transporte e Tr\u00e2nsito) e Lidiney Campos (Educa\u00e7\u00e3o), conceder\u00e3o entrevista \u00e0 imprensa e ao p\u00fablico em geral visando explanar os objetivos e o resultado da a\u00e7\u00e3o.  <\/p>\n<p>Tamb\u00e9m participam do simulado de inc\u00eandio representantes do Conselho Municipal de Sa\u00fade, secretarias de educa\u00e7\u00e3o, sa\u00fade, turismo e Departamento de Pol\u00edcia T\u00e9cnica (DPT) da Pol\u00edcia Civil, Infraero, Defesa Civil e conselho municipal de Sa\u00fade. <\/p>\n","protected":false},"excerpt":{"rendered":"<p>Newton vistoria obras de pavimenta\u00e7\u00e3o da Rua do Ouro, no bairro Salobrinho Albino Rubim abre a II Confer\u00eancia Territorial de Cultural em Ilh\u00e9us APPM E Ilh\u00e9us far\u00e3o a grande decis\u00e3o do campeonato amador do munic\u00edpio Gabriel Fonseca deixa o cargo de secret\u00e1rio de Administra\u00e7\u00e3o de Ilh\u00e9us Comiss\u00e3o discute \u00faltimos detalhes para o Simulado de inc\u00eandio<\/p>\n","protected":false},"author":2,"featured_media":0,"comment_status":"open","ping_status":"open","sticky":false,"template":"","format":"standard","meta":{"_links_to":"","_links_to_target":""},"categories":[23],"tags":[],"_links":{"self":[{"href":"https:\/\/www.r2cpress.com.br\/v1\/wp-json\/wp\/v2\/posts\/26621"}],"collection":[{"href":"https:\/\/www.r2cpress.com.br\/v1\/wp-json\/wp\/v2\/posts"}],"about":[{"href":"https:\/\/www.r2cpress.com.br\/v1\/wp-json\/wp\/v2\/types\/post"}],"author":[{"embeddable":true,"href":"https:\/\/www.r2cpress.com.br\/v1\/wp-json\/wp\/v2\/users\/2"}],"replies":[{"embeddable":true,"href":"https:\/\/www.r2cpress.com.br\/v1\/wp-json\/wp\/v2\/comments?post=26621"}],"version-history":[{"count":2,"href":"https:\/\/www.r2cpress.com.br\/v1\/wp-json\/wp\/v2\/posts\/26621\/revisions"}],"predecessor-version":[{"id":26623,"href":"https:\/\/www.r2cpress.com.br\/v1\/wp-json\/wp\/v2\/posts\/26621\/revisions\/26623"}],"wp:attachment":[{"href":"https:\/\/www.r2cpress.com.br\/v1\/wp-json\/wp\/v2\/media?parent=26621"}],"wp:term":[{"taxonomy":"category","embeddable":true,"href":"https:\/\/www.r2cpress.com.br\/v1\/wp-json\/wp\/v2\/categories?post=26621"},{"taxonomy":"post_tag","embeddable":true,"href":"https:\/\/www.r2cpress.com.br\/v1\/wp-json\/wp\/v2\/tags?post=26621"}],"curies":[{"name":"wp","href":"https:\/\/api.w.org\/{rel}","templated":true}]}}