{"id":26624,"date":"2011-10-17T18:38:34","date_gmt":"2011-10-17T20:38:34","guid":{"rendered":"http:\/\/www.r2cpress.com.br\/v1\/?p=26624"},"modified":"2011-10-17T18:38:34","modified_gmt":"2011-10-17T20:38:34","slug":"cade-a-ponte","status":"publish","type":"post","link":"https:\/\/www.r2cpress.com.br\/v1\/2011\/10\/17\/cade-a-ponte\/","title":{"rendered":"Cad\u00ea a Ponte ?"},"content":{"rendered":"<p><strong><\/strong><span style=\"font-family: Calibri; font-size: small;\"><img loading=\"lazy\" class=\"alignleft\" src=\"http:\/\/www.r2cpress.com.br\/v1\/wp-content\/uploads\/rodrigo-lagu%C3%A1rdia.jpg\" alt=\"\" width=\"300\" height=\"135\" \/>Meu querido Rabat, este texto n\u00e3o \u00e9 mais um relato sobre nossa necessidade em termos uma nova ponte ou sobre as promessas j\u00e1 feitas ou qualquer outro tipo de informa\u00e7\u00e3o. Este texto refere-se a uma convoca\u00e7\u00e3o !<\/span><\/p>\n<p><span style=\"font-family: Calibri; font-size: small;\">\u00a0Hoje ao ir trabalhar vi no fundo de um veiculo um adesivo, bem parecido com o desenho acima que tentei reproduzir, l\u00f3gico que o original \u00e9 bem mais bonito, mas o importante \u00e9 a mensagem. Pois bem, esta foto acima representa o adesivo que visualizei hoje e me deixou bastante surpreso e sensibilizado, n\u00e3o s\u00f3 pelo \u201cslogan\u201d mais por toda a simbologia por tr\u00e1s que de certa forma demonstra uma reivindica\u00e7\u00e3o do povo Ilheense.<\/span><\/p>\n<p><span style=\"font-family: Calibri; font-size: small;\">\u00a0Gostaria muito de tomar a frente deste desafio que \u00e9 lutar para termos uma nova ponte o quanto antes. O ver\u00e3o chega h\u00e1 dois meses praticamente e o caos tomar\u00e1 conta do transito de Ilh\u00e9us novamente. Se iniciarmos a ponte no inicio do ano que vem ela ficar\u00e1 pronta em aproximadamente 2 anos, ou seja, em 2013. Por isso a urg\u00eancia, n\u00e3o podemos mais prorrogar esta necessidade crucial para nossa cidade !<\/span><\/p>\n<p><span style=\"font-family: Calibri; font-size: small;\">\u00a0Estamos \u00e0 beira de deixarmos Ilhada uma popula\u00e7\u00e3o de mais de 50 mil pessoas que moram na zona sul de Ilh\u00e9us por qualquer evento que aconte\u00e7a nesta ponte atual e impe\u00e7a sua travessia. Uma travessia que pode ser feita de 10 a 15 minutos, por\u00e9m nos hor\u00e1rios de pico n\u00e3o fazemos por menos de 40 minutos a 01 hora.<\/span><\/p>\n<p><span style=\"font-family: Calibri; font-size: small;\">\u00a0N\u00e3o d\u00e1 mais para reclamar, para pedir, para falar ou escrever&#8230; Precisamos de A\u00c7\u00c3O ! Por motivos pessoas n\u00e3o posso efetivamente est\u00e1 \u00e0 frente desta mobiliza\u00e7\u00e3o, por\u00e9m lan\u00e7o aqui um desafio, junto a um ou uns candidatos de nossa cidade, pois j\u00e1 estou tendo conhecimento de nomes sendo divulgados em campanha, a comprarem esta briga e fazerem algo concreto\u00a0por esta causa. <\/span><\/p>\n<p><span style=\"font-family: Calibri; font-size: small;\">\u00a0<\/span><\/p>\n<p><span style=\"font-family: Calibri; font-size: small;\"><a href=\"http:\/\/www.r2cpress.com.br\/v1\/wp-content\/uploads\/cade-a-ponte.jpg\"><img loading=\"lazy\" class=\"alignleft size-medium wp-image-26625\" title=\"cade a ponte\" src=\"http:\/\/www.r2cpress.com.br\/v1\/wp-content\/uploads\/cade-a-ponte-300x243.jpg\" alt=\"\" width=\"300\" height=\"243\" srcset=\"https:\/\/www.r2cpress.com.br\/v1\/wp-content\/uploads\/cade-a-ponte-300x243.jpg 300w, https:\/\/www.r2cpress.com.br\/v1\/wp-content\/uploads\/cade-a-ponte.jpg 680w\" sizes=\"(max-width: 300px) 100vw, 300px\" \/><\/a><\/span><span style=\"font-family: Calibri; font-size: small;\">Gostaria de ver este adesivo que tentei copiar acima em quase todos os ve\u00edculos dos Ilheenses como uma reivindica\u00e7\u00e3o em massa. Espero tamb\u00e9m que as entidades sociais, as associa\u00e7\u00f5es, os comerciantes, as entidades de classe e os cidad\u00e3os ilheenses de uma maneira em geral, as ONGs que de certa forma patrocinem este adesivo, fa\u00e7am outdoor, camisas, panfletos, faixas, etc&#8230; Vamos parar a Avenida Lomanto J\u00fanior, uma vez por m\u00eas durante 2 horas com manifesta\u00e7\u00f5es, vamos chamar as TVs Cabr\u00e1lia, Santa Cruz&#8230; Vamos fazer algo !<\/span><\/p>\n<p><span style=\"font-family: Calibri; font-size: small;\">Precisamos mostrar pela primeira vez que o povo de Ilh\u00e9us tem VOZ, que cobra de seus candidatos eleitos uma defini\u00e7\u00e3o r\u00e1pida, urgente para este problema que tanto foi prometido em campanha, nas elei\u00e7\u00f5es passadas, que seria solucionado.<\/span><\/p>\n<p><span style=\"font-family: Calibri; font-size: small;\">\u00a0Que este texto toque o cora\u00e7\u00e3o de algu\u00e9m ou alguns que de alguma maneira tomem a frente desta causa nobre, pois \u00e9 para o bem de muitos, de toda uma cidade e de seus visitantes, caso n\u00e3o seja feito alguma a\u00e7\u00e3o mais radical, esta ponte ficar\u00e1 pronta apenas em 2020 e as conseq\u00fc\u00eancias ser\u00e3o sofr\u00edveis para todos at\u00e9 l\u00e1.<\/span><\/p>\n<p><span style=\"font-family: Calibri; font-size: small;\">\u00a0Esta causa n\u00e3o pode ser mais tema de campanha, pois j\u00e1 foi nas elei\u00e7\u00f5es passadas. Precisamos concretizar o que foi prometido, o que \u00e9 uma necessidade real para todos os Ilheenses. Por\u00e9m, para aquele pretendente a pol\u00edtico seja do Legislativo ou Executivo, que realmente se comprometer em tornar esta promessa realidade\u00a0ser\u00e1 bastante bem visto\u00a0por mim e por muitos\u00a0outros eleitores. Pense nisso !!!<\/span><\/p>\n<p>&nbsp;<\/p>\n<p><span style=\"font-family: Calibri; font-size: small;\">Ab\u00e7s;<\/span><\/p>\n<p><span style=\"font-family: Calibri; font-size: small;\">Rodrigo<\/span><\/p>\n","protected":false},"excerpt":{"rendered":"<p>Meu querido Rabat, este texto n\u00e3o \u00e9 mais um relato sobre nossa necessidade em termos uma nova ponte ou sobre as promessas j\u00e1 feitas ou qualquer outro tipo de informa\u00e7\u00e3o. Este texto refere-se a uma convoca\u00e7\u00e3o ! \u00a0Hoje ao ir trabalhar vi no fundo de um veiculo um adesivo, bem parecido com o desenho acima [&hellip;]<\/p>\n","protected":false},"author":2,"featured_media":0,"comment_status":"open","ping_status":"open","sticky":false,"template":"","format":"standard","meta":{"_links_to":"","_links_to_target":""},"categories":[1],"tags":[],"_links":{"self":[{"href":"https:\/\/www.r2cpress.com.br\/v1\/wp-json\/wp\/v2\/posts\/26624"}],"collection":[{"href":"https:\/\/www.r2cpress.com.br\/v1\/wp-json\/wp\/v2\/posts"}],"about":[{"href":"https:\/\/www.r2cpress.com.br\/v1\/wp-json\/wp\/v2\/types\/post"}],"author":[{"embeddable":true,"href":"https:\/\/www.r2cpress.com.br\/v1\/wp-json\/wp\/v2\/users\/2"}],"replies":[{"embeddable":true,"href":"https:\/\/www.r2cpress.com.br\/v1\/wp-json\/wp\/v2\/comments?post=26624"}],"version-history":[{"count":4,"href":"https:\/\/www.r2cpress.com.br\/v1\/wp-json\/wp\/v2\/posts\/26624\/revisions"}],"predecessor-version":[{"id":26629,"href":"https:\/\/www.r2cpress.com.br\/v1\/wp-json\/wp\/v2\/posts\/26624\/revisions\/26629"}],"wp:attachment":[{"href":"https:\/\/www.r2cpress.com.br\/v1\/wp-json\/wp\/v2\/media?parent=26624"}],"wp:term":[{"taxonomy":"category","embeddable":true,"href":"https:\/\/www.r2cpress.com.br\/v1\/wp-json\/wp\/v2\/categories?post=26624"},{"taxonomy":"post_tag","embeddable":true,"href":"https:\/\/www.r2cpress.com.br\/v1\/wp-json\/wp\/v2\/tags?post=26624"}],"curies":[{"name":"wp","href":"https:\/\/api.w.org\/{rel}","templated":true}]}}