{"id":26638,"date":"2011-10-17T19:47:44","date_gmt":"2011-10-17T21:47:44","guid":{"rendered":"http:\/\/www.r2cpress.com.br\/v1\/?p=26638"},"modified":"2011-10-17T19:47:44","modified_gmt":"2011-10-17T21:47:44","slug":"a-saudade-continua","status":"publish","type":"post","link":"https:\/\/www.r2cpress.com.br\/v1\/2011\/10\/17\/a-saudade-continua\/","title":{"rendered":"A SAUDADE CONTINUA"},"content":{"rendered":"<p>Nesta segunda-feira resolvemos aproveitar o feriado e decidimos ir at\u00e9 o local do acidente em que o nosso eterno amigo <b>JAYRO SEIXAS,<\/b>encerrou a sua miss\u00e3o aqui na terra.<br \/>\n<center><a href=\"http:\/\/www.r2cpress.com.br\/v1\/wp-content\/uploads\/JAYR\u00c3O-CRUZ-ZECARLOS.jpg\"><img loading=\"lazy\" src=\"http:\/\/www.r2cpress.com.br\/v1\/wp-content\/uploads\/JAYR\u00c3O-CRUZ-ZECARLOS.jpg\" alt=\"\" title=\"JAYR\u00c3O CRUZ ZECARLOS\" width=\"450\" height=\"575\" class=\"aligncenter size-full wp-image-26639\" srcset=\"https:\/\/www.r2cpress.com.br\/v1\/wp-content\/uploads\/JAYR\u00c3O-CRUZ-ZECARLOS.jpg 450w, https:\/\/www.r2cpress.com.br\/v1\/wp-content\/uploads\/JAYR\u00c3O-CRUZ-ZECARLOS-234x300.jpg 234w\" sizes=\"(max-width: 450px) 100vw, 450px\" \/><\/a><\/center><br \/>\nFoi uma viagem movida a muita emo\u00e7\u00e3o, pois ainda sentimos e vamos continuar a sentir a falta deste grande amigo e irm\u00e3o.<br \/>\n\u00c9 dif\u00edcil nos reunir, fazer a chamada e n\u00e3o ouvir a voz de JAYR\u00c3O respondendo presente, pois o SIM ele dizia para todas as a\u00e7\u00f5es que realizou na sua vida.<br \/>\nO que nos conforta \u00e9 ouvir em todos os lugares e ambientes as manifesta\u00e7\u00f5es de carinho das in\u00fameras pessoas que tiveram o prazer de conhecer e conviver com JAYR\u00c3O.<br \/>\nEste retorno ao local do tr\u00e1gico acidente, com a presen\u00e7a de amigos e do nosso Padre Jo\u00e3o Oiticica, fincamos uma cruz para simbolizar uma homenagem p\u00f3stuma a este querido amigo.<br \/>\nQue o Grande Arquiteto do Universo, na sua infinita Sabedoria, derrame suas b\u00ean\u00e7\u00e3os e luzes no acolhimento eterno do amigo JAYR\u00c3O.<br \/>\n<b>Z\u00c9CARLOS JUNIOR<\/b><\/p>\n","protected":false},"excerpt":{"rendered":"<p>Nesta segunda-feira resolvemos aproveitar o feriado e decidimos ir at\u00e9 o local do acidente em que o nosso eterno amigo JAYRO SEIXAS,encerrou a sua miss\u00e3o aqui na terra. Foi uma viagem movida a muita emo\u00e7\u00e3o, pois ainda sentimos e vamos continuar a sentir a falta deste grande amigo e irm\u00e3o. \u00c9 dif\u00edcil nos reunir, fazer [&hellip;]<\/p>\n","protected":false},"author":2,"featured_media":0,"comment_status":"open","ping_status":"open","sticky":false,"template":"","format":"standard","meta":{"_links_to":"","_links_to_target":""},"categories":[10],"tags":[],"_links":{"self":[{"href":"https:\/\/www.r2cpress.com.br\/v1\/wp-json\/wp\/v2\/posts\/26638"}],"collection":[{"href":"https:\/\/www.r2cpress.com.br\/v1\/wp-json\/wp\/v2\/posts"}],"about":[{"href":"https:\/\/www.r2cpress.com.br\/v1\/wp-json\/wp\/v2\/types\/post"}],"author":[{"embeddable":true,"href":"https:\/\/www.r2cpress.com.br\/v1\/wp-json\/wp\/v2\/users\/2"}],"replies":[{"embeddable":true,"href":"https:\/\/www.r2cpress.com.br\/v1\/wp-json\/wp\/v2\/comments?post=26638"}],"version-history":[{"count":3,"href":"https:\/\/www.r2cpress.com.br\/v1\/wp-json\/wp\/v2\/posts\/26638\/revisions"}],"predecessor-version":[{"id":26642,"href":"https:\/\/www.r2cpress.com.br\/v1\/wp-json\/wp\/v2\/posts\/26638\/revisions\/26642"}],"wp:attachment":[{"href":"https:\/\/www.r2cpress.com.br\/v1\/wp-json\/wp\/v2\/media?parent=26638"}],"wp:term":[{"taxonomy":"category","embeddable":true,"href":"https:\/\/www.r2cpress.com.br\/v1\/wp-json\/wp\/v2\/categories?post=26638"},{"taxonomy":"post_tag","embeddable":true,"href":"https:\/\/www.r2cpress.com.br\/v1\/wp-json\/wp\/v2\/tags?post=26638"}],"curies":[{"name":"wp","href":"https:\/\/api.w.org\/{rel}","templated":true}]}}