{"id":26655,"date":"2011-10-18T10:18:21","date_gmt":"2011-10-18T12:18:21","guid":{"rendered":"http:\/\/www.r2cpress.com.br\/v1\/?p=26655"},"modified":"2011-10-18T10:20:37","modified_gmt":"2011-10-18T12:20:37","slug":"nota-a-imprensa-3","status":"publish","type":"post","link":"https:\/\/www.r2cpress.com.br\/v1\/2011\/10\/18\/nota-a-imprensa-3\/","title":{"rendered":"Nota \u00e0 imprensa"},"content":{"rendered":"<p>GOVERNO DO ESTADO DA BAHIA<\/p>\n<p>SECRETARIA DA SEGURAN\u00c7A P\u00daBLICA<\/p>\n<p><strong><em><a href=\"http:\/\/www.ssp.ba.gov.br\/\" target=\"_blank\">www.ssp.ba.gov.br<\/a><\/em><\/strong><\/p>\n<p align=\"center\">\u00a0Nota \u00e0 imprensa<\/p>\n<p>A Secretaria da Seguran\u00e7a P\u00fablica (SSP) informa que a Pol\u00edcia Militar instaurou sindic\u00e2ncia para apurar as circunst\u00e2ncias da pris\u00e3o do jornalista Ederivaldo Benedito dos Santos, ontem (dia 16), durante a 8\u00aa Parada Gay na cidade de Itabuna.<br \/>\n<b><center><strong>\u00a0<\/strong>Assessoria de Comunica\u00e7\u00e3o Social<\/center><\/b><\/p>\n","protected":false},"excerpt":{"rendered":"<p>GOVERNO DO ESTADO DA BAHIA SECRETARIA DA SEGURAN\u00c7A P\u00daBLICA www.ssp.ba.gov.br \u00a0Nota \u00e0 imprensa A Secretaria da Seguran\u00e7a P\u00fablica (SSP) informa que a Pol\u00edcia Militar instaurou sindic\u00e2ncia para apurar as circunst\u00e2ncias da pris\u00e3o do jornalista Ederivaldo Benedito dos Santos, ontem (dia 16), durante a 8\u00aa Parada Gay na cidade de Itabuna. \u00a0Assessoria de Comunica\u00e7\u00e3o Social<\/p>\n","protected":false},"author":2,"featured_media":0,"comment_status":"open","ping_status":"open","sticky":false,"template":"","format":"standard","meta":{"_links_to":"","_links_to_target":""},"categories":[29],"tags":[],"_links":{"self":[{"href":"https:\/\/www.r2cpress.com.br\/v1\/wp-json\/wp\/v2\/posts\/26655"}],"collection":[{"href":"https:\/\/www.r2cpress.com.br\/v1\/wp-json\/wp\/v2\/posts"}],"about":[{"href":"https:\/\/www.r2cpress.com.br\/v1\/wp-json\/wp\/v2\/types\/post"}],"author":[{"embeddable":true,"href":"https:\/\/www.r2cpress.com.br\/v1\/wp-json\/wp\/v2\/users\/2"}],"replies":[{"embeddable":true,"href":"https:\/\/www.r2cpress.com.br\/v1\/wp-json\/wp\/v2\/comments?post=26655"}],"version-history":[{"count":4,"href":"https:\/\/www.r2cpress.com.br\/v1\/wp-json\/wp\/v2\/posts\/26655\/revisions"}],"predecessor-version":[{"id":26658,"href":"https:\/\/www.r2cpress.com.br\/v1\/wp-json\/wp\/v2\/posts\/26655\/revisions\/26658"}],"wp:attachment":[{"href":"https:\/\/www.r2cpress.com.br\/v1\/wp-json\/wp\/v2\/media?parent=26655"}],"wp:term":[{"taxonomy":"category","embeddable":true,"href":"https:\/\/www.r2cpress.com.br\/v1\/wp-json\/wp\/v2\/categories?post=26655"},{"taxonomy":"post_tag","embeddable":true,"href":"https:\/\/www.r2cpress.com.br\/v1\/wp-json\/wp\/v2\/tags?post=26655"}],"curies":[{"name":"wp","href":"https:\/\/api.w.org\/{rel}","templated":true}]}}