{"id":26872,"date":"2011-10-21T09:52:51","date_gmt":"2011-10-21T11:52:51","guid":{"rendered":"http:\/\/www.r2cpress.com.br\/v1\/?p=26872"},"modified":"2011-10-21T09:52:51","modified_gmt":"2011-10-21T11:52:51","slug":"peto-da-69%c2%aa-cipm-aprende-mais-tres-armas","status":"publish","type":"post","link":"https:\/\/www.r2cpress.com.br\/v1\/2011\/10\/21\/peto-da-69%c2%aa-cipm-aprende-mais-tres-armas\/","title":{"rendered":"PETO DA 69\u00aa CIPM APRENDE MAIS TR\u00caS ARMAS"},"content":{"rendered":"<p>Ontem (20) por volta das 11 horas o Pelot\u00e3o Especial da 69\u00aa CIPM estava realizando ronda pela zona rural da zona sul de Ilh\u00e9us nas proximidades da fazenda Baga\u00e7o Grosso no ramal Gravat\u00e1, quando foi surpreendida por disparos de arma de fogo.<\/p>\n<div id=\"attachment_26873\" style=\"width: 460px\" class=\"wp-caption aligncenter\"><a href=\"http:\/\/www.r2cpress.com.br\/v1\/wp-content\/uploads\/Danilo-com-as-armas.jpg\"><img aria-describedby=\"caption-attachment-26873\" loading=\"lazy\" class=\"size-full wp-image-26873\" title=\"Danilo com as armas\" src=\"http:\/\/www.r2cpress.com.br\/v1\/wp-content\/uploads\/Danilo-com-as-armas.jpg\" alt=\"\" width=\"450\" height=\"329\" srcset=\"https:\/\/www.r2cpress.com.br\/v1\/wp-content\/uploads\/Danilo-com-as-armas.jpg 450w, https:\/\/www.r2cpress.com.br\/v1\/wp-content\/uploads\/Danilo-com-as-armas-300x219.jpg 300w\" sizes=\"(max-width: 450px) 100vw, 450px\" \/><\/a><p id=\"caption-attachment-26873\" class=\"wp-caption-text\">Danilo com as armas<\/p><\/div>\n<p>A guarni\u00e7\u00e3o trocou tiros com os suspeitos e conseguiu prender Danilo Santos Reis, que estava em posse de duas espingardas de fabrica\u00e7\u00e3o artesanal e um rev\u00f3lver Taurus calibre 32. Os outros tr\u00eas elementos, que segundo Danilo, se chama Galego, Rodrigo e \u201cBuz\u00fa\u201d, conseguiram<br \/>\nfugir.<\/p>\n<p>Uma menor de nome Jocemery foi atingida por um disparo no cotovelo, e a guarni\u00e7\u00e3o prestou socorro levando-a para o hospital regional. Ela passa bem e est\u00e1 fora de perigo.<\/p>\n<p>Danilo foi apresentado na 7\u00aa COORPIN.<br \/>\nA 69\u00aa CIPM disponibiliza os contatos do disk den\u00fancia, e pede que a popula\u00e7\u00e3o entre em contato e d\u00ea informa\u00e7\u00f5es para que os outros elementos sejam capturados. TEL: (73) 3632-6610 e email:<\/p>\n<p><a href=\"mailto:denunciazonasul@gmail.com\">denunciazonasul@gmail.com<\/a>.<\/p>\n<p>&#8212;<\/p>\n<p><strong><span style=\"color: #888888;\">ASCOM 69\u00aa CIPM<\/span><\/strong><\/p>\n","protected":false},"excerpt":{"rendered":"<p>Ontem (20) por volta das 11 horas o Pelot\u00e3o Especial da 69\u00aa CIPM estava realizando ronda pela zona rural da zona sul de Ilh\u00e9us nas proximidades da fazenda Baga\u00e7o Grosso no ramal Gravat\u00e1, quando foi surpreendida por disparos de arma de fogo. A guarni\u00e7\u00e3o trocou tiros com os suspeitos e conseguiu prender Danilo Santos Reis, [&hellip;]<\/p>\n","protected":false},"author":2,"featured_media":0,"comment_status":"open","ping_status":"open","sticky":false,"template":"","format":"standard","meta":{"_links_to":"","_links_to_target":""},"categories":[25],"tags":[],"_links":{"self":[{"href":"https:\/\/www.r2cpress.com.br\/v1\/wp-json\/wp\/v2\/posts\/26872"}],"collection":[{"href":"https:\/\/www.r2cpress.com.br\/v1\/wp-json\/wp\/v2\/posts"}],"about":[{"href":"https:\/\/www.r2cpress.com.br\/v1\/wp-json\/wp\/v2\/types\/post"}],"author":[{"embeddable":true,"href":"https:\/\/www.r2cpress.com.br\/v1\/wp-json\/wp\/v2\/users\/2"}],"replies":[{"embeddable":true,"href":"https:\/\/www.r2cpress.com.br\/v1\/wp-json\/wp\/v2\/comments?post=26872"}],"version-history":[{"count":3,"href":"https:\/\/www.r2cpress.com.br\/v1\/wp-json\/wp\/v2\/posts\/26872\/revisions"}],"predecessor-version":[{"id":26876,"href":"https:\/\/www.r2cpress.com.br\/v1\/wp-json\/wp\/v2\/posts\/26872\/revisions\/26876"}],"wp:attachment":[{"href":"https:\/\/www.r2cpress.com.br\/v1\/wp-json\/wp\/v2\/media?parent=26872"}],"wp:term":[{"taxonomy":"category","embeddable":true,"href":"https:\/\/www.r2cpress.com.br\/v1\/wp-json\/wp\/v2\/categories?post=26872"},{"taxonomy":"post_tag","embeddable":true,"href":"https:\/\/www.r2cpress.com.br\/v1\/wp-json\/wp\/v2\/tags?post=26872"}],"curies":[{"name":"wp","href":"https:\/\/api.w.org\/{rel}","templated":true}]}}