{"id":27086,"date":"2011-10-23T13:34:15","date_gmt":"2011-10-23T15:34:15","guid":{"rendered":"http:\/\/www.r2cpress.com.br\/v1\/?p=27086"},"modified":"2011-10-23T13:34:15","modified_gmt":"2011-10-23T15:34:15","slug":"silvio-carioca-trocou-tiro-com-a-rondesp-e-se-deu-mal","status":"publish","type":"post","link":"https:\/\/www.r2cpress.com.br\/v1\/2011\/10\/23\/silvio-carioca-trocou-tiro-com-a-rondesp-e-se-deu-mal\/","title":{"rendered":"SILVIO CARIOCA TROCOU TIRO COM A RONDESP E SE DEU MAL"},"content":{"rendered":"<p><center><a href=\"http:\/\/www.r2cpress.com.br\/v1\/wp-content\/uploads\/LOGO-RONDESP.jpg\"><img loading=\"lazy\" class=\"aligncenter size-full wp-image-27087\" title=\"LOGO RONDESP\" src=\"http:\/\/www.r2cpress.com.br\/v1\/wp-content\/uploads\/LOGO-RONDESP.jpg\" alt=\"\" width=\"200\" height=\"150\" \/><\/a><\/center><\/p>\n<p align=\"center\"><strong>\u00a0<\/strong><strong><\/strong><strong>POL\u00cdCIA MILITAR DA BAHIA<\/strong><\/p>\n<p align=\"center\"><strong>COMANDO DE POLICIAMENTO REGIONAL SUL\/ ITABUNA<\/strong><\/p>\n<p align=\"center\"><strong>\u00a0 COMPANHIA INDEPENDENTE DE POLICIAMENTO T\u00c1TICO\/ILH\u00c9US<\/strong><\/p>\n<p><strong><center>RELEASE 002\/OUT\/2011<\/center><\/strong><\/p>\n<p align=\"left\"><strong>\u00a0\u00a0\u00a0\u00a0\u00a0\u00a0\u00a0\u00a0\u00a0\u00a0\u00a0\u00a0\u00a0\u00a0\u00a0\u00a0\u00a0\u00a0\u00a0\u00a0\u00a0\u00a0\u00a0 <\/strong><\/p>\n<p align=\"center\"><strong>SILVIO CARIOCA TROCOU TIRO COM A RONDESP E SE DEU MAL<\/strong><\/p>\n<p align=\"center\"><strong>\u00a0<\/strong><\/p>\n<p>Informo que ontem (22) por volta das 21h30 a guarni\u00e7\u00e3o da RONDESP 01 recebeu informa\u00e7\u00f5es de populares, que havia um elemento de prenome Silvio, armado e traficando drogas no bairro do Nelson Costa em Ilh\u00e9us.<\/p>\n<p>Ao chegar ao local nas proximidades do Bar de Tei\u00fa, localizaram o elemento que ao avistar a presen\u00e7a da guarni\u00e7\u00e3o evadiu-se, ficando abrigado dentro de uma casa. Logo que a guarni\u00e7\u00e3o tentava realizar a tomada do im\u00f3vel foi surpreendida por disparos de arma de fogo havendo o revide, vindo o mesmo a ser baleado. Foi prestado o socorro at\u00e9 o HGLVF atendido pelo m\u00e9dico Pedro Roberto Silva e Silva por volta das 21h50, que constatou o \u00f3bito.<\/p>\n<p>O Elemento foi identificado como Silvio Cesar Batista, vulgo \u201cCarioca\u201d que tem varias passagens pelo pres\u00eddio e suspeito de diversos homic\u00eddios na referida cidade e bra\u00e7o direito do traficante Marcelo do Nascimento, vulgo \u201cCelo\u201d ou \u201cBola\u201d. Dentro da casa foi encontrado 27 trouxinhas de coca\u00edna, 41 pedras de Crack, uma pedra de Crack pesando 207gramas, 156 gramas de maconha prensada, uma balan\u00e7a de precis\u00e3o, 256 gramas de borra de Crack, material para embalagem das drogas , R$ 36.00 em c\u00e9dulas e R$525.35 em moedas al\u00e9m de uma cartela com dez muni\u00e7\u00f5es calibre 38 .<\/p>\n<p>Foi apresentado tamb\u00e9m a arma que estava com Silvio, um revolver calibre 38, com numera\u00e7\u00e3o raspada contendo seis cartuchos, sendo dois deflagrados, dois picotados e dois intactos. Diante do ocorrido todo material\u00a0 foi entregue ao plant\u00e3o da7\u00aaCOORPIN, ocorr\u00eancia: 1\u00aaDT ILHEUS-BO-11-01996 e flagrante lavrado pelo delegado Bel.<strong> <\/strong>Norberto Teixeira Cordeiro.<\/p>\n<div id=\"attachment_27088\" style=\"width: 310px\" class=\"wp-caption aligncenter\"><a href=\"http:\/\/www.r2cpress.com.br\/v1\/wp-content\/uploads\/RONDESP-RELEASE-02_2011.jpg\"><img aria-describedby=\"caption-attachment-27088\" loading=\"lazy\" class=\"size-medium wp-image-27088\" title=\"RONDESP RELEASE 02_2011\" src=\"http:\/\/www.r2cpress.com.br\/v1\/wp-content\/uploads\/RONDESP-RELEASE-02_2011-300x240.jpg\" alt=\"\" width=\"300\" height=\"240\" srcset=\"https:\/\/www.r2cpress.com.br\/v1\/wp-content\/uploads\/RONDESP-RELEASE-02_2011-300x240.jpg 300w, https:\/\/www.r2cpress.com.br\/v1\/wp-content\/uploads\/RONDESP-RELEASE-02_2011.jpg 680w\" sizes=\"(max-width: 300px) 100vw, 300px\" \/><\/a><p id=\"caption-attachment-27088\" class=\"wp-caption-text\">Clique para AMPLIAR.<\/p><\/div>\n<p><strong>&#8212;<br \/>\nASCOM 69\u00aa CIPM<\/strong><\/p>\n","protected":false},"excerpt":{"rendered":"<p>\u00a0POL\u00cdCIA MILITAR DA BAHIA COMANDO DE POLICIAMENTO REGIONAL SUL\/ ITABUNA \u00a0 COMPANHIA INDEPENDENTE DE POLICIAMENTO T\u00c1TICO\/ILH\u00c9US RELEASE 002\/OUT\/2011 \u00a0\u00a0\u00a0\u00a0\u00a0\u00a0\u00a0\u00a0\u00a0\u00a0\u00a0\u00a0\u00a0\u00a0\u00a0\u00a0\u00a0\u00a0\u00a0\u00a0\u00a0\u00a0\u00a0 SILVIO CARIOCA TROCOU TIRO COM A RONDESP E SE DEU MAL \u00a0 Informo que ontem (22) por volta das 21h30 a guarni\u00e7\u00e3o da RONDESP 01 recebeu informa\u00e7\u00f5es de populares, que havia um elemento de prenome Silvio, [&hellip;]<\/p>\n","protected":false},"author":2,"featured_media":0,"comment_status":"open","ping_status":"open","sticky":false,"template":"","format":"standard","meta":{"_links_to":"","_links_to_target":""},"categories":[25],"tags":[],"_links":{"self":[{"href":"https:\/\/www.r2cpress.com.br\/v1\/wp-json\/wp\/v2\/posts\/27086"}],"collection":[{"href":"https:\/\/www.r2cpress.com.br\/v1\/wp-json\/wp\/v2\/posts"}],"about":[{"href":"https:\/\/www.r2cpress.com.br\/v1\/wp-json\/wp\/v2\/types\/post"}],"author":[{"embeddable":true,"href":"https:\/\/www.r2cpress.com.br\/v1\/wp-json\/wp\/v2\/users\/2"}],"replies":[{"embeddable":true,"href":"https:\/\/www.r2cpress.com.br\/v1\/wp-json\/wp\/v2\/comments?post=27086"}],"version-history":[{"count":5,"href":"https:\/\/www.r2cpress.com.br\/v1\/wp-json\/wp\/v2\/posts\/27086\/revisions"}],"predecessor-version":[{"id":27093,"href":"https:\/\/www.r2cpress.com.br\/v1\/wp-json\/wp\/v2\/posts\/27086\/revisions\/27093"}],"wp:attachment":[{"href":"https:\/\/www.r2cpress.com.br\/v1\/wp-json\/wp\/v2\/media?parent=27086"}],"wp:term":[{"taxonomy":"category","embeddable":true,"href":"https:\/\/www.r2cpress.com.br\/v1\/wp-json\/wp\/v2\/categories?post=27086"},{"taxonomy":"post_tag","embeddable":true,"href":"https:\/\/www.r2cpress.com.br\/v1\/wp-json\/wp\/v2\/tags?post=27086"}],"curies":[{"name":"wp","href":"https:\/\/api.w.org\/{rel}","templated":true}]}}