{"id":27128,"date":"2011-10-24T11:35:28","date_gmt":"2011-10-24T13:35:28","guid":{"rendered":"http:\/\/www.r2cpress.com.br\/v1\/?p=27128"},"modified":"2011-10-24T11:35:54","modified_gmt":"2011-10-24T13:35:54","slug":"posto-dom-eduardo-assaltado","status":"publish","type":"post","link":"https:\/\/www.r2cpress.com.br\/v1\/2011\/10\/24\/posto-dom-eduardo-assaltado\/","title":{"rendered":"Posto Dom Eduardo assaltado"},"content":{"rendered":"<p><div id=\"attachment_27129\" style=\"width: 310px\" class=\"wp-caption alignleft\"><a href=\"http:\/\/www.r2cpress.com.br\/v1\/wp-content\/uploads\/mont-capa-site71.jpg\"><img aria-describedby=\"caption-attachment-27129\" loading=\"lazy\" src=\"http:\/\/www.r2cpress.com.br\/v1\/wp-content\/uploads\/mont-capa-site71-300x272.jpg\" alt=\"\" title=\"mont capa site\" width=\"300\" height=\"272\" class=\"size-medium wp-image-27129\" srcset=\"https:\/\/www.r2cpress.com.br\/v1\/wp-content\/uploads\/mont-capa-site71-300x272.jpg 300w, https:\/\/www.r2cpress.com.br\/v1\/wp-content\/uploads\/mont-capa-site71.jpg 899w\" sizes=\"(max-width: 300px) 100vw, 300px\" \/><\/a><p id=\"caption-attachment-27129\" class=\"wp-caption-text\">Clique para AMPLIAR.<\/p><\/div>Foi no s\u00e1bado. O dia de trabalho seguia normalmente at\u00e9 que dois elementos se aproximaram e anunciaram o assalto.<br \/>\nObserve na seq\u00fc\u00eancia das fotos obtidas atrav\u00e9s das c\u00e2maras de seguran\u00e7a que o assalto foi ensaiado. A abordagem, o passar da arma de um para o outro, enfim, os pontos e a rapidez da abordagem mostram isso.<br \/>\nEm que pese as imagens n\u00e3o oferecerem muitos detalhes das caracter\u00edsticas f\u00edsicas dos elementos n\u00e3o se tem d\u00favidas que a pol\u00edcia facilmente far\u00e1 a identifica\u00e7\u00e3o. Quem age dessa forma certamente j\u00e1 tem passagem pela pol\u00edcia.<br \/>\nTrabalhar est\u00e1 cada vez mais complicado. A vida est\u00e1 perdendo o valor na cabe\u00e7a desses bandidos. Levaram o dinheiro dos frentistas, um celular que depois foi devolvido pelo apelo do funcion\u00e1rio.<br \/>\nO carro prata que est\u00e1 na ponta \u00e9 de um policial federal. Observe que os meliantes aguardam a sa\u00edda do policial para anunciar o assalto. A tranq\u00fcilidade dos bandidos n\u00e3o despertou a aten\u00e7\u00e3o do federal.<br \/>\nO que se espera \u00e9 uma a\u00e7\u00e3o imediata da pol\u00edcia. Com essas imagens d\u00e1 para pegar e nessas a\u00e7\u00f5es o cidad\u00e3o trabalhador, empres\u00e1rio, comerciante ficar\u00e1 agradecido se prenderem e que essas pris\u00f5es sejam regulares. Primeiro para passar a sensa\u00e7\u00e3o de prote\u00e7\u00e3o e segundo para inibir outros assaltos.<br \/>\nVale lembrar que os bandidos estavam armados e, felizmente, n\u00e3o houve disparo.<br \/>\nQue a pol\u00edcia d\u00ea uma resposta imediata. <\/p>\n<p><strong>Veja 59 FOTOS clicando<\/strong> <a href = \"https:\/\/picasaweb.google.com\/r2cpress\/ExposicaoNaIgrejaDomHelderCamara_LIXOHOSPITALASSALTOPOSTODEDUARDO#5667022489827239826\" target = \"_news\"><b>AQUI<\/b><\/a> <strong>e depois na seta para AVAN\u00c7AR.<\/strong><\/p>\n","protected":false},"excerpt":{"rendered":"<p>Foi no s\u00e1bado. O dia de trabalho seguia normalmente at\u00e9 que dois elementos se aproximaram e anunciaram o assalto. Observe na seq\u00fc\u00eancia das fotos obtidas atrav\u00e9s das c\u00e2maras de seguran\u00e7a que o assalto foi ensaiado. A abordagem, o passar da arma de um para o outro, enfim, os pontos e a rapidez da abordagem mostram [&hellip;]<\/p>\n","protected":false},"author":2,"featured_media":0,"comment_status":"open","ping_status":"open","sticky":false,"template":"","format":"standard","meta":{"_links_to":"","_links_to_target":""},"categories":[25],"tags":[],"_links":{"self":[{"href":"https:\/\/www.r2cpress.com.br\/v1\/wp-json\/wp\/v2\/posts\/27128"}],"collection":[{"href":"https:\/\/www.r2cpress.com.br\/v1\/wp-json\/wp\/v2\/posts"}],"about":[{"href":"https:\/\/www.r2cpress.com.br\/v1\/wp-json\/wp\/v2\/types\/post"}],"author":[{"embeddable":true,"href":"https:\/\/www.r2cpress.com.br\/v1\/wp-json\/wp\/v2\/users\/2"}],"replies":[{"embeddable":true,"href":"https:\/\/www.r2cpress.com.br\/v1\/wp-json\/wp\/v2\/comments?post=27128"}],"version-history":[{"count":4,"href":"https:\/\/www.r2cpress.com.br\/v1\/wp-json\/wp\/v2\/posts\/27128\/revisions"}],"predecessor-version":[{"id":27133,"href":"https:\/\/www.r2cpress.com.br\/v1\/wp-json\/wp\/v2\/posts\/27128\/revisions\/27133"}],"wp:attachment":[{"href":"https:\/\/www.r2cpress.com.br\/v1\/wp-json\/wp\/v2\/media?parent=27128"}],"wp:term":[{"taxonomy":"category","embeddable":true,"href":"https:\/\/www.r2cpress.com.br\/v1\/wp-json\/wp\/v2\/categories?post=27128"},{"taxonomy":"post_tag","embeddable":true,"href":"https:\/\/www.r2cpress.com.br\/v1\/wp-json\/wp\/v2\/tags?post=27128"}],"curies":[{"name":"wp","href":"https:\/\/api.w.org\/{rel}","templated":true}]}}