{"id":27138,"date":"2011-10-24T13:21:34","date_gmt":"2011-10-24T15:21:34","guid":{"rendered":"http:\/\/www.r2cpress.com.br\/v1\/?p=27138"},"modified":"2011-10-24T13:22:17","modified_gmt":"2011-10-24T15:22:17","slug":"ii-musa-comeca-nesta-terca-feira-na-uesc","status":"publish","type":"post","link":"https:\/\/www.r2cpress.com.br\/v1\/2011\/10\/24\/ii-musa-comeca-nesta-terca-feira-na-uesc\/","title":{"rendered":"II Musa come\u00e7a nesta ter\u00e7a-feira na UESC"},"content":{"rendered":"<p align=\"center\"><strong><br \/>\n<\/strong><\/p>\n<p>\u00a0\u00a0\u00a0\u00a0\u00a0\u00a0\u00a0\u00a0 A II Mostra Universit\u00e1ria Salobrinho de Audiovisual, Musa, come\u00e7a nesta ter\u00e7a-feira (25), na Universidade Estadual de Santa Cruz, UESC. O evento acontece at\u00e9 o dia 27 e, durante os tr\u00eas dias, o p\u00fablico poder\u00e1 apreciar e discutir a linguagem audiovisual, com uma programa\u00e7\u00e3o que come\u00e7a \u00e0s 8h e termina \u00e0s 22h. A entrada para todas as mostras \u00e9 gratuita.<\/p>\n<p>A Mostra Musa \u00e9 o primeiro evento aberto na categoria de audiovisual universit\u00e1rio no sul da Bahia e oferece oportunidade para profissionais da \u00e1rea e demais interessados de participarem de capacita\u00e7\u00e3o, aperfei\u00e7oamento, discuss\u00f5es e aprecia\u00e7\u00e3o de produ\u00e7\u00f5es de universit\u00e1rios e de realizadores independentes de todo o Brasil. Estar\u00e3o presentes estudantes, pesquisadores, professores, amadores, realizadores, alunos do ensino fundamental e m\u00e9dio de escolas da cidade e o p\u00fablico geral interessado em audiovisual.<\/p>\n<p><strong>\u00a0Programa\u00e7\u00e3o<\/strong><\/p>\n<p><!--more--><\/p>\n<p>Em um contexto de crescentes possibilidades para a economia do audiovisual, tornam-se urgentes discuss\u00f5es sobre o assunto. Para isso, no dia 25, \u00e0 tarde, ap\u00f3s a abertura da II Musa, haver\u00e1 uma mesa redonda com Sofia Federico, da Diretoria de Audiovisual da Bahia, Dimas, e Maur\u00edcio Corso, presidente da Funda\u00e7\u00e3o Cultural de Ilh\u00e9us. Seguindo a programa\u00e7\u00e3o, ap\u00f3s as Mostras Pixelando e Competitiva, haver\u00e1 a exibi\u00e7\u00e3o do filme \u201cTrampolim do forte\u201d, de Jo\u00e3o Ridrigo Mattos. O diretor estar\u00e1 presente para um bate papo ap\u00f3s a sess\u00e3o, junto com o ator Adailson Santos. Ser\u00e1 a primeira exibi\u00e7\u00e3o do filme nesta regi\u00e3o.<\/p>\n<p>Nos dias seguintes, a Musa continua com as oficinas de Dire\u00e7\u00e3o de Fotografia, com Ant\u00f4nio Luis Mendes e de Sonoplastia com Napole\u00e3o Cunha; Sess\u00f5es infanto-juvenis; Mesa redonda sobre \u201cUniversidade e Audiovisual\u201d, com Marl\u00facia Mendes e Dirceu Martins Alves, ambos professores da UESC; e a exibi\u00e7\u00e3o do filme \u201cIluminados\u201d, de Cristina Leal, com bate papo com o diretor de fotografia Ant\u00f4nio Luis Mendes;<\/p>\n<p>Projetos audiovisuais regionais que ganharam visibilidade dentro e fora da Bahia tamb\u00e9m ser\u00e3o contemplados na II Musa, na Mostra Pixelando. Neste espa\u00e7o ser\u00e3o exibidos os <em>making-of\u2019s<\/em> de: \u201cMem\u00f3rias do Rio Cahoeira\u201d, com a presen\u00e7a do diretor Victor Aziz; do curta \u201cJoelma\u201d, seguido de bate papo com o diretor Edson Bastos; e tamb\u00e9m do curta \u201cA F\u00f3rmula\u201d, com o diretor Henrique Filho.<\/p>\n<p>A Mostra Competitiva da II Musa vai apresentar os dez v\u00eddeos que passaram pela curadoria do evento e que v\u00e3o concorrer ao \u201cTrof\u00e9u Musa\u201d, confeccionado pelo artes\u00e3o Souza especialmente para a premia\u00e7\u00e3o da Mostra. O cobi\u00e7ado pr\u00eamio ser\u00e1 concorrido entre curtas produzidos em S\u00e3o Paulo, Paran\u00e1, Salvador, Santa Catarina, Sergipe e Ilh\u00e9us. Os vencedores tamb\u00e9m receber\u00e3o livros da Editus.<\/p>\n<p>Durante o evento, entre uma sess\u00e3o e outra, os participantes poder\u00e3o ainda apreciar, no Foyer do Centro de Arte e Cultura da UESC, as exposi\u00e7\u00f5es \u201cRoque Ara\u00fajo &#8211; O Cinema na Televis\u00e3o\u201d; a exposi\u00e7\u00e3o fotogr\u00e1fica \u201cEm Cantos da Bahia\u201d, de Felippe Thomaz; e a exposi\u00e7\u00e3o \u201cAfrofilisminogravura\u201d, do artista pl\u00e1stico Ayam U\u2019Brais.<\/p>\n<p>O encerramento da II Musa ser\u00e1 com o show do cantor baiano Z\u00e9u Britto e das bandas Manzu\u00e1, OQuadro e DJ Danley, no dia 27 de outubro, na Concha Ac\u00fastica de Ilh\u00e9us, a partir das 18h. Os ingressos est\u00e3o \u00e0 venda (R$ 20,00).<\/p>\n<p>Esta \u00e9 uma realiza\u00e7\u00e3o da N\u00faProArt e da Panor\u00e2mica Produ\u00e7\u00f5es e tem o apoio institucional da Universidade Estadual de Santa Cruz. Mais informa\u00e7\u00f5es sobre a programa\u00e7\u00e3o e sobre como se inscrever para as oficinas est\u00e3o em: www.mostramusa.com<\/p>\n<p>&#8212;<\/p>\n<p>Tacila Mendes<\/p>\n<p>Comunic\u00f3loga \/ DRT 6795<\/p>\n<p>Ascom II MUSA<\/p>\n<p>mostramusa@gmail.com<\/p>\n","protected":false},"excerpt":{"rendered":"<p>\u00a0\u00a0\u00a0\u00a0\u00a0\u00a0\u00a0\u00a0 A II Mostra Universit\u00e1ria Salobrinho de Audiovisual, Musa, come\u00e7a nesta ter\u00e7a-feira (25), na Universidade Estadual de Santa Cruz, UESC. O evento acontece at\u00e9 o dia 27 e, durante os tr\u00eas dias, o p\u00fablico poder\u00e1 apreciar e discutir a linguagem audiovisual, com uma programa\u00e7\u00e3o que come\u00e7a \u00e0s 8h e termina \u00e0s 22h. A entrada para [&hellip;]<\/p>\n","protected":false},"author":2,"featured_media":0,"comment_status":"open","ping_status":"open","sticky":false,"template":"","format":"standard","meta":{"_links_to":"","_links_to_target":""},"categories":[5],"tags":[],"_links":{"self":[{"href":"https:\/\/www.r2cpress.com.br\/v1\/wp-json\/wp\/v2\/posts\/27138"}],"collection":[{"href":"https:\/\/www.r2cpress.com.br\/v1\/wp-json\/wp\/v2\/posts"}],"about":[{"href":"https:\/\/www.r2cpress.com.br\/v1\/wp-json\/wp\/v2\/types\/post"}],"author":[{"embeddable":true,"href":"https:\/\/www.r2cpress.com.br\/v1\/wp-json\/wp\/v2\/users\/2"}],"replies":[{"embeddable":true,"href":"https:\/\/www.r2cpress.com.br\/v1\/wp-json\/wp\/v2\/comments?post=27138"}],"version-history":[{"count":4,"href":"https:\/\/www.r2cpress.com.br\/v1\/wp-json\/wp\/v2\/posts\/27138\/revisions"}],"predecessor-version":[{"id":27142,"href":"https:\/\/www.r2cpress.com.br\/v1\/wp-json\/wp\/v2\/posts\/27138\/revisions\/27142"}],"wp:attachment":[{"href":"https:\/\/www.r2cpress.com.br\/v1\/wp-json\/wp\/v2\/media?parent=27138"}],"wp:term":[{"taxonomy":"category","embeddable":true,"href":"https:\/\/www.r2cpress.com.br\/v1\/wp-json\/wp\/v2\/categories?post=27138"},{"taxonomy":"post_tag","embeddable":true,"href":"https:\/\/www.r2cpress.com.br\/v1\/wp-json\/wp\/v2\/tags?post=27138"}],"curies":[{"name":"wp","href":"https:\/\/api.w.org\/{rel}","templated":true}]}}