{"id":27147,"date":"2011-10-24T17:20:12","date_gmt":"2011-10-24T19:20:12","guid":{"rendered":"http:\/\/www.r2cpress.com.br\/v1\/?p=27147"},"modified":"2011-10-24T17:20:12","modified_gmt":"2011-10-24T19:20:12","slug":"prefeitura-municipal-de-ilheus-222","status":"publish","type":"post","link":"https:\/\/www.r2cpress.com.br\/v1\/2011\/10\/24\/prefeitura-municipal-de-ilheus-222\/","title":{"rendered":"Prefeitura Municipal de Ilh\u00e9us"},"content":{"rendered":"<p>Quatro novos secret\u00e1rios tomaram posse hoje na Prefeitura de Ilh\u00e9us<br \/>\nAberta em Ilh\u00e9us a XIII Reuni\u00e3o do Conselho Estadual de Educa\u00e7\u00e3o<br \/>\nA\u00e7\u00e3o comemora Dia do  Dentista em Ilh\u00e9us<br \/>\nLideran\u00e7as do Partido dos Trabalhadores prestigiam filia\u00e7\u00e3o do prefeito Newton Lima <\/p>\n<p><!--more--><\/p>\n<p>***<\/p>\n<p><strong>Quatro novos secret\u00e1rios tomaram posse hoje na Prefeitura de Ilh\u00e9us <\/strong><\/p>\n<p>                 Durante concorrida solenidade ocorrida na tarde desta segunda-feira, 24, no sal\u00e3o nobre do Pal\u00e1cio Paranagu\u00e1, o prefeito de Ilh\u00e9us, Newton Lima, deu posse a quatro novos secret\u00e1rios municipais, concluindo a reforma administrativa iniciada em 26 de setembro passado. Tomaram posse Ari Silva Santos, na Secretaria Municipal de Assist\u00eancia Social e Trabalho; Murilo Santos de Brito, Secretaria Municipal de A\u00e7\u00f5es Regionais; Alexandre Freitas Sim\u00f5es, Secretaria Municipal de Sa\u00fade, e Fernando de Oliveira Hughes, na Secretaria Municipal de Administra\u00e7\u00e3o.<\/p>\n<p>                Em seu pronunciamento, Newton Lima fez quest\u00e3o de frisar que a posse deste quatro secret\u00e1rios representa o rompimento com o passado e a aposta num futuro melhor para Ilh\u00e9us e a comunidade de modo geral, salientando que a reforma administrativa teve como meta principal a busca de corresponder aos justos anseios da popula\u00e7\u00e3o, \u201cpara que entremos no \u00faltimo ano de nosso mandato, como se diz popularmente, com a nossa orquestra afinada e preparada para enfrentar os desafios\u201d.<\/p>\n<p>               Disse ainda que, \u201cpara os que chegam em nossa administra\u00e7\u00e3o incumbidos de assumir importantes fun\u00e7\u00f5es na gest\u00e3o p\u00fablica, quero, antes de tudo, salientar a import\u00e2ncia da uni\u00e3o, da colabora\u00e7\u00e3o rec\u00edproca com as demais secretarias, e, acima de tudo que saibam ouvir os clamores da nossa comunidade\u201d. E continuou: \u201c\u00c9 certo que todos aqui t\u00eam responsabilidades pol\u00edticas, mas n\u00e3o podemos deixar de lembrar que o que nos motiva \u00e9 o compromisso que temos em nos esfor\u00e7ar para poder oferecer melhores dias para os nossos cidad\u00e3os e cidad\u00e3s\u201d.<\/p>\n<p>             O presidente do PT\/Bahia, Jonas Paulo, falando em nome do partido e dos deputados federais e estaduais presentes ao evento, lembrou que desde o momento em que foi convidado, o PT aceitou participar do governo municipal, \u201ce agora, que temos a honra e o prazer de contar com a presen\u00e7a do prefeito em nossa legenda, nosso compromisso \u00e9 ainda maior, e estamos aqui para ajudar o desenvolvimento desta terra e do seu povo, e para isso temos o apoio do governador Jaques Wagner e da presdiente Dilma Rousself\u201d.<\/p>\n<p>               Ainda fizeram parte da mesa que presidiu a solenidade, os deputados federais Josias Gomes e Geraldo Sim\u00f5es; os deputados estaduais Rosemberg Pinto e F\u00e1tima Nunes, al\u00e9m do presidente do PT\/Ilh\u00e9us, M\u00e1rio Amorim.<\/p>\n<p>Aberta em Ilh\u00e9us a XIII Reuni\u00e3o do Conselho Estadual de Educa\u00e7\u00e3o<\/p>\n<p>Com a presen\u00e7a de educadores, pol\u00edticos, dirigentes, estudantes e conselheiros de mais de 100 munic\u00edpios, foi aberta na noite do \u00faltimo domingo (23), no Centro de Conven\u00e7\u00f5es Luis Eduardo Magalh\u00e3es, na avenida Soares Lopes, em Ilh\u00e9us, a XIII Reuni\u00e3o Conjunta do Conselho Estadual com os Conselhos Municipais de Educa\u00e7\u00e3o do Estado da Bahia. Paralelamente, o evento tamb\u00e9m marca a realiza\u00e7\u00e3o do VII Encontro Estadual da Uni\u00e3o Nacional dos Conselhos Municipais de Educa\u00e7\u00e3o (Uncme). Nesta segunda (24) e na ter\u00e7a-feira (25), sempre das 8 \u00e0s 18 horas, a reuni\u00e3o acontece no Teatro Municipal de Ilh\u00e9us (TMI), onde est\u00e3o sendo promovidas as confer\u00eancias.<\/p>\n<p>A XIII Reuni\u00e3o Conjunta foi presidida pelo secret\u00e1rio de Educa\u00e7\u00e3o do Estado da Bahia, professor Osvaldo Barreto Filho, que destacou, na oportunidade, o novo momento do Brasil, marcado pela inser\u00e7\u00e3o definitiva do setor educacional na agenda positiva do pa\u00eds. \u201cJamais teremos uma educa\u00e7\u00e3o de qualidade se n\u00e3o tivermos uma escola de qualidade. Em virtude disso, precisamos construir um ambiente capaz de valorizar a unidade escolar, mas, tamb\u00e9m, de resgatar a sua autoestima. Sem uma escola forte jamais implementaremos neste pa\u00eds uma verdadeira revolu\u00e7\u00e3o social\u201d, enfatizou.<\/p>\n<p>Por sua vez, a presidente do Conselho Estadual de Educa\u00e7\u00e3o, Aylana Barbalho, agradeceu ao apoio do prefeito Newton Lima, destacando, na sequ\u00eancia, a import\u00e2ncia s\u00f3cio-econ\u00f4mica de Ilh\u00e9us para a Bahia e para o Brasil. Ap\u00f3s relacionar alguns dos principais avan\u00e7os educacionais observados no munic\u00edpio, como o fortalecimento da Universidade Estadual de Santa Cruz, que oferece atualmente dezenas de cursos de licenciatura e bacharelado, a educadora afirmou que \u201ca escola que desejamos \u00e9 a escola que acolhe, cuida e contribui para a forma\u00e7\u00e3o da autoestima dos estudantes\u201d. <\/p>\n<p>Representando o prefeito Newton Lima, a secret\u00e1ria municipal de Educa\u00e7\u00e3o, professora Lidiney Campos, revelou a alegria da cidade por estar sediando um evento t\u00e3o importante e ben\u00e9fico para o setor educacional. \u201cAl\u00e9m disso, n\u00e3o podemos deixar de ressaltar a relev\u00e2ncia de ver nesta mesa representantes dos poderes executivo e legislativo ao lado de representantes do controle social. Todos compromissados com a mesma proposta que \u00e9 a constru\u00e7\u00e3o de um novo modelo de educa\u00e7\u00e3o\u201d, enfatizou.<\/p>\n<p>Presen\u00e7as &#8211; A XIII Reuni\u00e3o Conjunta do Conselho Estadual com os Conselhos Municipais de Educa\u00e7\u00e3o do Estado da Bahia tamb\u00e9m contou com a presen\u00e7a do deputado federal Josias Gomes, da vice-reitora da Uesc, Ad\u00e9lia Pinheiro, do coordenador da Direc-6, Edney Mendon\u00e7a, da presidente da Comiss\u00e3o de Educa\u00e7\u00e3o da C\u00e2mara de Ilh\u00e9us, vereadora Carmelita \u00c2ngela, da coordenadora da Uni\u00e3o Nacional dos Conselhos Municipais de Educa\u00e7\u00e3o (UNCME\/BA) e presidente do Conselho Municipal de Educa\u00e7\u00e3o de Ilh\u00e9us, Gilv\u00e2nia Nascimento, da conselheira e ex-reitora da Uesc, Ren\u00e9e Albagli, e do professor e conselheiro Astor de Castro Pessoa, entre v\u00e1rios outros.<\/p>\n<p>Durante a solenidade, o Conselho Estadual de Educa\u00e7\u00e3o rendeu homenagens, in memorian, ao escritor Jorge Amado e \u00e0 professora Gis\u00e9lia Soares. A homenagem ao escritor grapi\u00fana foi recebida pela secret\u00e1ria de Educa\u00e7\u00e3o do Munic\u00edpio de Ilh\u00e9us, Lidiney Campos, e a relativa \u00e0 professora Gis\u00e9lia Soares, pelo seu irm\u00e3o, o advogado e tamb\u00e9m professor, Juracy Amorim. Tamb\u00e9m foram homenageados, na ocasi\u00e3o, a ex-reitora da Uesc, Ren\u00e9e Albagli, e o professor e conselheiro, Astor de Castro Pessoa.<\/p>\n<p>\u201cO Plano Nacional de Educa\u00e7\u00e3o (PNE) e os desafios para os estados e munic\u00edpios na constru\u00e7\u00e3o e implementa\u00e7\u00e3o dos Planos Decenais de Educa\u00e7\u00e3o\u201d \u00e9 o tema central das confer\u00eancias que est\u00e3o em destaque nesta segunda (24) e nesta ter\u00e7a-feira (25). Al\u00e9m disso, mesas redondas tamb\u00e9m est\u00e3o debatendo diversos temas importantes, como \u201cResponsabilidade dos entes federados na gest\u00e3o da educa\u00e7\u00e3o e o papel dos conselhos nos sistemas de ensino\u201d, \u201cEnsino fundamental de nove anos: enfrentando os desafios da transi\u00e7\u00e3o\u201d e \u201cOs desafios da forma\u00e7\u00e3o de professores para a Educa\u00e7\u00e3o B\u00e1sica\u201d.<\/p>\n<p>Painel &#8211; A XIII Reuni\u00e3o Conjunta do Conselho Estadual com os Conselhos Municipais de Educa\u00e7\u00e3o do Estado da Bahia tamb\u00e9m ser\u00e1 marcada pelo painel \u201cViol\u00eancia na Escola e da Escola \u2013 desafios contempor\u00e2neos\u201d. Outro assunto que ser\u00e1 abordado no Teatro Municipal de Ilh\u00e9us ser\u00e1 o conjunto de a\u00e7\u00f5es necess\u00e1rias para o fortalecimento dos conselhos municipais de Educa\u00e7\u00e3o. O t\u00f3pico envolve, entre outros, a cria\u00e7\u00e3o e o fortalecimento dos conselhos, a mobiliza\u00e7\u00e3o para elabora\u00e7\u00e3o dos planos municipais de educa\u00e7\u00e3o e a estrutura e o funcionamento dos conselhos municipais de educa\u00e7\u00e3o. <\/p>\n<p>A XIII Reuni\u00e3o Conjunta \u00e9 resultado de uma parceria do Conselho Estadual de Educa\u00e7\u00e3o (CEE) com a Uni\u00e3o Nacional dos Conselhos Municipais de Educa\u00e7\u00e3o (UNCME\/BA). O evento integra programa desenvolvido pelo Conselho Estadual de Educa\u00e7\u00e3o, que tem como inspira\u00e7\u00e3o o Regime de Colabora\u00e7\u00e3o entre os entes federados, previsto na lei 9.394\/96 das Diretrizes e Bases da Educa\u00e7\u00e3o Nacional. <\/p>\n<p>Dez compromissos foram firmados, recentemente, pela secretaria estadual de Educa\u00e7\u00e3o para fortalecer a escola p\u00fablica no Estado da Bahia: alfabetizar as crian\u00e7as at\u00e9 oito anos de idade e extinguir o analfabetismo escolar; fortalecer a inclus\u00e3o educacional; ampliar o acesso \u00e0 educa\u00e7\u00e3o integral; combater a repet\u00eancia e o abandono escolar; assegurar a alfabetiza\u00e7\u00e3o e a escolaridade aos que n\u00e3o puderem efetuar os estudos na idade regular e valorizar os profissionais da educa\u00e7\u00e3o e promover a sua forma\u00e7\u00e3o. E mais: fortalecer a gest\u00e3o democr\u00e1tica participativa na rede de ensino; inovar e diversificar os curr\u00edculos escolares, promovendo o acesso dos estudantes ao conhecimento cient\u00edfico, \u00e0s artes e \u00e0 cultura; estimular as inova\u00e7\u00f5es e o uso das tecnologias como instrumentos pedag\u00f3gicos e de gest\u00e3o escolar; e garantir o desenvolvimento dos jovens para uma inser\u00e7\u00e3o cidad\u00e3 no trabalho e na vida social.<\/p>\n<p><strong>A\u00e7\u00e3o comemora Dia do  Dentista em Ilh\u00e9us<\/strong><\/p>\n<p>O dia 25 de outubro \u00e9 o dia nacional do cirurgi\u00e3o dentista, e para comemorar a data a Secretaria de Sa\u00fade em parceria com o departamento de Sa\u00fade Bucal realizaram nesta segunda- feira (24) na Pra\u00e7a J.J. SEABRA uma a\u00e7\u00e3o diferenciada com o Odontom\u00f3vel. O atendimento continuar\u00e1 a ser realizado durante toda a ter\u00e7a-feira, das 8 \u00e0s 17 horas. Segundo o cirurgi\u00e3o dentista e coordenador de Preven\u00e7\u00e3o Bucal, Bol\u00edvar Landin, a principal proposta desta a\u00e7\u00e3o \u00e9 a divulgar a preven\u00e7\u00e3o do c\u00e2ncer de boca.<\/p>\n<p>Foi oferecido atendimento a popula\u00e7\u00e3o por dentistas para a identifica\u00e7\u00e3o dos sintomas do c\u00e2ncer de boca, al\u00e9m de palestras e cartazes sobre as formas de preven\u00e7\u00e3o e a realiza\u00e7\u00e3o do auto-exame, uma das maneiras de se identificar poss\u00edveis les\u00f5es. Foram entregues tamb\u00e9m panfletos com explica\u00e7\u00f5es das etapas do tratamento e com as crian\u00e7as presentes, foram realizadas escova\u00e7\u00e3o orientada e aplica\u00e7\u00e3o de fl\u00faor. A previs\u00e3o \u00e9 que nesses dois dias a unidade atenda em m\u00e9dia 40 por dia.<\/p>\n<p>A Unidade M\u00f3vel Odontol\u00f3gica (Odontom\u00f3vel), que tem como principal fun\u00e7\u00e3o levar servi\u00e7os odontol\u00f3gicos de qualidade e gratuito para bairros e localidades distantes,  participou da a\u00e7\u00e3o realizando excepcionalmente atendimento no centro da cidade. A unidade foi respons\u00e1vel pelos atendimentos de limpeza bucal e profilaxia. Os dentistas presentes se revezaram nas fun\u00e7\u00f5es de palestras, atendimentos, e esclarecimento de d\u00favidas dos pacientes.O c\u00e2ncer de boca \u00e9 um tipo de c\u00e2ncer que geralmente ocorre nos l\u00e1bios, dentro da boca, na parte posterior da garganta, nas am\u00edgdalas ou nas gl\u00e2ndulas salivares. <\/p>\n<p>Os principais fatores de risco s\u00e3o o tabagismo, o consumo de bebidas alco\u00f3licas associadas ou n\u00e3o a trauma cr\u00f4nico (uso de pr\u00f3teses dent\u00e1rias mal-ajustadas), ou m\u00e1 higiene oral.O auto-exame deve ser feito em um local bem iluminado, diante do espelho. O objetivo \u00e9 identificar les\u00f5es precursoras do c\u00e2ncer de boca. Devem ser observados sinais como mudan\u00e7a na cor da pele e mucosas, endurecimentos, caro\u00e7os, feridas, incha\u00e7\u00f5es, \u00e1reas dormentes, dentes quebrados ou amolecidos e \u00falcera rasa, indolor e avermelhada. Para prevenir o c\u00e2ncer de l\u00e1bio, deve-se evitar a exposi\u00e7\u00e3o ao sol sem prote\u00e7\u00e3o, manter uma dieta saud\u00e1vel, rica em vegetais e frutas, e consultas peri\u00f3dicas ao dentista.<\/p>\n<p>A equipe do Odontom\u00f3vel continuar\u00e1 realizando atendimentos ainda neste m\u00eas de outubro na Creche do Couto, dia 26, no J\u00f3ia do Atl\u00e2ntico, dia 27, e na Vila Santaninha dia 30. Todos os atendimentos ser\u00e3o realizados das 8 \u00e0s 17 horas, per\u00edodo em que a equipe, formada por cirurgi\u00e3o-dentista e auxiliares realiza tratamento dent\u00e1rio de baixa e m\u00e9dia complexidade, aux\u00edlio preventivo com aplica\u00e7\u00e3o de fl\u00faor, palestras, al\u00e9m da distribui\u00e7\u00e3o de material informativo.<\/p>\n<p><strong>Lideran\u00e7as do Partido dos Trabalhadores prestigiam filia\u00e7\u00e3o do prefeito Newton Lima <\/strong><\/p>\n<p>Diversas lideran\u00e7as do Partido dos Trabalhadores (PT) da Bahia estiveram presentes no fim da manh\u00e3 desta segunda-feira (24) na solenidade de filia\u00e7\u00e3o do prefeito de Ilh\u00e9us, Newton Lima ao partido. O evento foi realizado durante almo\u00e7o na zona sul da cidade e contou com as presen\u00e7as do presidente estadual do PT, Jonas Paulo; o presidente municipal do partido, M\u00e1rio Amorim; os deputados federais Josias Gomes e Geraldo Sim\u00f5es e do deputado estadual Rosemberg Pinto, bem como de diversas autoridades da regi\u00e3o.<\/p>\n<p>O deputado federal Geraldo Sim\u00f5es lembrou a import\u00e2ncia do munic\u00edpio para toda Bahia. \u201cIlh\u00e9us est\u00e1 dando um importante rumo \u00e0 consolida\u00e7\u00e3o de cidade p\u00f3lo de desenvolvimento e de gera\u00e7\u00e3o de emprego e de renda\u201d. J\u00e1 para o presidente do diret\u00f3rio municipal do PT, M\u00e1rio Amorim a parceria firmada entre o governo municipal e o partido visa, sobretudo, a implementa\u00e7\u00e3o de melhorias efetivas para a vida da popula\u00e7\u00e3o ilheense.  <\/p>\n<p>O presidente do PT na Bahia, Jonas Paulo, parabenizou o prefeito Newton Lima pelo ingresso ao partido e lembrou que a parceria estabelecida com o governo municipal se torna ainda mais forte. \u201cCom o apoio do prefeito Newton Lima e com todo o empenho e compromisso firmado nesta data esperamos que a popula\u00e7\u00e3o de Ilh\u00e9us seja a principal beneficiada com o resultado positivo dessa alian\u00e7a e Newton possa encerrar este governo de maneira digna, deixando sua contribui\u00e7\u00e3o na hist\u00f3ria de Ilh\u00e9us\u201d, afirmou. <\/p>\n<p>Newton Lima ressaltou que da mesma forma que ingressa do PT de maneira tranquila, acredita tamb\u00e9m que todos est\u00e3o conscientes do papel que caber\u00e1 a cada um a partir deste momento. \u201cTenho a convic\u00e7\u00e3o de que juntos, alcan\u00e7aremos a nossa meta, que \u00e9 a de reerguer a administra\u00e7\u00e3o p\u00fablica junto aos cidad\u00e3os e conseguirmos fazer nosso sucessor\u201d.<\/p>\n<p>A solenidade, que tamb\u00e9m marcou o ingresso do vereador Walmir Freitas, da secret\u00e1ria municipal de Educa\u00e7\u00e3o, Lidney Campos; do professor e diretor do Instituto Municipal de Ensino (IME) Eus\u00ednio Lavigne, Jos\u00e9 Eduardo Menezes e do presidente da Associa\u00e7\u00e3o Comercial de Ilh\u00e9us (ACI), Nilton Cruz ao partido, tamb\u00e9m foi prestigiada pela primeira dama de Ilh\u00e9us, In\u00eas Tavares. Vereadores e secret\u00e1rios de cidades circunvizinhas e de Ilh\u00e9us tamb\u00e9m estiveram presentes ao ato de filia\u00e7\u00e3o.<\/p>\n","protected":false},"excerpt":{"rendered":"<p>Quatro novos secret\u00e1rios tomaram posse hoje na Prefeitura de Ilh\u00e9us Aberta em Ilh\u00e9us a XIII Reuni\u00e3o do Conselho Estadual de Educa\u00e7\u00e3o A\u00e7\u00e3o comemora Dia do Dentista em Ilh\u00e9us Lideran\u00e7as do Partido dos Trabalhadores prestigiam filia\u00e7\u00e3o do prefeito Newton Lima<\/p>\n","protected":false},"author":2,"featured_media":0,"comment_status":"open","ping_status":"open","sticky":false,"template":"","format":"standard","meta":{"_links_to":"","_links_to_target":""},"categories":[23],"tags":[],"_links":{"self":[{"href":"https:\/\/www.r2cpress.com.br\/v1\/wp-json\/wp\/v2\/posts\/27147"}],"collection":[{"href":"https:\/\/www.r2cpress.com.br\/v1\/wp-json\/wp\/v2\/posts"}],"about":[{"href":"https:\/\/www.r2cpress.com.br\/v1\/wp-json\/wp\/v2\/types\/post"}],"author":[{"embeddable":true,"href":"https:\/\/www.r2cpress.com.br\/v1\/wp-json\/wp\/v2\/users\/2"}],"replies":[{"embeddable":true,"href":"https:\/\/www.r2cpress.com.br\/v1\/wp-json\/wp\/v2\/comments?post=27147"}],"version-history":[{"count":2,"href":"https:\/\/www.r2cpress.com.br\/v1\/wp-json\/wp\/v2\/posts\/27147\/revisions"}],"predecessor-version":[{"id":27149,"href":"https:\/\/www.r2cpress.com.br\/v1\/wp-json\/wp\/v2\/posts\/27147\/revisions\/27149"}],"wp:attachment":[{"href":"https:\/\/www.r2cpress.com.br\/v1\/wp-json\/wp\/v2\/media?parent=27147"}],"wp:term":[{"taxonomy":"category","embeddable":true,"href":"https:\/\/www.r2cpress.com.br\/v1\/wp-json\/wp\/v2\/categories?post=27147"},{"taxonomy":"post_tag","embeddable":true,"href":"https:\/\/www.r2cpress.com.br\/v1\/wp-json\/wp\/v2\/tags?post=27147"}],"curies":[{"name":"wp","href":"https:\/\/api.w.org\/{rel}","templated":true}]}}