{"id":27568,"date":"2011-10-30T11:38:38","date_gmt":"2011-10-30T13:38:38","guid":{"rendered":"http:\/\/www.r2cpress.com.br\/v1\/?p=27568"},"modified":"2011-10-30T11:38:38","modified_gmt":"2011-10-30T13:38:38","slug":"sucesso-de-comedia-da-tv-globo-se-apresenta-no-tmi","status":"publish","type":"post","link":"https:\/\/www.r2cpress.com.br\/v1\/2011\/10\/30\/sucesso-de-comedia-da-tv-globo-se-apresenta-no-tmi\/","title":{"rendered":"SUCESSO DE COM\u00c9DIA DA TV GLOBO SE APRESENTA NO TMI"},"content":{"rendered":"<div id=\"attachment_27569\" style=\"width: 310px\" class=\"wp-caption alignright\"><a href=\"http:\/\/www.r2cpress.com.br\/v1\/wp-content\/uploads\/Marcos-Veras.jpg\"><img aria-describedby=\"caption-attachment-27569\" loading=\"lazy\" class=\"size-medium wp-image-27569\" title=\"Marcos Veras\" src=\"http:\/\/www.r2cpress.com.br\/v1\/wp-content\/uploads\/Marcos-Veras-300x193.jpg\" alt=\"\" width=\"300\" height=\"193\" srcset=\"https:\/\/www.r2cpress.com.br\/v1\/wp-content\/uploads\/Marcos-Veras-300x193.jpg 300w, https:\/\/www.r2cpress.com.br\/v1\/wp-content\/uploads\/Marcos-Veras.jpg 680w\" sizes=\"(max-width: 300px) 100vw, 300px\" \/><\/a><p id=\"caption-attachment-27569\" class=\"wp-caption-text\">Marcos Veras<\/p><\/div>\n<p>Ap\u00f3s temporada de dois anos no Teatro Leblon no Rio de Janeiro e de uma passagem de tr\u00eas meses no Teatro Renaissance em S\u00e3o Paulo, agora \u00e9 a vez de Ilh\u00e9us receber pela primeira vez o comediante da Rede Globo MARCOS VERAS no\u00a0 espet\u00e1culo \u201cFalando a Veras.\u201d<\/p>\n<p>Marcos Veras, sucesso no You Tube e no programa \u201cZorra Total\u201d com o personagem Solu\u00e7o no \u201cQuadro das Crian\u00e7as\u201d e imitando o LUAN SANTANA, viaja agora o pa\u00eds com uma variedade de personagens e textos de Stand-up. O ator chama a aten\u00e7\u00e3o do p\u00fablico para situa\u00e7\u00f5es corriqueiras inusitadas que passam muitas vezes despercebidas<em>: \u201cA proposta da pe\u00e7a \u00e9 unir algumas formas de se fazer rir, de uma maneira leve e agrad\u00e1vel, quase um bate papo. No show fa\u00e7o uma mistura de stand-up, m\u00fasica e personagens\u201d.<\/em>comenta Veras.<\/p>\n<p><!--more--><\/p>\n<p>Elogiado por nomes como Bruno Mazzeo e Agildo Ribeiro, Marcos Veras, com bom humor e uma pitada de cr\u00edtica, consegue interpretar de maneira \u00fanica os conhecidos personagens como Toinho, um nordestino que \u00e9 sucesso em duas r\u00e1dios cariocas;\u00a0o atrapalhado pastor Galigod\u00e9rio Nicomedes Arakaki Santana, que aponta o mal em assuntos cotidianos; Jonas o pintor funkeiro, entre outros.<\/p>\n<p>Marcos tamb\u00e9m conquistou o p\u00fablico ao ser entrevistado no Programa do J\u00f4 por duas vezes e apresentar imita\u00e7\u00f5es de artistas como Tim Maia, Daniel e Jo\u00e3o Bosco. Essas performances e outros n\u00fameros criados pelo ator tamb\u00e9m est\u00e3o no espet\u00e1culo.<\/p>\n<p>Na TV, j\u00e1 fez diversas participa\u00e7\u00f5es no programa &#8220;Turma do Didi&#8221;, participou do especial &#8220;Por Toda a Minha Vida&#8221; da Rede Globo, onde viveu o personagem Nonato, filho de Chacrinha, entre outros.<\/p>\n<p>\u201cFalando a Veras\u201d, espet\u00e1culo que mistura stand-up comedy, m\u00fasica e personagens, traz temas atuais com simplicidade, f\u00e1cil entendimento, agradando qualquer tipo de p\u00fablico:\u00a0<em>\u201c Passei pelo Rio e S\u00e3o Paulo, e sempre fui recebido com muito carinho pelo p\u00fablico. Agora chegou a vez de Ilh\u00e9us, e \u00e9 claro que aqui n\u00e3o ser\u00e1 diferente, eu garanto a divers\u00e3o<\/em>\u201d Finaliza Veras<\/p>\n<p>Para saber mais:\u00a0<a href=\"http:\/\/www.marcosveras.com.br\/\" target=\"_blank\">www.marcosveras.com.br<\/a><\/p>\n<p>SERVI\u00c7O:<\/p>\n<p>&nbsp;<\/p>\n<p>Titulo: \u201cFalando a Veras\u201d<\/p>\n<p>Local: Teatro Municipal de Ilh\u00e9us<\/p>\n<p>Data: 12 e 13 de Novembro<\/p>\n<p>Hor\u00e1rio:20h<\/p>\n<p>Ingresso: 40,00 (Inteira) 20,00 (Meia)<\/p>\n<p>Local de venda: Teatro Municipal e Stand do Karioka<\/p>\n<p>Dura\u00e7\u00e3o: 70 minutos<\/p>\n<p>Classifica\u00e7\u00e3o indicativa: 14 anos<\/p>\n","protected":false},"excerpt":{"rendered":"<p>Ap\u00f3s temporada de dois anos no Teatro Leblon no Rio de Janeiro e de uma passagem de tr\u00eas meses no Teatro Renaissance em S\u00e3o Paulo, agora \u00e9 a vez de Ilh\u00e9us receber pela primeira vez o comediante da Rede Globo MARCOS VERAS no\u00a0 espet\u00e1culo \u201cFalando a Veras.\u201d Marcos Veras, sucesso no You Tube e no [&hellip;]<\/p>\n","protected":false},"author":2,"featured_media":0,"comment_status":"open","ping_status":"open","sticky":false,"template":"","format":"standard","meta":{"_links_to":"","_links_to_target":""},"categories":[5],"tags":[],"_links":{"self":[{"href":"https:\/\/www.r2cpress.com.br\/v1\/wp-json\/wp\/v2\/posts\/27568"}],"collection":[{"href":"https:\/\/www.r2cpress.com.br\/v1\/wp-json\/wp\/v2\/posts"}],"about":[{"href":"https:\/\/www.r2cpress.com.br\/v1\/wp-json\/wp\/v2\/types\/post"}],"author":[{"embeddable":true,"href":"https:\/\/www.r2cpress.com.br\/v1\/wp-json\/wp\/v2\/users\/2"}],"replies":[{"embeddable":true,"href":"https:\/\/www.r2cpress.com.br\/v1\/wp-json\/wp\/v2\/comments?post=27568"}],"version-history":[{"count":3,"href":"https:\/\/www.r2cpress.com.br\/v1\/wp-json\/wp\/v2\/posts\/27568\/revisions"}],"predecessor-version":[{"id":27572,"href":"https:\/\/www.r2cpress.com.br\/v1\/wp-json\/wp\/v2\/posts\/27568\/revisions\/27572"}],"wp:attachment":[{"href":"https:\/\/www.r2cpress.com.br\/v1\/wp-json\/wp\/v2\/media?parent=27568"}],"wp:term":[{"taxonomy":"category","embeddable":true,"href":"https:\/\/www.r2cpress.com.br\/v1\/wp-json\/wp\/v2\/categories?post=27568"},{"taxonomy":"post_tag","embeddable":true,"href":"https:\/\/www.r2cpress.com.br\/v1\/wp-json\/wp\/v2\/tags?post=27568"}],"curies":[{"name":"wp","href":"https:\/\/api.w.org\/{rel}","templated":true}]}}