{"id":27911,"date":"2011-11-03T21:44:29","date_gmt":"2011-11-03T23:44:29","guid":{"rendered":"http:\/\/www.r2cpress.com.br\/v1\/?p=27911"},"modified":"2011-11-03T21:44:29","modified_gmt":"2011-11-03T23:44:29","slug":"associacao-regional-de-engenheiros-e-arquitetos","status":"publish","type":"post","link":"https:\/\/www.r2cpress.com.br\/v1\/2011\/11\/03\/associacao-regional-de-engenheiros-e-arquitetos\/","title":{"rendered":"Associa\u00e7\u00e3o Regional de Engenheiros e Arquitetos"},"content":{"rendered":"<p align=\"center\"><strong>EDITAL DE CONVOCA\u00c7\u00c3O<\/strong><\/p>\n<p>\u00a0Fica convocada reuni\u00e3o extraordin\u00e1ria da ARENA \u2013 Associa\u00e7\u00e3o Regional de Engenheiros e Arquitetos no dia 05 de novembro de 2011, s\u00e1bado, na Sede da Inspetoria do CREA, Rua Conselheiro Dantas, Centro, Ilh\u00e9us, as 09:00h, com a seguinte pauta: discuss\u00e3o sobre a aprova\u00e7\u00e3o pela C\u00e2mara de Vereadores da Lei que <strong><em>disp\u00f5e sobre o solo criado e a regulariza\u00e7\u00e3o onerosa de obras de constru\u00e7\u00e3o, modifica\u00e7\u00e3o ou acr\u00e9scimo j\u00e1 executadas em desacordo com a legisla\u00e7\u00e3o urban\u00edstica e edil\u00edcia vigente, na forma e nas condi\u00e7\u00f5es que menciona.<\/em><\/strong><\/p>\n<p align=\"center\">\u00a0<strong>Taty Bonfim<\/strong><\/p>\n<p><strong>\u00a0\u00a0\u00a0\u00a0\u00a0\u00a0\u00a0\u00a0\u00a0\u00a0\u00a0\u00a0\u00a0\u00a0\u00a0\u00a0\u00a0\u00a0\u00a0\u00a0\u00a0\u00a0\u00a0\u00a0\u00a0\u00a0\u00a0\u00a0\u00a0\u00a0\u00a0\u00a0\u00a0\u00a0\u00a0\u00a0\u00a0\u00a0\u00a0\u00a0\u00a0\u00a0\u00a0\u00a0\u00a0\u00a0\u00a0\u00a0\u00a0\u00a0\u00a0\u00a0\u00a0\u00a0\u00a0\u00a0\u00a0\u00a0\u00a0\u00a0\u00a0\u00a0\u00a0\u00a0\u00a0\u00a0\u00a0\u00a0\u00a0\u00a0\u00a0\u00a0\u00a0\u00a0\u00a0\u00a0\u00a0\u00a0\u00a0\u00a0\u00a0 Presidente\u00a0\u00a0\u00a0\u00a0\u00a0\u00a0\u00a0\u00a0\u00a0\u00a0\u00a0\u00a0\u00a0\u00a0\u00a0\u00a0\u00a0\u00a0\u00a0\u00a0\u00a0\u00a0\u00a0\u00a0\u00a0\u00a0\u00a0\u00a0\u00a0\u00a0\u00a0\u00a0\u00a0\u00a0\u00a0\u00a0\u00a0\u00a0\u00a0\u00a0\u00a0\u00a0\u00a0\u00a0\u00a0\u00a0\u00a0\u00a0\u00a0\u00a0\u00a0 <\/strong><\/p>\n","protected":false},"excerpt":{"rendered":"<p>EDITAL DE CONVOCA\u00c7\u00c3O \u00a0Fica convocada reuni\u00e3o extraordin\u00e1ria da ARENA \u2013 Associa\u00e7\u00e3o Regional de Engenheiros e Arquitetos no dia 05 de novembro de 2011, s\u00e1bado, na Sede da Inspetoria do CREA, Rua Conselheiro Dantas, Centro, Ilh\u00e9us, as 09:00h, com a seguinte pauta: discuss\u00e3o sobre a aprova\u00e7\u00e3o pela C\u00e2mara de Vereadores da Lei que disp\u00f5e sobre o [&hellip;]<\/p>\n","protected":false},"author":2,"featured_media":0,"comment_status":"open","ping_status":"open","sticky":false,"template":"","format":"standard","meta":{"_links_to":"","_links_to_target":""},"categories":[14],"tags":[],"_links":{"self":[{"href":"https:\/\/www.r2cpress.com.br\/v1\/wp-json\/wp\/v2\/posts\/27911"}],"collection":[{"href":"https:\/\/www.r2cpress.com.br\/v1\/wp-json\/wp\/v2\/posts"}],"about":[{"href":"https:\/\/www.r2cpress.com.br\/v1\/wp-json\/wp\/v2\/types\/post"}],"author":[{"embeddable":true,"href":"https:\/\/www.r2cpress.com.br\/v1\/wp-json\/wp\/v2\/users\/2"}],"replies":[{"embeddable":true,"href":"https:\/\/www.r2cpress.com.br\/v1\/wp-json\/wp\/v2\/comments?post=27911"}],"version-history":[{"count":4,"href":"https:\/\/www.r2cpress.com.br\/v1\/wp-json\/wp\/v2\/posts\/27911\/revisions"}],"predecessor-version":[{"id":27915,"href":"https:\/\/www.r2cpress.com.br\/v1\/wp-json\/wp\/v2\/posts\/27911\/revisions\/27915"}],"wp:attachment":[{"href":"https:\/\/www.r2cpress.com.br\/v1\/wp-json\/wp\/v2\/media?parent=27911"}],"wp:term":[{"taxonomy":"category","embeddable":true,"href":"https:\/\/www.r2cpress.com.br\/v1\/wp-json\/wp\/v2\/categories?post=27911"},{"taxonomy":"post_tag","embeddable":true,"href":"https:\/\/www.r2cpress.com.br\/v1\/wp-json\/wp\/v2\/tags?post=27911"}],"curies":[{"name":"wp","href":"https:\/\/api.w.org\/{rel}","templated":true}]}}