{"id":27972,"date":"2011-11-04T19:51:12","date_gmt":"2011-11-04T21:51:12","guid":{"rendered":"http:\/\/www.r2cpress.com.br\/v1\/?p=27972"},"modified":"2011-11-04T19:51:12","modified_gmt":"2011-11-04T21:51:12","slug":"radialistas-comemoram-o-seu-dia-em-ilheus","status":"publish","type":"post","link":"https:\/\/www.r2cpress.com.br\/v1\/2011\/11\/04\/radialistas-comemoram-o-seu-dia-em-ilheus\/","title":{"rendered":"RADIALISTAS COMEMORAM O SEU DIA EM ILH\u00c9US"},"content":{"rendered":"<p>O Sindicato dos Radialistas de Ilh\u00e9us parabeniza aos companheiros de profiss\u00e3o, pela passagem alusiva ao seu dia que se comemora em 07 de novembro, conforme decreto lei n\u00ba 11.327, de 24 de julho de 2006, onde no bojo do Projeto se aproveitou a data natal\u00edcia do Radialista e Compositor ARY BARROSO, autor de AQUARELA DO BRASIL. O Stert de Ilh\u00e9us vem passando por uma grande reformula\u00e7\u00e3o administrativa desde o ano de2009, quando mudou as diretivas com a inclus\u00e3o de novos diretores, capitaneado pelo presidente licenciado Elias Reis.<br \/>\nO Sindicato alcan\u00e7ou grandes avan\u00e7os com cursos de qualifica\u00e7\u00e3o; promo\u00e7\u00e3o do lan\u00e7amento conjuntamente com a R\u00e1dio Uesc do livro \u201c70 anos de radiojornalismo no Brasil\u201d; participa\u00e7\u00e3o no Conselho das Cidades; Movimento em prol do Porto Sul; Participa\u00e7\u00e3o no Forumat; Semana da Comunica\u00e7\u00e3o da Uesc, entre outras atividades, que promovem o desenvolvimento do munic\u00edpio de Ilh\u00e9us.<br \/>\nEst\u00e1 sendo agendado na C\u00e2mara Municipal, uma Sess\u00e3o Especial no dia 09 do corrente m\u00eas, \u00e0s 16 horas, para que o Stert, reconheca e externe aos presentes a plena dedica\u00e7\u00e3o de sues filiados, e daqueles que ajudaram a construir a radiodifus\u00e3o ilheense. O vereador Jailson Nascimento, por sua vez, solicitou uma mo\u00e7\u00e3o de congratula\u00e7\u00e3o de n\u00ba 085\/2011, subscrito pelos vereadores Marcos Fl\u00e1vio e Edivaldo Nascimento, parabenizando a todos os profissionais do r\u00e1dio.<br \/>\nNeste ano, estaremos homenageando profissionais e amigos dos radialistas, como o trof\u00e9u, \u201cradialista Antonio Bispo dos Santos \u2013 Tony Neto \u2013 in mem\u00f3ria\u201d. No ensejo, lembramos ainda que estaremos realizando a nossa festa, no dia 27 de novembro, a partir das 10 horas, no Sat\u00e9lite Esporte Clube, com a entrega dos trof\u00e9us aos premiados do de 2010\/2011, seguidos de uma boa m\u00fasica e uma suculenta feijoada. <\/p>\n","protected":false},"excerpt":{"rendered":"<p>O Sindicato dos Radialistas de Ilh\u00e9us parabeniza aos companheiros de profiss\u00e3o, pela passagem alusiva ao seu dia que se comemora em 07 de novembro, conforme decreto lei n\u00ba 11.327, de 24 de julho de 2006, onde no bojo do Projeto se aproveitou a data natal\u00edcia do Radialista e Compositor ARY BARROSO, autor de AQUARELA DO [&hellip;]<\/p>\n","protected":false},"author":2,"featured_media":0,"comment_status":"open","ping_status":"open","sticky":false,"template":"","format":"standard","meta":{"_links_to":"","_links_to_target":""},"categories":[26],"tags":[],"_links":{"self":[{"href":"https:\/\/www.r2cpress.com.br\/v1\/wp-json\/wp\/v2\/posts\/27972"}],"collection":[{"href":"https:\/\/www.r2cpress.com.br\/v1\/wp-json\/wp\/v2\/posts"}],"about":[{"href":"https:\/\/www.r2cpress.com.br\/v1\/wp-json\/wp\/v2\/types\/post"}],"author":[{"embeddable":true,"href":"https:\/\/www.r2cpress.com.br\/v1\/wp-json\/wp\/v2\/users\/2"}],"replies":[{"embeddable":true,"href":"https:\/\/www.r2cpress.com.br\/v1\/wp-json\/wp\/v2\/comments?post=27972"}],"version-history":[{"count":2,"href":"https:\/\/www.r2cpress.com.br\/v1\/wp-json\/wp\/v2\/posts\/27972\/revisions"}],"predecessor-version":[{"id":27974,"href":"https:\/\/www.r2cpress.com.br\/v1\/wp-json\/wp\/v2\/posts\/27972\/revisions\/27974"}],"wp:attachment":[{"href":"https:\/\/www.r2cpress.com.br\/v1\/wp-json\/wp\/v2\/media?parent=27972"}],"wp:term":[{"taxonomy":"category","embeddable":true,"href":"https:\/\/www.r2cpress.com.br\/v1\/wp-json\/wp\/v2\/categories?post=27972"},{"taxonomy":"post_tag","embeddable":true,"href":"https:\/\/www.r2cpress.com.br\/v1\/wp-json\/wp\/v2\/tags?post=27972"}],"curies":[{"name":"wp","href":"https:\/\/api.w.org\/{rel}","templated":true}]}}