{"id":28047,"date":"2011-11-06T09:24:42","date_gmt":"2011-11-06T11:24:42","guid":{"rendered":"http:\/\/www.r2cpress.com.br\/v1\/?p=28047"},"modified":"2011-11-06T09:24:42","modified_gmt":"2011-11-06T11:24:42","slug":"catende-roubou-no-centro-e-correu-pro-pacheco-se-deu-mal","status":"publish","type":"post","link":"https:\/\/www.r2cpress.com.br\/v1\/2011\/11\/06\/catende-roubou-no-centro-e-correu-pro-pacheco-se-deu-mal\/","title":{"rendered":"CATENDE roubou no centro e correu pro Pacheco, se deu mal."},"content":{"rendered":"<p>Por volta das 7:30 um elemento de nome Natanael dos Reis Santana roubou um celular Nokia de uma estudante do Col\u00e9gio S\u00e3o Jorge nas media\u00e7\u00f5es da Receita Federal, momento em que passava um dupla de Policiamento Ostensivo da 68 CIPM que foi acionados pela v\u00edtima I.L.C.V (menor), os policiais empreenderam persegui\u00e7\u00e3o ao elemento que evadiu-se para as media\u00e7\u00f5es do Est\u00e1dio M\u00e1rio Pessoa. Neste momento a dupla acionou a VTR 6802, PETO 68 e Moto ronda escolar que cercaram o local, devido ao elemento ter invadido uma casa e entrado no matagal que da sa\u00edda para o Pacheco.<br \/>\n<center><a href=\"http:\/\/www.r2cpress.com.br\/v1\/wp-content\/uploads\/catende-preso.jpg\"><img loading=\"lazy\" src=\"http:\/\/www.r2cpress.com.br\/v1\/wp-content\/uploads\/catende-preso.jpg\" alt=\"\" title=\"catende preso\" width=\"400\" height=\"300\" class=\"aligncenter size-full wp-image-28048\" srcset=\"https:\/\/www.r2cpress.com.br\/v1\/wp-content\/uploads\/catende-preso.jpg 400w, https:\/\/www.r2cpress.com.br\/v1\/wp-content\/uploads\/catende-preso-300x225.jpg 300w\" sizes=\"(max-width: 400px) 100vw, 400px\" \/><\/a><\/center><br \/>\nO elemento foi preso ap\u00f3s pular v\u00e1rios quintais. Elemento este conhecido como Catende do Malhado.<\/p>\n","protected":false},"excerpt":{"rendered":"<p>Por volta das 7:30 um elemento de nome Natanael dos Reis Santana roubou um celular Nokia de uma estudante do Col\u00e9gio S\u00e3o Jorge nas media\u00e7\u00f5es da Receita Federal, momento em que passava um dupla de Policiamento Ostensivo da 68 CIPM que foi acionados pela v\u00edtima I.L.C.V (menor), os policiais empreenderam persegui\u00e7\u00e3o ao elemento que evadiu-se [&hellip;]<\/p>\n","protected":false},"author":2,"featured_media":0,"comment_status":"open","ping_status":"open","sticky":false,"template":"","format":"standard","meta":{"_links_to":"","_links_to_target":""},"categories":[25],"tags":[],"_links":{"self":[{"href":"https:\/\/www.r2cpress.com.br\/v1\/wp-json\/wp\/v2\/posts\/28047"}],"collection":[{"href":"https:\/\/www.r2cpress.com.br\/v1\/wp-json\/wp\/v2\/posts"}],"about":[{"href":"https:\/\/www.r2cpress.com.br\/v1\/wp-json\/wp\/v2\/types\/post"}],"author":[{"embeddable":true,"href":"https:\/\/www.r2cpress.com.br\/v1\/wp-json\/wp\/v2\/users\/2"}],"replies":[{"embeddable":true,"href":"https:\/\/www.r2cpress.com.br\/v1\/wp-json\/wp\/v2\/comments?post=28047"}],"version-history":[{"count":3,"href":"https:\/\/www.r2cpress.com.br\/v1\/wp-json\/wp\/v2\/posts\/28047\/revisions"}],"predecessor-version":[{"id":28051,"href":"https:\/\/www.r2cpress.com.br\/v1\/wp-json\/wp\/v2\/posts\/28047\/revisions\/28051"}],"wp:attachment":[{"href":"https:\/\/www.r2cpress.com.br\/v1\/wp-json\/wp\/v2\/media?parent=28047"}],"wp:term":[{"taxonomy":"category","embeddable":true,"href":"https:\/\/www.r2cpress.com.br\/v1\/wp-json\/wp\/v2\/categories?post=28047"},{"taxonomy":"post_tag","embeddable":true,"href":"https:\/\/www.r2cpress.com.br\/v1\/wp-json\/wp\/v2\/tags?post=28047"}],"curies":[{"name":"wp","href":"https:\/\/api.w.org\/{rel}","templated":true}]}}