{"id":28761,"date":"2011-11-15T13:37:45","date_gmt":"2011-11-15T15:37:45","guid":{"rendered":"http:\/\/www.r2cpress.com.br\/v1\/?p=28761"},"modified":"2011-11-15T13:40:39","modified_gmt":"2011-11-15T15:40:39","slug":"nos-preparativos","status":"publish","type":"post","link":"https:\/\/www.r2cpress.com.br\/v1\/2011\/11\/15\/nos-preparativos\/","title":{"rendered":"Nos preparativos"},"content":{"rendered":"<p>Oi,<br \/>\nEstou aqui arrumando as coisas, catologando os exames e decidido mesmo a fazer essa consulta em Salvador para emplacar a minha cirurgia. Vou amanh\u00e3 logo cedo.<br \/>\n<div id=\"attachment_28765\" style=\"width: 206px\" class=\"wp-caption alignright\"><a href=\"http:\/\/www.r2cpress.com.br\/v1\/wp-content\/uploads\/BERAZINHO_BARBA.jpg\"><img aria-describedby=\"caption-attachment-28765\" loading=\"lazy\" src=\"http:\/\/www.r2cpress.com.br\/v1\/wp-content\/uploads\/BERAZINHO_BARBA.jpg\" alt=\"\" title=\"BERAZINHO_BARBA\" width=\"196\" height=\"206\" class=\"size-full wp-image-28765\" \/><\/a><p id=\"caption-attachment-28765\" class=\"wp-caption-text\">Berazinho se achando ...<\/p><\/div>Ontem Berazinho teve um piripaque e foi parar na UTI. J\u00e1 deve ter feito o cateterismo pra saber se abre ou n\u00e3o. Segundo Nem e terceiro Pilha a situa\u00e7\u00e3o est\u00e1 controlada. Bem que a gente poderia ir junto pra derrubar o pre\u00e7o porque na bistunta deve ser mais barato. Do tipo: fa\u00e7a uma e a outra \u00e9 gr\u00e1tis&#8230;<br \/>\nJ\u00e1 fiz umas ora\u00e7\u00f5es pra ele que t\u00e1 se achando lindo de barba. N\u00e3o sei quem meteu isso na cabe\u00e7a dele. Nem fica &#8220;bunito&#8221; de barba porque sempre usou mas Berazinho n\u00e3o est\u00e1 feio &#8211; \u00e9 bem verdade &#8211; est\u00e1 horr\u00edvel.<br \/>\nPassado o susto voltei minhas aten\u00e7\u00f5es para o question\u00e1rio. O m\u00e9dico vai pirar porque s\u00f3 de perguntas tem duas folhas de papel of\u00edcio digitadas com fonte 11.<br \/>\nNestante vou arrumar um tempinho e colocar algumas coisas aqui no site. J\u00e1 tomei todos os rem\u00e9dios, a respira\u00e7\u00e3o equilibrou, a tosse deu uma tr\u00e9gua e, assim, vamos vencer mais um dia.<br \/>\nBj\u00e3o e t\u00e9+<br \/>\nFique com <strong>DEUS <\/strong>(Sempre!).<br \/>\nRabat<\/p>\n","protected":false},"excerpt":{"rendered":"<p>Oi, Estou aqui arrumando as coisas, catologando os exames e decidido mesmo a fazer essa consulta em Salvador para emplacar a minha cirurgia. Vou amanh\u00e3 logo cedo. Ontem Berazinho teve um piripaque e foi parar na UTI. J\u00e1 deve ter feito o cateterismo pra saber se abre ou n\u00e3o. Segundo Nem e terceiro Pilha a [&hellip;]<\/p>\n","protected":false},"author":2,"featured_media":0,"comment_status":"open","ping_status":"open","sticky":false,"template":"","format":"standard","meta":{"_links_to":"","_links_to_target":""},"categories":[10],"tags":[],"_links":{"self":[{"href":"https:\/\/www.r2cpress.com.br\/v1\/wp-json\/wp\/v2\/posts\/28761"}],"collection":[{"href":"https:\/\/www.r2cpress.com.br\/v1\/wp-json\/wp\/v2\/posts"}],"about":[{"href":"https:\/\/www.r2cpress.com.br\/v1\/wp-json\/wp\/v2\/types\/post"}],"author":[{"embeddable":true,"href":"https:\/\/www.r2cpress.com.br\/v1\/wp-json\/wp\/v2\/users\/2"}],"replies":[{"embeddable":true,"href":"https:\/\/www.r2cpress.com.br\/v1\/wp-json\/wp\/v2\/comments?post=28761"}],"version-history":[{"count":7,"href":"https:\/\/www.r2cpress.com.br\/v1\/wp-json\/wp\/v2\/posts\/28761\/revisions"}],"predecessor-version":[{"id":28769,"href":"https:\/\/www.r2cpress.com.br\/v1\/wp-json\/wp\/v2\/posts\/28761\/revisions\/28769"}],"wp:attachment":[{"href":"https:\/\/www.r2cpress.com.br\/v1\/wp-json\/wp\/v2\/media?parent=28761"}],"wp:term":[{"taxonomy":"category","embeddable":true,"href":"https:\/\/www.r2cpress.com.br\/v1\/wp-json\/wp\/v2\/categories?post=28761"},{"taxonomy":"post_tag","embeddable":true,"href":"https:\/\/www.r2cpress.com.br\/v1\/wp-json\/wp\/v2\/tags?post=28761"}],"curies":[{"name":"wp","href":"https:\/\/api.w.org\/{rel}","templated":true}]}}