{"id":28879,"date":"2011-11-18T07:16:41","date_gmt":"2011-11-18T09:16:41","guid":{"rendered":"http:\/\/www.r2cpress.com.br\/v1\/?p=28879"},"modified":"2011-11-18T07:16:41","modified_gmt":"2011-11-18T09:16:41","slug":"servicos-da-embasa","status":"publish","type":"post","link":"https:\/\/www.r2cpress.com.br\/v1\/2011\/11\/18\/servicos-da-embasa\/","title":{"rendered":"SERVI\u00c7OS DA EMBASA"},"content":{"rendered":"<p>        No pr\u00f3ximo dia 22(ter\u00e7a-feira), a partir das 14h, no Col\u00e9gio Estadual do Bas\u00edlio, o bairro, receber\u00e1 os servi\u00e7os da EMBASA.<br \/>\n        Trata-se de uma equipe liderada pela assistente social Cibele Fontes, que far\u00e1 esclarecimentos a respeito de benef\u00edcios concedidos pela empresa na redu\u00e7\u00e3o da conta de \u00e1gua, liga\u00e7\u00f5es de  esgoto, racionamento de \u00e1gua e esclarecimentos sobre focos do mosquito da dengue, dentre outros.<br \/>\n        Convidamos toda a comunidade do bairro que tem problemas com a embasa(ou n\u00e3o), para comparecerem e tirar d\u00favidas sobre os diversos assuntos.<\/p>\n<p>Embasa e Associa\u00e7\u00e3o de Moradores do Bas\u00edlio<\/p>\n","protected":false},"excerpt":{"rendered":"<p>No pr\u00f3ximo dia 22(ter\u00e7a-feira), a partir das 14h, no Col\u00e9gio Estadual do Bas\u00edlio, o bairro, receber\u00e1 os servi\u00e7os da EMBASA. Trata-se de uma equipe liderada pela assistente social Cibele Fontes, que far\u00e1 esclarecimentos a respeito de benef\u00edcios concedidos pela empresa na redu\u00e7\u00e3o da conta de \u00e1gua, liga\u00e7\u00f5es de esgoto, racionamento de \u00e1gua e esclarecimentos sobre [&hellip;]<\/p>\n","protected":false},"author":2,"featured_media":0,"comment_status":"open","ping_status":"open","sticky":false,"template":"","format":"standard","meta":{"_links_to":"","_links_to_target":""},"categories":[10],"tags":[],"_links":{"self":[{"href":"https:\/\/www.r2cpress.com.br\/v1\/wp-json\/wp\/v2\/posts\/28879"}],"collection":[{"href":"https:\/\/www.r2cpress.com.br\/v1\/wp-json\/wp\/v2\/posts"}],"about":[{"href":"https:\/\/www.r2cpress.com.br\/v1\/wp-json\/wp\/v2\/types\/post"}],"author":[{"embeddable":true,"href":"https:\/\/www.r2cpress.com.br\/v1\/wp-json\/wp\/v2\/users\/2"}],"replies":[{"embeddable":true,"href":"https:\/\/www.r2cpress.com.br\/v1\/wp-json\/wp\/v2\/comments?post=28879"}],"version-history":[{"count":2,"href":"https:\/\/www.r2cpress.com.br\/v1\/wp-json\/wp\/v2\/posts\/28879\/revisions"}],"predecessor-version":[{"id":28881,"href":"https:\/\/www.r2cpress.com.br\/v1\/wp-json\/wp\/v2\/posts\/28879\/revisions\/28881"}],"wp:attachment":[{"href":"https:\/\/www.r2cpress.com.br\/v1\/wp-json\/wp\/v2\/media?parent=28879"}],"wp:term":[{"taxonomy":"category","embeddable":true,"href":"https:\/\/www.r2cpress.com.br\/v1\/wp-json\/wp\/v2\/categories?post=28879"},{"taxonomy":"post_tag","embeddable":true,"href":"https:\/\/www.r2cpress.com.br\/v1\/wp-json\/wp\/v2\/tags?post=28879"}],"curies":[{"name":"wp","href":"https:\/\/api.w.org\/{rel}","templated":true}]}}