{"id":29289,"date":"2011-11-24T11:39:48","date_gmt":"2011-11-24T13:39:48","guid":{"rendered":"http:\/\/www.r2cpress.com.br\/v1\/?p=29289"},"modified":"2011-11-24T11:39:48","modified_gmt":"2011-11-24T13:39:48","slug":"%e2%80%9cbataclan-cultural%e2%80%9d-segue-com-muitas-atracoes","status":"publish","type":"post","link":"https:\/\/www.r2cpress.com.br\/v1\/2011\/11\/24\/%e2%80%9cbataclan-cultural%e2%80%9d-segue-com-muitas-atracoes\/","title":{"rendered":"\u201cBataclan Cultural\u201d segue com muitas atra\u00e7\u00f5es"},"content":{"rendered":"<div id=\"attachment_29290\" style=\"width: 310px\" class=\"wp-caption alignleft\"><a href=\"http:\/\/www.r2cpress.com.br\/v1\/wp-content\/uploads\/bataclan-noite.jpg\"><img aria-describedby=\"caption-attachment-29290\" loading=\"lazy\" class=\"size-medium wp-image-29290\" title=\"bataclan noite\" src=\"http:\/\/www.r2cpress.com.br\/v1\/wp-content\/uploads\/bataclan-noite-300x203.jpg\" alt=\"\" width=\"300\" height=\"203\" srcset=\"https:\/\/www.r2cpress.com.br\/v1\/wp-content\/uploads\/bataclan-noite-300x203.jpg 300w, https:\/\/www.r2cpress.com.br\/v1\/wp-content\/uploads\/bataclan-noite.jpg 680w\" sizes=\"(max-width: 300px) 100vw, 300px\" \/><\/a><p id=\"caption-attachment-29290\" class=\"wp-caption-text\">At\u00e9 janeiro espa\u00e7o ser\u00e1 palco para diversas apresenta\u00e7\u00f5es art\u00edsticas.<\/p><\/div>\n<p>E segue a todo vapor a programa\u00e7\u00e3o semanal do Projeto Bataclan Cultural.\u00a0 Iniciado no come\u00e7o de novembro, a iniciativa tem como objetivo ofertar ao p\u00fablico uma s\u00e9rie de atra\u00e7\u00f5es, objetivando reafirmar o lugar como um verdadeiro espa\u00e7o cultural, legitimamente democr\u00e1tico e acess\u00edvel para todos. E nesse leque de atra\u00e7\u00f5es estar\u00e3o presentes exposi\u00e7\u00f5es de artes visuais, apresenta\u00e7\u00f5es musicais variadas, oficinas, mostras audiovisuais, aulas de capoeira e apresenta\u00e7\u00f5es sobre a hist\u00f3ria do espa\u00e7o, etc.<\/p>\n<p>Hoje (24), a partir das 20h ser\u00e1 realizada a \u201cMostra Ray Charles\u201d, que contar\u00e1 com proje\u00e7\u00f5es dos cl\u00e1ssicos do jazz, da bossa nova, samba e muito soul music antigo e contempor\u00e2neo. Na sexta-feira (25) ser\u00e1 a vez do \u201cMusica na Cena\u201d, com Wilson Bonner, compositor e artes\u00e3o potiguar, que far\u00e1 um relato musical sobre suas viv\u00eancias e andan\u00e7as pelo mundo. J\u00e1 no s\u00e1bado (26) ser\u00e1 a vez do violonista, compositor e cantor Jorge Amorim, que levar\u00e1 ao p\u00fablico muita MPB, jazz e improvisos r\u00edtmicos.<\/p>\n<p>O projeto Bataclan Cultural est\u00e1 sendo oferecido pela CICON e \u00e9 uma realiza\u00e7\u00e3o do Coletivo Prumo. Mais informa\u00e7\u00f5es sobre o projeto est\u00e3o dispon\u00edveis no site: <a href=\"http:\/\/coletivoprumo.wordpress.com\/\" target=\"_blank\">http:\/\/coletivoprumo.wordpress.com<\/a>. Contatos atrav\u00e9s do e-mail <a href=\"http:\/\/mce_host\/compose?to=comunicacao.prumo@gmail.com\" target=\"_blank\">comunicacao.prumo@gmail.com<\/a> ou pelos telefones (73) 9191-2221 e 9110-4490.<\/p>\n","protected":false},"excerpt":{"rendered":"<p>E segue a todo vapor a programa\u00e7\u00e3o semanal do Projeto Bataclan Cultural.\u00a0 Iniciado no come\u00e7o de novembro, a iniciativa tem como objetivo ofertar ao p\u00fablico uma s\u00e9rie de atra\u00e7\u00f5es, objetivando reafirmar o lugar como um verdadeiro espa\u00e7o cultural, legitimamente democr\u00e1tico e acess\u00edvel para todos. E nesse leque de atra\u00e7\u00f5es estar\u00e3o presentes exposi\u00e7\u00f5es de artes visuais, [&hellip;]<\/p>\n","protected":false},"author":2,"featured_media":0,"comment_status":"open","ping_status":"open","sticky":false,"template":"","format":"standard","meta":{"_links_to":"","_links_to_target":""},"categories":[5],"tags":[],"_links":{"self":[{"href":"https:\/\/www.r2cpress.com.br\/v1\/wp-json\/wp\/v2\/posts\/29289"}],"collection":[{"href":"https:\/\/www.r2cpress.com.br\/v1\/wp-json\/wp\/v2\/posts"}],"about":[{"href":"https:\/\/www.r2cpress.com.br\/v1\/wp-json\/wp\/v2\/types\/post"}],"author":[{"embeddable":true,"href":"https:\/\/www.r2cpress.com.br\/v1\/wp-json\/wp\/v2\/users\/2"}],"replies":[{"embeddable":true,"href":"https:\/\/www.r2cpress.com.br\/v1\/wp-json\/wp\/v2\/comments?post=29289"}],"version-history":[{"count":3,"href":"https:\/\/www.r2cpress.com.br\/v1\/wp-json\/wp\/v2\/posts\/29289\/revisions"}],"predecessor-version":[{"id":29293,"href":"https:\/\/www.r2cpress.com.br\/v1\/wp-json\/wp\/v2\/posts\/29289\/revisions\/29293"}],"wp:attachment":[{"href":"https:\/\/www.r2cpress.com.br\/v1\/wp-json\/wp\/v2\/media?parent=29289"}],"wp:term":[{"taxonomy":"category","embeddable":true,"href":"https:\/\/www.r2cpress.com.br\/v1\/wp-json\/wp\/v2\/categories?post=29289"},{"taxonomy":"post_tag","embeddable":true,"href":"https:\/\/www.r2cpress.com.br\/v1\/wp-json\/wp\/v2\/tags?post=29289"}],"curies":[{"name":"wp","href":"https:\/\/api.w.org\/{rel}","templated":true}]}}