{"id":29558,"date":"2011-11-27T12:07:38","date_gmt":"2011-11-27T14:07:38","guid":{"rendered":"http:\/\/www.r2cpress.com.br\/v1\/?p=29558"},"modified":"2011-11-27T12:07:38","modified_gmt":"2011-11-27T14:07:38","slug":"denuncia-7","status":"publish","type":"post","link":"https:\/\/www.r2cpress.com.br\/v1\/2011\/11\/27\/denuncia-7\/","title":{"rendered":"Denuncia"},"content":{"rendered":"<p>De: Marly <costamarly2011 @hotmail.com><br \/>\nAssunto: Denuncia<\/p>\n<p>Corpo da mensagem:<br \/>\nAmigos, preciso que voc\u00eas me ajudem a divulgar essa nota. Quem sabe fazendo correr a noticia eu consiga que a Prefeitura de Ilh\u00e9us, junto com a Secretaria epidemiol\u00f3gica tome alguma provid\u00eancia.<br \/>\nComo estamos agora no per\u00edodo de chuvas, \u00e9poca propicia para aumentar ainda mais os focos de dengue, terrenos no Loteamento Perola do Mar, ao lado do posto sinal verde, Km 3, Rodovia Ilh\u00e9us\/Oliven\u00e7a, est\u00e3o completamente tomado de \u00e1gua e matos, funcionando como locais de prolifera\u00e7\u00e3o do mosquito da dengue, principalmente pelo ac\u00famulo de \u00e1gua nesses terrenos baldios.<br \/>\nJ\u00e1 fiz uma denuncia a secretaria epidemiol\u00f3gica e n\u00e3o fizeram nada, &#8220;n\u00e3o conseguimos localizar o propriet\u00e1rio do terreno&#8221;&#8230; o fato \u00e9, eu moro ao lado a esse terreno h\u00e1 mais de 5 anos e a situa\u00e7\u00e3o s\u00f3 piora a cada temporada de chuvas, at\u00e9 meu muro est\u00e1 sujeito a cair, sem contar com a grande quantidades de sapos, ratos  e mosquitos.<br \/>\nEu mesma j\u00e1 gastei muito dinheiro pagando para firmas particulares dedetizarem minha resid\u00eancia, acho injusto que eu pague por isso, quando a responsabilidade \u00e9 da prefeitura, afinal para onde vai o dinheiro do IPTU e outros tributos anuais que pagamos? Se o propriet\u00e1rio n\u00e3o \u00e9 identificado cabe a prefeitura limpar e aterrar o terreno, garantindo o nosso direito de cidad\u00e3o e contribuinte, o terreno tem cadastro na prefeitura com os dados de quem o comprou ou ser\u00e1 que a prefeitura n\u00e3o cobra IPTU do lugar ????!!!! Meu pedido a voc\u00eas \u00e9 esse me ajudem a divulgar essa vergonha, esse descaso da municipalidade da Prefeitura de Ilh\u00e9us.<br \/>\nA pergunta que n\u00e3o quer calar \u00e9 a seguinte: Quantas pessoas ainda precisar\u00e3o morrer para que alguma provid\u00eancia seja tomada? Desculpas n\u00e3o salvam vidas e o mosquito da Dengue n\u00e3o faz acep\u00e7\u00e3o de pessoas e classes sociais<\/p>\n<p>&#8212;<br \/>\nEsta mensagem foi enviada atrav\u00e9s do formul\u00e1rio de contato do site R2CPRESS | A Letra Fria da Verdade http:\/\/www.r2cpress.com.br\/v1<\/costamarly2011><\/p>\n","protected":false},"excerpt":{"rendered":"<p>De: Marly Assunto: Denuncia Corpo da mensagem: Amigos, preciso que voc\u00eas me ajudem a divulgar essa nota. Quem sabe fazendo correr a noticia eu consiga que a Prefeitura de Ilh\u00e9us, junto com a Secretaria epidemiol\u00f3gica tome alguma provid\u00eancia. Como estamos agora no per\u00edodo de chuvas, \u00e9poca propicia para aumentar ainda mais os focos de dengue, [&hellip;]<\/p>\n","protected":false},"author":2,"featured_media":0,"comment_status":"open","ping_status":"open","sticky":false,"template":"","format":"standard","meta":{"_links_to":"","_links_to_target":""},"categories":[10],"tags":[],"_links":{"self":[{"href":"https:\/\/www.r2cpress.com.br\/v1\/wp-json\/wp\/v2\/posts\/29558"}],"collection":[{"href":"https:\/\/www.r2cpress.com.br\/v1\/wp-json\/wp\/v2\/posts"}],"about":[{"href":"https:\/\/www.r2cpress.com.br\/v1\/wp-json\/wp\/v2\/types\/post"}],"author":[{"embeddable":true,"href":"https:\/\/www.r2cpress.com.br\/v1\/wp-json\/wp\/v2\/users\/2"}],"replies":[{"embeddable":true,"href":"https:\/\/www.r2cpress.com.br\/v1\/wp-json\/wp\/v2\/comments?post=29558"}],"version-history":[{"count":2,"href":"https:\/\/www.r2cpress.com.br\/v1\/wp-json\/wp\/v2\/posts\/29558\/revisions"}],"predecessor-version":[{"id":29560,"href":"https:\/\/www.r2cpress.com.br\/v1\/wp-json\/wp\/v2\/posts\/29558\/revisions\/29560"}],"wp:attachment":[{"href":"https:\/\/www.r2cpress.com.br\/v1\/wp-json\/wp\/v2\/media?parent=29558"}],"wp:term":[{"taxonomy":"category","embeddable":true,"href":"https:\/\/www.r2cpress.com.br\/v1\/wp-json\/wp\/v2\/categories?post=29558"},{"taxonomy":"post_tag","embeddable":true,"href":"https:\/\/www.r2cpress.com.br\/v1\/wp-json\/wp\/v2\/tags?post=29558"}],"curies":[{"name":"wp","href":"https:\/\/api.w.org\/{rel}","templated":true}]}}