{"id":29574,"date":"2011-11-27T16:30:36","date_gmt":"2011-11-27T18:30:36","guid":{"rendered":"http:\/\/www.r2cpress.com.br\/v1\/?p=29574"},"modified":"2011-11-27T16:30:36","modified_gmt":"2011-11-27T18:30:36","slug":"e-agora-o-que-esta-faltando","status":"publish","type":"post","link":"https:\/\/www.r2cpress.com.br\/v1\/2011\/11\/27\/e-agora-o-que-esta-faltando\/","title":{"rendered":"e agora  o que est\u00e1 faltando ??"},"content":{"rendered":"<p>De: thiago <thiago .ilheus@hotmail.com>\nAssunto: e agora  o que est\u00e1 faltando ??<\/p>\n<p>Corpo da mensagem:<br \/>\nA ANAC (Ag\u00eancia Nacional de Avalia\u00e7\u00e3o Civil) determinou em 2007, a redu\u00e7\u00e3o de 110 metros da pista do aeroporto de Ilh\u00e9us, pela proximidade com a rodovia BA-001 que passa pela frente de uma de suas cabeceiras. Depois desta medida a TAM, maior empresa a usar o terminal, parou de operar em Ilh\u00e9us com aeronaves Airbus A320, que tem maior capacidade de passageiros e tamb\u00e9m de carga, passando a operam com seus Airbus A319. Com isso muitos setores da sociedade reclamaram, por entender que houve queda no fluxo de turistas e de cargas, principalmente para o P\u00f3lo de Inform\u00e1tica de Ilh\u00e9us.<\/p>\n<p>Em agosto de 2008, a ANAC determinou que a partir da 0 hora do dia 2 de setembro daquele mesmo ano, voos noturnos por meio de instrumentos estariam proibidos de decolar e de pousar no aeroporto, assim como tamb\u00e9m durante o dia quando houver neblina ou fortes chuvas. A medida foi tomada ap\u00f3s um estudo realizado pelo Departamento do Controle do Espa\u00e7o A\u00e9reo (DCEA), que apontou 65 obst\u00e1culos (postes e propriedades privadas). A Infraero foi notificada e a medida entrou em vigor somente \u00e0s 0 hora do dia 16 de setembro, ap\u00f3s a ANAC prorrogar a medida para essa \u00faltima data. Com isso Gol e TAM cancelaram seus voos noturnos.<\/p>\n<p>TODOS OS OBST\u00c1CULOS J\u00c1 FORAM TIRADOS, DESDE OUTUBRO DE 2009,OS V\u00d4OS JA PODEM VOLTAR A OPERAR NORMALMENTE, SEM QUALQUER TIPO DE RESTRI\u00c7\u00c3O.<\/p>\n<p>sendo assim o que falta para termos de volta os v\u00f4os noturnos ??<\/p>\n<p>&#8212;<br \/>\nEsta mensagem foi enviada atrav\u00e9s do formul\u00e1rio de contato do site R2CPRESS | A Letra Fria da Verdade http:\/\/www.r2cpress.com.br\/v1\n<\/thiago>\n","protected":false},"excerpt":{"rendered":"<p>De: thiago Assunto: e agora o que est\u00e1 faltando ?? Corpo da mensagem: A ANAC (Ag\u00eancia Nacional de Avalia\u00e7\u00e3o Civil) determinou em 2007, a redu\u00e7\u00e3o de 110 metros da pista do aeroporto de Ilh\u00e9us, pela proximidade com a rodovia BA-001 que passa pela frente de uma de suas cabeceiras. Depois desta medida a TAM, maior [&hellip;]<\/p>\n","protected":false},"author":2,"featured_media":0,"comment_status":"open","ping_status":"open","sticky":false,"template":"","format":"standard","meta":{"_links_to":"","_links_to_target":""},"categories":[10],"tags":[],"_links":{"self":[{"href":"https:\/\/www.r2cpress.com.br\/v1\/wp-json\/wp\/v2\/posts\/29574"}],"collection":[{"href":"https:\/\/www.r2cpress.com.br\/v1\/wp-json\/wp\/v2\/posts"}],"about":[{"href":"https:\/\/www.r2cpress.com.br\/v1\/wp-json\/wp\/v2\/types\/post"}],"author":[{"embeddable":true,"href":"https:\/\/www.r2cpress.com.br\/v1\/wp-json\/wp\/v2\/users\/2"}],"replies":[{"embeddable":true,"href":"https:\/\/www.r2cpress.com.br\/v1\/wp-json\/wp\/v2\/comments?post=29574"}],"version-history":[{"count":2,"href":"https:\/\/www.r2cpress.com.br\/v1\/wp-json\/wp\/v2\/posts\/29574\/revisions"}],"predecessor-version":[{"id":29576,"href":"https:\/\/www.r2cpress.com.br\/v1\/wp-json\/wp\/v2\/posts\/29574\/revisions\/29576"}],"wp:attachment":[{"href":"https:\/\/www.r2cpress.com.br\/v1\/wp-json\/wp\/v2\/media?parent=29574"}],"wp:term":[{"taxonomy":"category","embeddable":true,"href":"https:\/\/www.r2cpress.com.br\/v1\/wp-json\/wp\/v2\/categories?post=29574"},{"taxonomy":"post_tag","embeddable":true,"href":"https:\/\/www.r2cpress.com.br\/v1\/wp-json\/wp\/v2\/tags?post=29574"}],"curies":[{"name":"wp","href":"https:\/\/api.w.org\/{rel}","templated":true}]}}