{"id":3003,"date":"2010-11-25T16:06:06","date_gmt":"2010-11-25T19:06:06","guid":{"rendered":"http:\/\/www.r2cpress.com.br\/v1\/?p=3003"},"modified":"2010-11-25T16:06:06","modified_gmt":"2010-11-25T19:06:06","slug":"prefeitura-municipal-de-ilheus-23","status":"publish","type":"post","link":"https:\/\/www.r2cpress.com.br\/v1\/2010\/11\/25\/prefeitura-municipal-de-ilheus-23\/","title":{"rendered":"Prefeitura Municipal de Ilh\u00e9us"},"content":{"rendered":"<p><div id=\"attachment_3004\" style=\"width: 310px\" class=\"wp-caption alignnone\"><a href=\"http:\/\/www.r2cpress.com.br\/v1\/wp-content\/uploads\/PMI-25-11-2010.jpg\"><img aria-describedby=\"caption-attachment-3004\" loading=\"lazy\" src=\"http:\/\/www.r2cpress.com.br\/v1\/wp-content\/uploads\/PMI-25-11-2010-300x240.jpg\" alt=\"\" title=\"PMI 25 11 2010\" width=\"300\" height=\"240\" class=\"size-medium wp-image-3004\" srcset=\"https:\/\/www.r2cpress.com.br\/v1\/wp-content\/uploads\/PMI-25-11-2010-300x240.jpg 300w, https:\/\/www.r2cpress.com.br\/v1\/wp-content\/uploads\/PMI-25-11-2010.jpg 700w\" sizes=\"(max-width: 300px) 100vw, 300px\" \/><\/a><p id=\"caption-attachment-3004\" class=\"wp-caption-text\">A\u00c7\u00d5ES DA PREFEITURA DE ILH\u00c9US<\/p><\/div><br \/>\nPrefeito em exerc\u00edcio e secret\u00e1rio discutem estrat\u00e9gias contra a dengue<br \/>\nProvas para sele\u00e7\u00e3o de salva- vidas seguem nesta 6\u00aa feira<br \/>\nMaramata recebe nesta 6\u00aa feira o projeto Barrac\u00e3o das Ci\u00eancias<br \/>\n\u201cCantando o natal com Jesus\u201d ser\u00e1  apresentado na Igreja Batista Lindin\u00f3polis<br \/>\nEm Ilh\u00e9us, Igreja Batista Lindin\u00f3polis promove marcha em favor da Fam\u00edlia<br \/>\nAlunos do ProJovem participam de  campeonato de surf e canoagem<br \/>\nEste ano, educa\u00e7\u00e3o ambiental  \u00e9 foco do projeto Viva Bem<\/p>\n<p><!--more--><\/p>\n<p>***<\/p>\n<p><strong>Prefeito em exerc\u00edcio e secret\u00e1rio discutem estrat\u00e9gias contra a dengue<\/strong><\/p>\n<p>Ao se reunir com os secret\u00e1rios Jorge Arouca (Sa\u00fade) e Marcone Queiroz (Infraestrutura), o prefeito de Ilh\u00e9us em exerc\u00edcio, M\u00e1rio Alexandre, afirmou que o governo est\u00e1 empenhado no trabalho de preven\u00e7\u00e3o contra a dengue no munic\u00edpio. Ele disse que dentre as principais a\u00e7\u00f5es est\u00e1 agora a limpeza do canal que corta o bairro do Malhado e a prepara\u00e7\u00e3o do semin\u00e1rio de mobiliza\u00e7\u00e3o social para o controle da dengue no audit\u00f3rio da antiga Funda\u00e7\u00e3o Sesp, com agentes de endemias. O trabalho visa envolver a popula\u00e7\u00e3o nas a\u00e7\u00f5es contra a dengue e formar articuladores em diversas comunidades.<\/p>\n<p>Na oportunidade, Jorge Arouca voltou a lembrar que alguns bairros e altos de Ilh\u00e9us foram selecionados como intersetoriais para o trabalho de mobiliza\u00e7\u00e3o social. Essa a\u00e7\u00e3o ter\u00e1 tamb\u00e9m a participa\u00e7\u00e3o da Secretaria de Educa\u00e7\u00e3o e o envolvimento da comunidade. A estrat\u00e9gia inicial ser\u00e1 nos altos da Esperan\u00e7a, do Coqueiro, do Carvalho, do Bas\u00edlio, da Boa Vontade e Soledade, os bairros Teot\u00f4nio Vilela, Novo Vilela, Nelson Costa e Nossa Senhora da Vit\u00f3ria, al\u00e9m da avenida Princesa Isabel e o Fund\u00e3o.<\/p>\n<p>No decorrer do encontro, o secret\u00e1rio assegurou que uma equipe da Vigil\u00e2ncia Epidemiol\u00f3gica da secretaria estadual de Sa\u00fade chega a Ilh\u00e9us para capacitar 50 novos agentes de endemias. O grupo foi provado em sele\u00e7\u00e3o, que ap\u00f3s o treinamento estar\u00e1 apto na preven\u00e7\u00e3o e combate \u00e0 dengue. Segundo Arouca, a vinda dos t\u00e9cnicos foi o resultado de conversas anteriores com o secret\u00e1rio Jorge Solla. Disse que em paralelo a essas a\u00e7\u00f5es no \u00e2mbito de preven\u00e7\u00e3o, em \u00e1rea anexa ao Hospital Geral Lu\u00eds Viana Filho ser\u00e1 montado um posto para atendimento a casos emergenciais que envolvam somente a dengue.<\/p>\n<p>O secret\u00e1rio explicou que o semin\u00e1rio com agentes de endemias faz parte da primeira etapa do projeto de mobiliza\u00e7\u00e3o social contra a dengue. O encontro acontece nos dias 29 e 30 deste m\u00eas. No dia 29 ser\u00e1 realizada visita aos bairros e altos participantes, com vistas a promover o levantamento da situa\u00e7\u00e3o nas localidades e iniciar o primeiro contato com as lideran\u00e7as comunit\u00e1rias. <\/p>\n<p>Com a Embasa \u2013 O diagn\u00f3stico prev\u00ea que no dia 30 deste m\u00eas est\u00e1 previsto o semin\u00e1rio com os agentes de endemias. No mesmo dia, \u00e0 tarde, ser\u00e3o convidados representantes de \u00f3rg\u00e3os governamentais, empresas, associa\u00e7\u00f5es, sindicatos e sociedade, para compor uma rede de parceiros que ofere\u00e7a apoio \u00e0s a\u00e7\u00f5es. Essas reuni\u00f5es ser\u00e3o realizadas no audit\u00f3rio da Justi\u00e7a Federal, no centro.<\/p>\n<p>Jorge Arouca ressaltou que ter\u00e1 nos pr\u00f3ximos dias uma reuni\u00e3o com a ger\u00eancia local da Embasa e com integrantes do Conselho Municipal de Sa\u00fade. A pauta do encontro \u00e9 sobre a constante falta de \u00e1gua pot\u00e1vel nos tanques de resid\u00eancias situadas em altos. O secret\u00e1rio observou que \u201cj\u00e1 foi comprovado que diante a n\u00e3o periodicidade no fornecimento, a maioria das fam\u00edlias \u00e9 obrigada a armazenar \u00e1gua em local n\u00e3o adequado. E no ver\u00e3o tende a aumentar. Por isso, vamos propor estudos sobre essa quest\u00e3o com gestores da Embasa\u201d.<\/p>\n<p><strong>Provas para sele\u00e7\u00e3o de salva- vidas seguem nesta 6\u00aa feira<\/strong><\/p>\n<p>Ap\u00f3s o cumprimento da primeira etapa das provas pr\u00e1ticas referentes ao processo de sele\u00e7\u00e3o simplificada para integrar o corpo de salva-vidas, que compreendeu corrida de 2. 400 metros em 12 minutos, realizada na pista de atletismo est\u00e1dio M\u00e1rio Pessoa, os candidatos \u00e0s 40 vagas dispon\u00edveis participam na manh\u00e3 desta sexta-feira (26) mais uma etapa eliminat\u00f3ria que consiste em prova de nata\u00e7\u00e3o. A corrida contou com a participa\u00e7\u00e3o de 42 pessoas \u2013 sendo 40 homens e duas mulheres \u2013 e foi acompanhada por integrantes da comiss\u00e3o, secret\u00e1rio de Administra\u00e7\u00e3o, Antonio Bezerra e por ambul\u00e2ncia da Secretaria de Sa\u00fade. O resultado deve ser divulgado no in\u00edcio da pr\u00f3xima semana.<\/p>\n<p>J\u00e1 nesta sexta-feira, a prova tem como ponto de partida a praia em frente ao restaurante Boca Du Mar e chegada na praia de Nova Bras\u00edlia, na sede da Funda\u00e7\u00e3o-Maramata. Cada candidato deve percorrer 1.800 metros num tempo de at\u00e9 12 minutos. O presidente da comiss\u00e3o, respons\u00e1vel por elaborar e acompanhar os testes, Jo\u00e3o Carlos da Silva, informa que o credenciamento para a nata\u00e7\u00e3o ocorre das 7h30min \u00e0s 8h30min. O candidato que chegar ap\u00f3s as 8h30min ser\u00e1 automaticamente desclassificado. A sele\u00e7\u00e3o p\u00fablica a que se refere o edital ter\u00e1 validade at\u00e9 julho de 2011, sem prorroga\u00e7\u00e3o. <\/p>\n<p>De acordo com o edital de n\u00famero 01\/2010, 5% das vagas ser\u00e3o destinadas a pessoas portadoras de defici\u00eancia e a carga hor\u00e1ria semanal ser\u00e1 de 44 horas, com sal\u00e1rio de R$ 510,00. Outras informa\u00e7\u00f5es referentes ao edital, a exemplo dos crit\u00e9rios de classifica\u00e7\u00e3o das provas, divulga\u00e7\u00e3o dos candidatos habilitados, requisitos para admiss\u00e3o no emprego, contrata\u00e7\u00e3o e entre outros dados sobre a sele\u00e7\u00e3o p\u00fablica podem ser encontrados em c\u00f3pias do edital anexas no mural da portaria do Anexo de Secretarias ou no site da prefeitura: www.ilheus.gov.ba.br. <\/p>\n<p><strong>Maramata recebe nesta 6\u00aa feira o projeto Barrac\u00e3o das Ci\u00eancias<\/strong><\/p>\n<p>Os alunos do curso de biologia da Universidade Estadual de Santa Cruz (Uesc) realizam nesta sexta-feira (26), das 9 \u00e0s 11h30min, e das 13 \u00e0s 16h30min, na Funda\u00e7\u00e3o-Universidade Livre do Mar e da Mata (Maramata), no bairro Nova Bras\u00edlia, zona sul, o projeto \u201cBarrac\u00e3o das ci\u00eancias: uma mistura de conhecimentos\u201d. O objetivo, que tem como p\u00fablico alvo a comunidade escolar e a popula\u00e7\u00e3o \u00e9 promover a divulga\u00e7\u00e3o cient\u00edfica visando aumentar o grau de conscientiza\u00e7\u00e3o das pessoas. <\/p>\n<p>Nos oito toldos montados pela Funda\u00e7\u00e3o-Maramata os estudantes abordar\u00e3o temas diversos, como zoologia, microbiologia, plantas medicinais, animais pe\u00e7onhentos e sa\u00fade bucal e digest\u00e3o. Al\u00e9m das palestras e exposi\u00e7\u00e3o de animais (vivos e empalhados), o \u201cBarrac\u00e3o das ci\u00eancias\u201d promove atividades recreativas, como jogos educativos e exibi\u00e7\u00e3o de filmes.<\/p>\n<p>Presidida por Antonio Ol\u00edmpio Rhem da Silva, a funda\u00e7\u00e3o tem o objetivo de promover a educa\u00e7\u00e3o e a consci\u00eancia ambientais. Entre os projetos j\u00e1 iniciados pela institui\u00e7\u00e3o ou em fase de desenvolvimento, destacam-se o \u201cColetor de baterias de celular\u201d, esfor\u00e7o que visa cumprir resolu\u00e7\u00e3o do Conselho Nacional do Meio Ambiente; \u201cBolinha de papel\u201d, proporcionar aos alunos das escolas p\u00fablicas e particulares o avan\u00e7o no processo educativo ambiental, atrav\u00e9s do reaproveitamento do papel; e \u201cJogue limpo com seu bairro\u201d, trabalho que tenta sensibilizar a comunidade do Pontal, atrav\u00e9s do processo educativo para as quest\u00f5es da educa\u00e7\u00e3o ambiental, buscando maior participa\u00e7\u00e3o popular neste processo de transforma\u00e7\u00e3o. <\/p>\n<p>E mais: \u201cQuintas ambientais\u201d, com a finalidade de oportunizar discuss\u00e3o sobre temas pertinentes aos objetivos da Universidade Livre do Mar e da Mata; e \u201cCapta\u00e7\u00e3o de \u00e1gua das chuvas sobre o telhado da Maramata\u201d, usada nos banheiros, na rega de jardins e na lavagem de pisos.<\/p>\n<p><strong>\u201cCantando o natal com Jesus\u201d ser\u00e1  apresentado na Igreja Batista Lindin\u00f3polis<\/strong><\/p>\n<p>A Escola Heitor Dias, localizada na avenida Canavieiras, em Ilh\u00e9us, promove nesta sexta-feira (26), a partir das 15 horas, o musical infantil \u201cCantando o natal com Jesus\u201d. O evento, que conta com alunos dos ciclos 1 e 2, acontece na Igreja Batista Lindin\u00f3polis, sediada na avenida Lu\u00eds Viana Filho, no alto da Conquista. A proposta da escola \u00e9 estimular nos alunos o desejo de desenvolver as suas possibilidades por meio da arte, despertando, tamb\u00e9m o prazer de ler e escrever a partir das letras das m\u00fasicas.<\/p>\n<p>Para a diretora Jamile Maron, \u00e9 fundamental que a escola desenvolva a\u00e7\u00f5es que permitam a participa\u00e7\u00e3o efetiva dos pais na concretiza\u00e7\u00e3o da aprendizagem das crian\u00e7as. \u201cNo seu terceiro ano de apresenta\u00e7\u00e3o, o projeto tem se tornado um grande est\u00edmulo para os alunos integrantes. Nesse per\u00edodo, temos observado mudan\u00e7as significativas no comportamento das crian\u00e7as, uma vez que cantar exige disciplina e responsabilidade\u201d.<\/p>\n<p>Por sua vez, a supervisora pedag\u00f3gica C\u00e9lia Miranda lembra que o universo da arte caracteriza um tipo particular de conhecimento que o ser humano produz a partir das perguntas fundamentais que, desde cedo, se acostuma a fazer. \u201cRegido pela necessidade b\u00e1sica de ordena\u00e7\u00e3o, o esp\u00edrito humano cria, continuamente, sua consci\u00eancia de existir por meio de manifesta\u00e7\u00f5es diversas. Nesse sentido, pode-se dizer que a aprendizagem art\u00edstica envolve um conjunto de diferentes tipos de conhecimentos, que visam \u00e0 cria\u00e7\u00e3o de significa\u00e7\u00f5es e a transforma\u00e7\u00e3o constante do ser humano\u201d. <\/p>\n<p>J\u00e1 a orientadora educacional Jani Mota enfatiza que encarar a arte como produ\u00e7\u00e3o de significa\u00e7\u00f5es que se transformam no tempo e no espa\u00e7o permite contextualizar a \u00e9poca em que se vive. \u201cAssim, a arte acaba sendo um modo privilegiado de conhecimento, pois favorece o reconhecimento de igualdades e diferen\u00e7as expressas nos produtos art\u00edsticos e est\u00e9ticos, num plano que vai al\u00e9m do discurso verbal\u201d.  <\/p>\n<p><strong>Em Ilh\u00e9us, Igreja Batista Lindin\u00f3polis promove marcha em favor da Fam\u00edlia<\/strong><\/p>\n<p>Neste s\u00e1bado (27), a partir das 16 horas, a Igreja Batista Lindin\u00f3polis, sediada no alto da Conquista, em Ilh\u00e9us, promover\u00e1 uma grande marcha em favor da fam\u00edlia. Com concentra\u00e7\u00e3o e sa\u00edda previstas para a frente do templo, o evento contar\u00e1 com a presen\u00e7a dos participantes da I campanha de jejum e ora\u00e7\u00e3o em prol do fortalecimento familiar, que est\u00e1 acontecendo na sede da igreja, de segunda a sexta-feira, das 6 \u00e0s 7 horas da manh\u00e3.<\/p>\n<p>De acordo com o coordenador do trabalho, Pastor Rubem Vieira, a proposta da marcha \u00e9 fazer com que as fam\u00edlias percebam a import\u00e2ncia da preserva\u00e7\u00e3o dos verdadeiros valores da fam\u00edlia, como amor, fidelidade, justi\u00e7a e respeito. \u201cAl\u00e9m, obviamente, de v\u00e1rios outros fundamentais para a constru\u00e7\u00e3o de uma sociedade transformada e aben\u00e7oada\u201d, completa o pastor.<\/p>\n<p>Presidida desde 1999 pelo Pastor Pedro de Jesus Chagas, a Igreja Batista Lindin\u00f3polis completou 52 anos de exist\u00eancia em agosto passado com um grande congresso que reuniu centenas de pessoas durante tr\u00eas dias (6 a 8). Atualmente, a Igreja Lindin\u00f3polis, que fica localizada na avenida Luis Viana Filho,     281, alto da Conquista, conta com mais de 1.200 membros.<\/p>\n<p>Fam\u00edlia &#8211; Segundo a vis\u00e3o do Minist\u00e9rio de Fam\u00edlia, a igreja deve ser constitu\u00edda por fam\u00edlias que conhe\u00e7am e vivam de acordo com os princ\u00edpios da Palavra de Deus. \u201cAssim, elas devem estar comprometidas com a luta pela restaura\u00e7\u00e3o de outras fam\u00edlias, para o bem da sociedade e para a gl\u00f3ria de Deus\u201d, salienta o Pastor Rubem Vieira. A principal miss\u00e3o do Minist\u00e9rio \u00e9 auxiliar as fam\u00edlias a terem um padr\u00e3o b\u00edblico de relacionamentos a fim de que sejam fam\u00edlias estruturadas, fortes e vitoriosas. <\/p>\n<p>Como valores, o Minist\u00e9rio defende os seguintes pontos: a fam\u00edlia \u00e9 uma institui\u00e7\u00e3o divina (Gn 2.24); fam\u00edlia saud\u00e1vel \u00e9 aquela que possui sa\u00fade f\u00edsica, psicol\u00f3gica, emocional e espiritual; a fam\u00edlia deve ter a Palavra de Deus como norma absoluta de vida (Dt. 6.1-5; Sl 119.165); os filhos s\u00e3o heran\u00e7as do Senhor (Sl 127.3); a vontade de Deus para o casamento \u00e9 que seja uma uni\u00e3o permanente (Gn 2.24; Mt 19.6 e Ef 5.31); cada membro da fam\u00edlia tem uma posi\u00e7\u00e3o e um papel a desempenhar (Ef 5.22-33; 6.1-4); a rela\u00e7\u00e3o sexual tem sua express\u00e3o livre, correta e aben\u00e7oada unicamente pelo casamento ( Gn 2.24).<\/p>\n<p><strong>Alunos do ProJovem participam de  campeonato de surf e canoagem <\/strong><\/p>\n<p>Alunos do ProJovem, da unidade lotada no bairro S\u00e3o Miguel, participam nesta sexta-feira (26) de campeonato de surf e canoagem promovido pela entidade, a partir das 8 horas, na praia do S\u00e3o Miguel, zona norte de Ilh\u00e9us. O evento conta com o apoio do Corpo de Bombeiros e do Servi\u00e7o de Atendimento M\u00f3vel de Urg\u00eancia (Samu). A coordenadora do programa em Ilh\u00e9us, Aleide Amorim, disse que o evento integra programa\u00e7\u00e3o de atividades extraclasse realizadas ao longo do ano, \u201ccom o intuito de integrar os alunos e melhorar sua rela\u00e7\u00e3o com a comunidade e com o meio ambiente.<\/p>\n<p>O Projovem Adolescente faz parte das quatro modalidades do Programa Nacional de Inclus\u00e3o de Jovens (Projovem) e atende exclusivamente a faixa et\u00e1ria de 15 a 17 anos. Em Ilh\u00e9us, cerca de mil jovens fazem parte do programa, participando de suas atividades no turno oposto ao da escola. Ao todo, 20 unidades do programa est\u00e3o  espalhadas pelo munic\u00edpio, atuando tamb\u00e9m na zona rural. <\/p>\n<p>O objetivo do programa \u00e9 incluir os jovens provenientes do Programa Bolsa Fam\u00edlia no sistema educacional, garantindo prote\u00e7\u00e3o social e integra\u00e7\u00e3o familiar, al\u00e9m dos v\u00ednculos sociais. Esses jovens s\u00e3o divididos em grupos, denominados coletivos, que ficam espalhados pela cidade, onde podem discutir os assuntos e lan\u00e7ar id\u00e9ias acerca dos temas abordados.<\/p>\n<p><strong>Este ano, educa\u00e7\u00e3o ambiental  \u00e9 foco do projeto Viva Bem<\/strong><\/p>\n<p>Uma caminhada marcada para as 8 horas desta sexta-feira (26) com sa\u00edda da frente do Col\u00e9gio Estadual Professora Horizontina Concei\u00e7\u00e3o, em dire\u00e7\u00e3o \u00e0 pra\u00e7a principal do bairro Hernani S\u00e1, com a presen\u00e7a de pais, alunos e professores da Escola Municipal do Pontal e de outras unidades escolares da zona sul, vmarca a abertura da edi\u00e7\u00e3o 2010 do Projeto Viva Bem. Este ano, uma s\u00e9rie de atividades relacionadas \u00e0 import\u00e2ncia da preserva\u00e7\u00e3o do meio ambiente ser\u00e1 desenvolvida ao longo do dia. Com o tema \u201cA sa\u00fade do planeta\u201d, o projeto, promovido pela Escola Municipal do Pontal, visa desenvolver nos alunos a consci\u00eancia da cidadania e o papel fundamental de cada indiv\u00edduo nos cuidados com o corpo e a prote\u00e7\u00e3o do planeta.<\/p>\n<p>Al\u00e9m de ci\u00eancias, v\u00e1rias \u00e1reas de conhecimento ser\u00e3o exploradas, a exemplo das artes, filosofia, geografia, l\u00edngua portuguesa, hist\u00f3ria e educa\u00e7\u00e3o f\u00edsica. Para isso, v\u00e1rios estandes est\u00e3o montados na pra\u00e7a e em cada um deles um tema ser\u00e1 explorado pelos alunos e professores da escola. \u00c1gua, a\u00e7\u00f5es de sustentabilidade, polui\u00e7\u00e3o sonora e visual, produtos org\u00e2nicos e alimenta\u00e7\u00e3o alternativa, agricultura e impacto ao meio ambiente, desmatamento, lixo e reciclagem e din\u00e2micas e jogos ser\u00e3o os assuntos abordados por cada estande, durante todo o dia.  <\/p>\n<p>O projeto, que tem como p\u00fablico-alvo pais dos alunos e comunidade da zona sul, conta com a presen\u00e7a da unidade m\u00f3vel odontol\u00f3gica (Odontom\u00f3vel) e equipe de vacina\u00e7\u00e3o, al\u00e9m de realizar mutir\u00e3o de exames preventivos. Outros servi\u00e7os estar\u00e3o dispon\u00edveis \u00e0 popula\u00e7\u00e3o, a exemplo de aferi\u00e7\u00e3o de press\u00e3o arterial e testes de glicemia. E como parte da programa\u00e7\u00e3o referente ao Dia Nacional do Doador de Sangue, a pessoa que quiser doar sangue conta com o apoio do Banco de Sangue, que disponibiliza equipe para o evento. <\/p>\n<p>Uma das coordenadoras do projeto, a professora Rosa Malena, \u00e9 necess\u00e1rio que as pessoas apresentem o cart\u00e3o de vacina\u00e7\u00e3o, nos caso das que forem procurar pelo servi\u00e7o. As atividades do projeto formar\u00e3o a base para a confec\u00e7\u00e3o de v\u00eddeo que ser\u00e1 exibido aos demais alunos da escola, \u201ccom o intuito de aproximar ensino e pesquisa ambiental e de estender esses conhecimentos para outros estudantes\u201d. O evento conta com o apoio da associa\u00e7\u00e3o de moradores do Hernani S\u00e1, das secretarias de Educa\u00e7\u00e3o e Sa\u00fade, do vereador Marcus Fl\u00e1vio, Pol\u00edcia Militar, entre outros parceiros.  <\/p>\n","protected":false},"excerpt":{"rendered":"<p>Prefeito em exerc\u00edcio e secret\u00e1rio discutem estrat\u00e9gias contra a dengue Provas para sele\u00e7\u00e3o de salva- vidas seguem nesta 6\u00aa feira Maramata recebe nesta 6\u00aa feira o projeto Barrac\u00e3o das Ci\u00eancias \u201cCantando o natal com Jesus\u201d ser\u00e1 apresentado na Igreja Batista Lindin\u00f3polis Em Ilh\u00e9us, Igreja Batista Lindin\u00f3polis promove marcha em favor da Fam\u00edlia Alunos do ProJovem [&hellip;]<\/p>\n","protected":false},"author":2,"featured_media":0,"comment_status":"open","ping_status":"open","sticky":false,"template":"","format":"standard","meta":{"_links_to":"","_links_to_target":""},"categories":[23],"tags":[],"_links":{"self":[{"href":"https:\/\/www.r2cpress.com.br\/v1\/wp-json\/wp\/v2\/posts\/3003"}],"collection":[{"href":"https:\/\/www.r2cpress.com.br\/v1\/wp-json\/wp\/v2\/posts"}],"about":[{"href":"https:\/\/www.r2cpress.com.br\/v1\/wp-json\/wp\/v2\/types\/post"}],"author":[{"embeddable":true,"href":"https:\/\/www.r2cpress.com.br\/v1\/wp-json\/wp\/v2\/users\/2"}],"replies":[{"embeddable":true,"href":"https:\/\/www.r2cpress.com.br\/v1\/wp-json\/wp\/v2\/comments?post=3003"}],"version-history":[{"count":3,"href":"https:\/\/www.r2cpress.com.br\/v1\/wp-json\/wp\/v2\/posts\/3003\/revisions"}],"predecessor-version":[{"id":3007,"href":"https:\/\/www.r2cpress.com.br\/v1\/wp-json\/wp\/v2\/posts\/3003\/revisions\/3007"}],"wp:attachment":[{"href":"https:\/\/www.r2cpress.com.br\/v1\/wp-json\/wp\/v2\/media?parent=3003"}],"wp:term":[{"taxonomy":"category","embeddable":true,"href":"https:\/\/www.r2cpress.com.br\/v1\/wp-json\/wp\/v2\/categories?post=3003"},{"taxonomy":"post_tag","embeddable":true,"href":"https:\/\/www.r2cpress.com.br\/v1\/wp-json\/wp\/v2\/tags?post=3003"}],"curies":[{"name":"wp","href":"https:\/\/api.w.org\/{rel}","templated":true}]}}