{"id":3008,"date":"2010-11-25T16:37:19","date_gmt":"2010-11-25T19:37:19","guid":{"rendered":"http:\/\/www.r2cpress.com.br\/v1\/?p=3008"},"modified":"2010-11-25T16:37:19","modified_gmt":"2010-11-25T19:37:19","slug":"camara-municipal-de-ilheus-20","status":"publish","type":"post","link":"https:\/\/www.r2cpress.com.br\/v1\/2010\/11\/25\/camara-municipal-de-ilheus-20\/","title":{"rendered":"C\u00e2mara Municipal de Ilh\u00e9us"},"content":{"rendered":"<p><a href=\"http:\/\/www.r2cpress.com.br\/v1\/wp-content\/uploads\/CMI-25-11-2010.jpg\"><img loading=\"lazy\" src=\"http:\/\/www.r2cpress.com.br\/v1\/wp-content\/uploads\/CMI-25-11-2010-300x90.jpg\" alt=\"\" title=\"CMI 25 11 2010\" width=\"300\" height=\"90\" class=\"alignnone size-medium wp-image-3009\" srcset=\"https:\/\/www.r2cpress.com.br\/v1\/wp-content\/uploads\/CMI-25-11-2010-300x90.jpg 300w, https:\/\/www.r2cpress.com.br\/v1\/wp-content\/uploads\/CMI-25-11-2010.jpg 700w\" sizes=\"(max-width: 300px) 100vw, 300px\" \/><\/a><br \/>\nBarra recebe pen\u00faltima Audi\u00eancia P\u00fablica para discutir Leis Or\u00e7ament\u00e1rias<br \/>\nRafael Benevides cobra solu\u00e7\u00f5es sobre o servi\u00e7o de telefone p\u00fablico em Ilh\u00e9us<br \/>\nTeot\u00f4nio Vilela discutiu Leis Or\u00e7ament\u00e1rias<\/p>\n<p><!--more--><\/p>\n<p>***<\/p>\n<p><strong>Barra recebe pen\u00faltima Audi\u00eancia P\u00fablica para discutir Leis Or\u00e7ament\u00e1rias<\/strong><\/p>\n<p>O bairro da Barra receber\u00e1 amanha (26) a pen\u00faltima Audi\u00eancia P\u00fablica para discutir a Lei Or\u00e7ament\u00e1ria Anual (LOA) para o pr\u00f3ximo ano. O encontro ser\u00e1 realizado no referido bairro a partir das 19h. Ser\u00e1 mais uma oportunidade da popula\u00e7\u00e3o sugerir e propor emendas ao or\u00e7amento de 2011.<br \/>\nA vereadora Professora Carmelita \u00e9 a respons\u00e1vel pela realiza\u00e7\u00e3o da Audi\u00eancia na localidade, ela espera que a popula\u00e7\u00e3o participe e que o encontro seja bastante proveitoso. \u201cOs ilheenses est\u00e3o participando das audi\u00eancias, todas que j\u00e1 foram realizadas tiveram boa presen\u00e7a de p\u00fablico, espero que na Barra n\u00e3o seja diferente\u201d, enfatizou.   <\/p>\n<p><strong>Rafael Benevides cobra solu\u00e7\u00f5es sobre o servi\u00e7o de telefone p\u00fablico em Ilh\u00e9us<\/strong><\/p>\n<p>Em seu discurso na sess\u00e3o desta quarta-feira (24), o vereador Rafael Benevides fez duras criticas a concession\u00e1ria OI\/Telemar. O parlamentar afirmou que requereu h\u00e1 algumas semanas a presen\u00e7a de algum representante da empresa para esclarecer quest\u00f5es relacionadas ao servi\u00e7o de telefones p\u00fablicos na cidade. \u201cA \u00fanica coisa que eles enviaram foi uma justificativa, que em nada vai resolver o problema\u201d, disse.<br \/>\nBenevides salientou que j\u00e1 enviou um novo convite para OI\/Telemar e aguarda a presen\u00e7a de um representante o mais breve poss\u00edvel. &#8220;A cidade de Ilh\u00e9us est\u00e1 com um servi\u00e7o de telefone p\u00fablico cada vez mais prec\u00e1rio, \u00e9 preciso que a concession\u00e1ria respons\u00e1vel tome as devidas provid\u00eancias. Se ningu\u00e9m aparecer novamente, esta Casa entrar\u00e1 com uma a\u00e7\u00e3o civil no Minist\u00e9rio P\u00fablico para tentar resolver o caso\u201d, finalizou.<\/p>\n<p><strong>Teot\u00f4nio Vilela discutiu Leis Or\u00e7ament\u00e1rias<\/strong><\/p>\n<p>Seguindo o Ciclo de Audi\u00eancias P\u00fablicas deste m\u00eas de novembro, o Bairro Teot\u00f4nio Vilela recebeu na noite de ontem (24) os vereadores Jailson Nascimento, Gilberto Souza (Bel do Vilela), Valmir Freitas, Edivaldo Nascimento (Dinho G\u00e1s) e Alzim\u00e1rio Belmonte (Professor Gurita) para mais um encontro com a comunidade. O vereador Jailson Nascimento iniciou os trabalhos falando da import\u00e2ncia da realiza\u00e7\u00e3o da audi\u00eancia. \u201cAs audi\u00eancias s\u00e3o importantes, uma vez que s\u00e3o nelas que os cidad\u00e3os podem expor suas necessidades para que as mesmas sejam inclu\u00eddas no Or\u00e7amento para o exerc\u00edcio de 2011\u201d, disse. <\/p>\n<p>Em seguida foi feita uma palestra por Rodrigo Alves, servidor da C\u00e2mara, acerca do papel do vereador, o que \u00e9 a Lei Or\u00e7ament\u00e1ria e a finalidade de uma Audi\u00eancia P\u00fablica. Ap\u00f3s a explana\u00e7\u00e3o, os moradores fizeram perguntas e deram opini\u00f5es sobre as emendas para o or\u00e7amento de 2011. Todos os questionamentos foram respondidos pelos vereadores que junto com o vereador Bel, se dispuseram a se empenhar ao m\u00e1ximo para conseguir melhorias para o bairro do Teot\u00f4nio Vilela. \u201cQueria agradecer a participa\u00e7\u00e3o de todos e ressaltar a import\u00e2ncia de n\u00f3s vereadores estarmos cada vez mais junto a comunidade\u201d, finalizou o vereador Bel do Vilela.<\/p>\n","protected":false},"excerpt":{"rendered":"<p>Barra recebe pen\u00faltima Audi\u00eancia P\u00fablica para discutir Leis Or\u00e7ament\u00e1rias Rafael Benevides cobra solu\u00e7\u00f5es sobre o servi\u00e7o de telefone p\u00fablico em Ilh\u00e9us Teot\u00f4nio Vilela discutiu Leis Or\u00e7ament\u00e1rias<\/p>\n","protected":false},"author":2,"featured_media":0,"comment_status":"open","ping_status":"open","sticky":false,"template":"","format":"standard","meta":{"_links_to":"","_links_to_target":""},"categories":[22],"tags":[],"_links":{"self":[{"href":"https:\/\/www.r2cpress.com.br\/v1\/wp-json\/wp\/v2\/posts\/3008"}],"collection":[{"href":"https:\/\/www.r2cpress.com.br\/v1\/wp-json\/wp\/v2\/posts"}],"about":[{"href":"https:\/\/www.r2cpress.com.br\/v1\/wp-json\/wp\/v2\/types\/post"}],"author":[{"embeddable":true,"href":"https:\/\/www.r2cpress.com.br\/v1\/wp-json\/wp\/v2\/users\/2"}],"replies":[{"embeddable":true,"href":"https:\/\/www.r2cpress.com.br\/v1\/wp-json\/wp\/v2\/comments?post=3008"}],"version-history":[{"count":2,"href":"https:\/\/www.r2cpress.com.br\/v1\/wp-json\/wp\/v2\/posts\/3008\/revisions"}],"predecessor-version":[{"id":3011,"href":"https:\/\/www.r2cpress.com.br\/v1\/wp-json\/wp\/v2\/posts\/3008\/revisions\/3011"}],"wp:attachment":[{"href":"https:\/\/www.r2cpress.com.br\/v1\/wp-json\/wp\/v2\/media?parent=3008"}],"wp:term":[{"taxonomy":"category","embeddable":true,"href":"https:\/\/www.r2cpress.com.br\/v1\/wp-json\/wp\/v2\/categories?post=3008"},{"taxonomy":"post_tag","embeddable":true,"href":"https:\/\/www.r2cpress.com.br\/v1\/wp-json\/wp\/v2\/tags?post=3008"}],"curies":[{"name":"wp","href":"https:\/\/api.w.org\/{rel}","templated":true}]}}