{"id":30192,"date":"2011-12-04T16:31:05","date_gmt":"2011-12-04T18:31:05","guid":{"rendered":"http:\/\/www.r2cpress.com.br\/v1\/?p=30192"},"modified":"2011-12-04T16:31:05","modified_gmt":"2011-12-04T18:31:05","slug":"noite-de-espiritualidade-fortalecendo-o-amor","status":"publish","type":"post","link":"https:\/\/www.r2cpress.com.br\/v1\/2011\/12\/04\/noite-de-espiritualidade-fortalecendo-o-amor\/","title":{"rendered":"NOITE DE ESPIRITUALIDADE FORTALECENDO O AMOR"},"content":{"rendered":"<p><img loading=\"lazy\" class=\"alignleft\" src=\"http:\/\/www.r2cpress.com.br\/v1\/wp-content\/uploads\/eduardo-afondo-cortado_150.jpg\" alt=\"\" width=\"150\" height=\"154\" \/>Na noite de ontem, dia 03\/12\/2011, em sua nova Sede, o GEPE \u2013 Grupo Esp\u00edrita Porto da Esperan\u00e7a, localizado na Avenida Princesa Isabel, 1.321, na cidade de Ilh\u00e9us, promoveu um maravilhoso encontro entre a m\u00fasica e espiritualidade.<\/p>\n<p>Teve seu in\u00edcio por volta da 18h00, com a participa\u00e7\u00e3o de in\u00fameras pessoas esp\u00edritas e muitos convidados que foram conhecer e participar desse evento.<\/p>\n<p>A maravilha desse encontro foi oferecida pelos amigos D\u00e9lio Santiago, Dr. Adilson, M\u00e9dico conceituado e esp\u00edrita de Itabuna e a Banda Liberdade Provis\u00f3ria\u201d.<\/p>\n<p>Nesse momento elevamos o pensamento a Deus, oferecendo o nosso carinho e pesar ao amigo Silvio Bute, da Banda, que quando estava fazendo a harmoniosa alegria de todos os presentes nesse encontro, recebeu a noticia que seu pai que se encontrava na UTI em Itabuna, havia desencarnado por volta das 18h00, aproximadamente.<\/p>\n<p>Foi \u00e0 busca da paz, do amor em sua infinita bondade e o reconhecimento profundo e fundamental da companhia de Jesus Cristo, nosso mestre maior em nossas vidas. Foi mais uma noite inesquec\u00edvel que o GEPE sempre promove para a sociedade de Ilh\u00e9us, numa trajet\u00f3ria da for\u00e7a espiritual em busca da conquista harmonia das pessoas em toda sua plenitude de ser humano.<\/p>\n<p><center><a href=\"http:\/\/www.r2cpress.com.br\/v1\/wp-content\/uploads\/banda.jpg\"><img loading=\"lazy\" class=\"aligncenter size-full wp-image-30195\" title=\"banda\" src=\"http:\/\/www.r2cpress.com.br\/v1\/wp-content\/uploads\/banda.jpg\" alt=\"\" width=\"300\" height=\"226\" \/><\/a><\/center><\/p>\n<p align=\"center\"><strong>\u00a0FEIRA DE LIVROS ESP\u00cdRITAS DE ILH\u00c9US<\/strong><\/p>\n<p>A partir do dia 05\/12 a 17\/12\/2011, de segunda a segunda das 08h.00 \u00e0s 17h00, e aos s\u00e1bados das 08h00 \u00e0s 13h00, no quarteir\u00e3o da rua Jorge Amado, em frente \u00e0 Funda\u00e7\u00e3o Cultural de Ilh\u00e9us, ser\u00e1 realizado mais um novo encontro do GEPE, onde haver\u00e1 palestras, obedecendo os roteiros a seguir:<\/p>\n<p><!--more--><\/p>\n<p>Dia 05\/12\/2011 \u2013 segunda feira, com o tema \u201cO ESPIRITISMOS E A BUSCA DO HOMEM\u201d \u2013 Palestrante: Jos\u00e9 Augusto dos Anjos<\/p>\n<p>Dia 06\/12\/2011 \u2013 ter\u00e7a feira, \u201cCONHECER-SE E CONHECER A REALIDADE ESPIRITUAL\u201d &#8211; Lindomar Coutinho da Silva<\/p>\n<p>Dia 07\/12\/2011 \u2013 quarta feira, \u201cPRAZER E DOR NAS NOSSAS BUSCAS COTIDIANAS\u201d \u2013 Ary Quadros Teixeira<\/p>\n<p>Dia 08\/12\/2011 \u2013 quinta feita, \u201cSER \u00c9TICO: UMA QUEST\u00c3O ESPIRITUAL\u201d \u2013 Lindomar Coutinho da Silva<\/p>\n<p>Dia 09\/12\/2211 \u2013 sexta feira, \u201cCONSCI\u00caNCIA DA PR\u00d3PRIA CONDI\u00c7\u00c3O ESPIRITUAL\u201d \u2013 Carm\u00e9lia Amorim Teixeira<\/p>\n<p>Dia 12\/12\/2011 \u2013 segunda feira, \u201cAVALIANDO O PASSADO, MELHORANDO O PRESENTE\u201d \u2013 Zenaide Martins Silva<\/p>\n<p>Dia 13\/12\/2011 \u2013 ter\u00e7a feira, \u201cPRIS\u00d5ES MENTAIS E ESTACIONAMENTOS EVOLUTIVOS\u201d \u2013 Lindomar Coutinho da Silva<\/p>\n<p>Dia 14\/12\/2011 \u2013 quarta feira, \u201cPLANEJAMENTO DE VIDA: SEJA O MELHOR QUE POSSA\u201d \u2013 Edna Dora Martins Newman Luz<\/p>\n<p>Dia 15\/12\/2011 \u2013 quinta feira, \u201cAMOR E A\u00c7\u00d5ES EVOLUTIVAS E REALIZADORAS\u201d \u2013 Lindomar Coutinho da Silva<\/p>\n<p>Dia 16\/12\/2011 \u2013 sexta feira, O QUE VOC\u00ca QUER SER? BASTA ESCOLHER? \u2013 Ileana Azevedo Mattos<\/p>\n<p>Ai est\u00e1 um enorme convite para o conhecimento da luz e dos caminhos da busca da vida para a paz interior!<\/p>\n<p>Precisamos buscar Deus, e nem sempre Ele chega nos momentos em que a gente quer, mas, Ele nunca chega atrasado.<\/p>\n<p>\u201cAcima das l\u00e1grimas e das provas que tantas vezes atravessam nossos caminhos, reina sempre um Deus mostrando que o imposs\u00edvel com Ele torna-se poss\u00edvel! Deus diz: Eu estou contido onde voc\u00ea estiver! Creia nisso e fa\u00e7a o poss\u00edvel porque o imposs\u00edvel Ele far\u00e1 por voc\u00ea\u201d!<\/p>\n<p align=\"center\"><strong>VENHAM E SE REUNAM NESSA AVALANCHE DE UNI\u00c3O E REC\u00cdPROCA AMIZADE<\/strong><\/p>\n","protected":false},"excerpt":{"rendered":"<p>Na noite de ontem, dia 03\/12\/2011, em sua nova Sede, o GEPE \u2013 Grupo Esp\u00edrita Porto da Esperan\u00e7a, localizado na Avenida Princesa Isabel, 1.321, na cidade de Ilh\u00e9us, promoveu um maravilhoso encontro entre a m\u00fasica e espiritualidade. Teve seu in\u00edcio por volta da 18h00, com a participa\u00e7\u00e3o de in\u00fameras pessoas esp\u00edritas e muitos convidados que [&hellip;]<\/p>\n","protected":false},"author":2,"featured_media":0,"comment_status":"open","ping_status":"open","sticky":false,"template":"","format":"standard","meta":{"_links_to":"","_links_to_target":""},"categories":[28],"tags":[],"_links":{"self":[{"href":"https:\/\/www.r2cpress.com.br\/v1\/wp-json\/wp\/v2\/posts\/30192"}],"collection":[{"href":"https:\/\/www.r2cpress.com.br\/v1\/wp-json\/wp\/v2\/posts"}],"about":[{"href":"https:\/\/www.r2cpress.com.br\/v1\/wp-json\/wp\/v2\/types\/post"}],"author":[{"embeddable":true,"href":"https:\/\/www.r2cpress.com.br\/v1\/wp-json\/wp\/v2\/users\/2"}],"replies":[{"embeddable":true,"href":"https:\/\/www.r2cpress.com.br\/v1\/wp-json\/wp\/v2\/comments?post=30192"}],"version-history":[{"count":5,"href":"https:\/\/www.r2cpress.com.br\/v1\/wp-json\/wp\/v2\/posts\/30192\/revisions"}],"predecessor-version":[{"id":30198,"href":"https:\/\/www.r2cpress.com.br\/v1\/wp-json\/wp\/v2\/posts\/30192\/revisions\/30198"}],"wp:attachment":[{"href":"https:\/\/www.r2cpress.com.br\/v1\/wp-json\/wp\/v2\/media?parent=30192"}],"wp:term":[{"taxonomy":"category","embeddable":true,"href":"https:\/\/www.r2cpress.com.br\/v1\/wp-json\/wp\/v2\/categories?post=30192"},{"taxonomy":"post_tag","embeddable":true,"href":"https:\/\/www.r2cpress.com.br\/v1\/wp-json\/wp\/v2\/tags?post=30192"}],"curies":[{"name":"wp","href":"https:\/\/api.w.org\/{rel}","templated":true}]}}