{"id":3021,"date":"2010-11-25T21:52:31","date_gmt":"2010-11-26T00:52:31","guid":{"rendered":"http:\/\/www.r2cpress.com.br\/v1\/?p=3021"},"modified":"2010-11-25T21:52:31","modified_gmt":"2010-11-26T00:52:31","slug":"ministro-diz-que-governo-deixara-para-dilma-regulacao-da-midia-digital","status":"publish","type":"post","link":"https:\/\/www.r2cpress.com.br\/v1\/2010\/11\/25\/ministro-diz-que-governo-deixara-para-dilma-regulacao-da-midia-digital\/","title":{"rendered":"Ministro diz que governo deixar\u00e1 para Dilma regula\u00e7\u00e3o da m\u00eddia digital"},"content":{"rendered":"<p><strong>Franklin Martins participou de semin\u00e1rio promovido pela TV Cultura.<br \/>\nEle disse acreditar na exist\u00eancia de total liberdade de imprensa no Brasil.<\/strong><\/p>\n<p>O ministro Franklin Martins (Comunica\u00e7\u00e3o Social) afirmou nesta quinta-feira (25) que pretende deixar para a presidente eleita, Dilma Rousseff, um anteprojeto de lei com novas regras para o setor de m\u00eddia digital.<\/p>\n<p>\u201cEstamos trabalhando para deixar para a ministra Dilma um anteprojeto sobre o qual ela possa trabalhar, evidentemente para mandar ou n\u00e3o ao Congresso. Ent\u00e3o ela vai decidir\u201d, afirmou Franklin, em entrevista ap\u00f3s participa\u00e7\u00e3o em semin\u00e1rio sobre liberdade de imprensa promovido pela TV Cultura, em S\u00e3o Paulo.<\/p>\n<p>O ministro afirmou que a proposta que deixar\u00e1 para Dilma incluir\u00e1 material produzido pela gest\u00e3o Sergio Motta, ministro das Comunica\u00e7\u00f5es no governo Fernando Henrique Cardoso (1995-2002).<\/p>\n<p><!--more--><\/p>\n<p>\u201cComo \u00e9 algo muito complexo, n\u00e3o sei se conseguiremos terminar o conjunto do trabalho previsto, mas de qualquer forma n\u00f3s deixaremos para ela um ponto de partida ao meu ver muito consistente, inclusive baseado em material, por exemplo, produzido no governo FHC e que nunca foi levado ao Congresso. O projeto do S\u00e9rgio Motta, por exemplo, \u00e9 uma das fontes\u201d, afirmou Franklin, que disse estar deixando o governo sem inten\u00e7\u00e3o de permanecer na administra\u00e7\u00e3o federal.<\/p>\n<p>Em apresenta\u00e7\u00e3o no semin\u00e1rio, o ministro disse que o cen\u00e1rio atual da comunica\u00e7\u00e3o, com converg\u00eancia de m\u00eddias, demanda discuss\u00e3o sobre um novo marco regulat\u00f3rio para o setor de comunica\u00e7\u00e3o eletr\u00f4nica. Afirmou, por exemplo, que \u00e9 necess\u00e1rio regular a entrada de empresas de telecomunica\u00e7\u00f5es no setor, diante do maior poder econ\u00f4mico desses atores.<\/p>\n<p>\u201cSe deixar para o mercado, \u00e9 evidente que a telecomunica\u00e7\u00e3o passa por cima\u201d, disse o ministro, citando o faturamento de R$ 180 bilh\u00f5es obtido por empresas de telecomunica\u00e7\u00f5es no pa\u00eds no ano passado, diante de R$ 13 bilh\u00f5es obtidos por firmas de radiodifus\u00e3o.<\/p>\n<p>Franklin disse que o debate no pa\u00eds n\u00e3o pode ser contaminado por &#8220;fantasmas&#8221;, express\u00e3o que associa \u00e0 luta pol\u00edtica atual e ao temor &#8211; infundado, segundo ele &#8211; da volta da censura. Afirmou que a regula\u00e7\u00e3o permitir\u00e1 a desconcentra\u00e7\u00e3o do setor e o cumprimento de preceitos previstos na Constitui\u00e7\u00e3o de 1988 mas nunca regulamentados, como cotas de conte\u00fado regional e independente na programa\u00e7\u00e3o da m\u00eddia eletr\u00f4nica.<\/p>\n<p>O ministro disse acreditar na exist\u00eancia de total liberdade de imprensa no Brasil, o que n\u00e3o impede a m\u00eddia de ser alvo de cr\u00edticas.<\/p>\n<p>\u201cN\u00e3o h\u00e1 no Brasil qualquer obst\u00e1culo \u00e0 liberdade de imprensa. [&#8230;] Liberdade de imprensa quer dizer que a imprensa \u00e9 livre, n\u00e3o que a imprensa \u00e9 boa. [&#8230;] N\u00e3o consigo ver nenhum problema do presidente Lula criticar tal ou qual jornal, revista, notici\u00e1rio de TV em determinado caso. Nenhum de n\u00f3s est\u00e1 acima da cr\u00edtica\u201d, afirmou.<\/p>\n<p><strong>Ministro rejeita &#8220;controle social&#8221; da m\u00eddia<\/strong><\/p>\n<p>Franklin disse ainda ser &#8220;inteiramente contra&#8221; a express\u00e3o &#8220;controle social da m\u00eddia&#8221;, que classificou como amb\u00edgua por sugerir a possibilidade de interven\u00e7\u00e3o sobre o conte\u00fado produzido por empresas jornalisticas.<\/p>\n<p>&#8220;Eu disse \u00e0s entidades sociais: essa express\u00e3o de voc\u00eas [controle social da m\u00eddia] \u00e9 confusa. [&#8230;] Dizer a priori o que se deve ou n\u00e3o publicar \u00e9 censura, o governo n\u00e3o aceita isso&#8221;, afirmou.<\/p>\n<p>O ministro disse ainda que o governo Lula &#8220;ficou devendo&#8221; em rela\u00e7\u00e3o \u00e0 capacidade de gest\u00e3o do minist\u00e9rio das Comunica\u00e7\u00f5es. Afirmou que a pasta precisa ser &#8220;refundada&#8221; para adquirir capacidade de planejar e elaborar pol\u00edticas p\u00fablicas, \u00e0 semelhan\u00e7a do que foi feito, segundo ele, no minist\u00e9rio de Minas e Energia durante a gest\u00e3o do PT no Planalto.<\/p>\n<p>Thiago Guimar\u00e3es Do <a href = \"http:\/\/g1.globo.com\/politica\/noticia\/2010\/11\/ministro-diz-que-governo-deixara-para-dilma-regulacao-da-midia-digital.html\" target = \"_news\"><b>G1<\/b><\/a>, em S\u00e3o Paulo<\/p>\n","protected":false},"excerpt":{"rendered":"<p>Franklin Martins participou de semin\u00e1rio promovido pela TV Cultura. Ele disse acreditar na exist\u00eancia de total liberdade de imprensa no Brasil. O ministro Franklin Martins (Comunica\u00e7\u00e3o Social) afirmou nesta quinta-feira (25) que pretende deixar para a presidente eleita, Dilma Rousseff, um anteprojeto de lei com novas regras para o setor de m\u00eddia digital. \u201cEstamos trabalhando [&hellip;]<\/p>\n","protected":false},"author":2,"featured_media":0,"comment_status":"open","ping_status":"open","sticky":false,"template":"","format":"standard","meta":{"_links_to":"","_links_to_target":""},"categories":[18],"tags":[],"_links":{"self":[{"href":"https:\/\/www.r2cpress.com.br\/v1\/wp-json\/wp\/v2\/posts\/3021"}],"collection":[{"href":"https:\/\/www.r2cpress.com.br\/v1\/wp-json\/wp\/v2\/posts"}],"about":[{"href":"https:\/\/www.r2cpress.com.br\/v1\/wp-json\/wp\/v2\/types\/post"}],"author":[{"embeddable":true,"href":"https:\/\/www.r2cpress.com.br\/v1\/wp-json\/wp\/v2\/users\/2"}],"replies":[{"embeddable":true,"href":"https:\/\/www.r2cpress.com.br\/v1\/wp-json\/wp\/v2\/comments?post=3021"}],"version-history":[{"count":2,"href":"https:\/\/www.r2cpress.com.br\/v1\/wp-json\/wp\/v2\/posts\/3021\/revisions"}],"predecessor-version":[{"id":3023,"href":"https:\/\/www.r2cpress.com.br\/v1\/wp-json\/wp\/v2\/posts\/3021\/revisions\/3023"}],"wp:attachment":[{"href":"https:\/\/www.r2cpress.com.br\/v1\/wp-json\/wp\/v2\/media?parent=3021"}],"wp:term":[{"taxonomy":"category","embeddable":true,"href":"https:\/\/www.r2cpress.com.br\/v1\/wp-json\/wp\/v2\/categories?post=3021"},{"taxonomy":"post_tag","embeddable":true,"href":"https:\/\/www.r2cpress.com.br\/v1\/wp-json\/wp\/v2\/tags?post=3021"}],"curies":[{"name":"wp","href":"https:\/\/api.w.org\/{rel}","templated":true}]}}