{"id":30328,"date":"2011-12-07T18:34:55","date_gmt":"2011-12-07T20:34:55","guid":{"rendered":"http:\/\/www.r2cpress.com.br\/v1\/?p=30328"},"modified":"2011-12-07T18:34:55","modified_gmt":"2011-12-07T20:34:55","slug":"muitos-medicos-pouca-qualidade","status":"publish","type":"post","link":"https:\/\/www.r2cpress.com.br\/v1\/2011\/12\/07\/muitos-medicos-pouca-qualidade\/","title":{"rendered":"Muitos m\u00e9dicos, pouca qualidade"},"content":{"rendered":"<p><em>Antonio Carlos Lopes<strong><\/strong><\/em><\/p>\n<p>Parece haver hoje em nosso pa\u00eds uma pol\u00edtica deliberada de desqualifica\u00e7\u00e3o da Medicina e dos m\u00e9dicos. A despeito de ainda ser centro de excel\u00eancia e refer\u00eancia mundial em variadas especialidades, o Brasil coloca seu sistema de sa\u00fade em xeque dia a dia por equ\u00edvocos e\/ou falta de vis\u00e3o de parte dos gestores.<\/p>\n<p>Atualmente, um grande vil\u00e3o da desconstru\u00e7\u00e3o de nossa Medicina \u00e9 o aparelho formador. A abertura de escolas m\u00e9dicas n\u00e3o foi enfrentada com a devida seriedade e os resultados s\u00e3o nefastos. Recente avalia\u00e7\u00e3o do Conselho Regional de Medicina do Estado de S\u00e3o Paulo com estudantes do sexto ano atestou que quase 50% deles n\u00e3o sabe interpretar radiografia ou fazer diagn\u00f3stico ap\u00f3s receber informa\u00e7\u00f5es dos pacientes. Tamb\u00e9m cerca de metade administraria tratamento impreciso para infec\u00e7\u00e3o na garganta, meningite e s\u00edfilis. Ainda n\u00e3o seria capaz de identificar febre alta como fator que eleva o risco de infec\u00e7\u00e3o grave em beb\u00ea.<\/p>\n<p>O baixo percentual de acertos em campos essenciais da Medicina, como Sa\u00fade P\u00fablica (49% de acertos), Obstetr\u00edcia (54,1%), Cl\u00ednica M\u00e9dica (56,5%) e Pediatria (59,3%) \u00e9 alarmante. Ali\u00e1s, os \u00edndices de reprova\u00e7\u00e3o desde que a avalia\u00e7\u00e3o foi criada, em 2007, mostram que muitos novos m\u00e9dicos n\u00e3o est\u00e3o preparados para exercer a profiss\u00e3o.<\/p>\n<p><!--more--><\/p>\n<p>De certa forma, a responsabilidade n\u00e3o \u00e9 s\u00f3 deles, que pagam mensalidades car\u00edssimas convictos de que receber\u00e3o conhecimento suficiente para bem servir ao pr\u00f3ximo.  \u00c9 fruto da mercantiliza\u00e7\u00e3o do ensino. Faz tempo que escolas m\u00e9dicas s\u00e3o abertas com qualidade absolutamente contest\u00e1vel. A maioria \u00e9 autorizada a funcionar sem hospital escola, com corpo docente de capacita\u00e7\u00e3o discut\u00edvel, falhas na grade pedag\u00f3gica, entre outros problemas.<\/p>\n<p>Dessas faculdades mambembes saem, todos os anos, profissionais de forma\u00e7\u00e3o falha. N\u00e3o d\u00e1 para fechar os olhos: isso \u00e9 um risco \u00e0 sa\u00fade e \u00e0 vida dos cidad\u00e3os.<\/p>\n<p>Para agravar a situa\u00e7\u00e3o, o perigo n\u00e3o mora s\u00f3 aqui. Tamb\u00e9m vem de fora. Nos \u00faltimos dias, por exemplo, foi noticiado amplamente que o governo federal adotar\u00e1 nova estrat\u00e9gia para facilitar a revalida\u00e7\u00e3o de diploma de m\u00e9dicos brasileiros formados na Escola Latino-Americana de Medicina (ELAM) de Cuba. Com recursos de nossos impostos, eles ter\u00e3o est\u00e1gio em hospitais p\u00fablicos, recebendo bolsa, enquanto fazem cursinho de refor\u00e7o para se preparar para uma prova de revalida\u00e7\u00e3o de diploma.<\/p>\n<p>Ressalto que a valida\u00e7\u00e3o desses diplomas de m\u00e9dicos estrangeiros, e principalmente de brasileiros formados em outros pa\u00edses, \u00e9 um processo democr\u00e1tico e republicano. Contudo, s\u00e3o necess\u00e1rias regras r\u00edgidas para n\u00e3o expor os cidad\u00e3os \u00e0 incompet\u00eancia profissional oriunda de modelos de forma\u00e7\u00e3o inadequados ou insuficientes.<\/p>\n<p>Tenta-se, na atual conjuntura, mais um arremedo para esconder a incompet\u00eancia em se conceber pol\u00edticas consistentes para garantir a universalidade e integralidade do Sistema \u00danico de Sa\u00fade (SUS). Busca-se m\u00e3o de obra barata, para atender em  regi\u00f5es de fronteira, de dif\u00edcil acesso. Enfim, parece que se planeja oferecer Medicina de segunda categoria para os carentes e desassistidos.  N\u00e3o podemos compactuar de forma alguma com isso.<\/p>\n<p>&#8212;<br \/>\nAntonio Carlos Lopes, presidente da Sociedade Brasileira de Cl\u00ednica M\u00e9dica <\/p>\n","protected":false},"excerpt":{"rendered":"<p>Antonio Carlos Lopes Parece haver hoje em nosso pa\u00eds uma pol\u00edtica deliberada de desqualifica\u00e7\u00e3o da Medicina e dos m\u00e9dicos. A despeito de ainda ser centro de excel\u00eancia e refer\u00eancia mundial em variadas especialidades, o Brasil coloca seu sistema de sa\u00fade em xeque dia a dia por equ\u00edvocos e\/ou falta de vis\u00e3o de parte dos gestores. [&hellip;]<\/p>\n","protected":false},"author":2,"featured_media":0,"comment_status":"open","ping_status":"open","sticky":false,"template":"","format":"standard","meta":{"_links_to":"","_links_to_target":""},"categories":[12],"tags":[],"_links":{"self":[{"href":"https:\/\/www.r2cpress.com.br\/v1\/wp-json\/wp\/v2\/posts\/30328"}],"collection":[{"href":"https:\/\/www.r2cpress.com.br\/v1\/wp-json\/wp\/v2\/posts"}],"about":[{"href":"https:\/\/www.r2cpress.com.br\/v1\/wp-json\/wp\/v2\/types\/post"}],"author":[{"embeddable":true,"href":"https:\/\/www.r2cpress.com.br\/v1\/wp-json\/wp\/v2\/users\/2"}],"replies":[{"embeddable":true,"href":"https:\/\/www.r2cpress.com.br\/v1\/wp-json\/wp\/v2\/comments?post=30328"}],"version-history":[{"count":2,"href":"https:\/\/www.r2cpress.com.br\/v1\/wp-json\/wp\/v2\/posts\/30328\/revisions"}],"predecessor-version":[{"id":30330,"href":"https:\/\/www.r2cpress.com.br\/v1\/wp-json\/wp\/v2\/posts\/30328\/revisions\/30330"}],"wp:attachment":[{"href":"https:\/\/www.r2cpress.com.br\/v1\/wp-json\/wp\/v2\/media?parent=30328"}],"wp:term":[{"taxonomy":"category","embeddable":true,"href":"https:\/\/www.r2cpress.com.br\/v1\/wp-json\/wp\/v2\/categories?post=30328"},{"taxonomy":"post_tag","embeddable":true,"href":"https:\/\/www.r2cpress.com.br\/v1\/wp-json\/wp\/v2\/tags?post=30328"}],"curies":[{"name":"wp","href":"https:\/\/api.w.org\/{rel}","templated":true}]}}