{"id":30354,"date":"2011-12-08T12:07:33","date_gmt":"2011-12-08T14:07:33","guid":{"rendered":"http:\/\/www.r2cpress.com.br\/v1\/?p=30354"},"modified":"2011-12-08T12:07:33","modified_gmt":"2011-12-08T14:07:33","slug":"palhacos-nas-ruas-em-nome-da-paz-e-da-alegria","status":"publish","type":"post","link":"https:\/\/www.r2cpress.com.br\/v1\/2011\/12\/08\/palhacos-nas-ruas-em-nome-da-paz-e-da-alegria\/","title":{"rendered":"PALHA\u00c7OS NAS RUAS EM NOME DA PAZ E DA ALEGRIA"},"content":{"rendered":"<p><a href=\"http:\/\/www.r2cpress.com.br\/v1\/wp-content\/uploads\/palha\u00e7o.jpg\"><img loading=\"lazy\" src=\"http:\/\/www.r2cpress.com.br\/v1\/wp-content\/uploads\/palha\u00e7o.jpg\" alt=\"\" title=\"palha\u00e7o\" width=\"200\" height=\"281\" class=\"alignright size-full wp-image-30355\" \/><\/a>O Grupo Teatral Maktub realiza a primeira Palhaceata de Ilh\u00e9us, no pr\u00f3ximo s\u00e1bado (10) com diversos n\u00fameros da palha\u00e7aria cl\u00e1ssica. O evento vai trabalhar a tem\u00e1tica \u201cPalha\u00e7os pela Paz\u201d com exibi\u00e7\u00f5es de filmes, atividades recreativas para as crian\u00e7as, encena\u00e7\u00e3o de pe\u00e7as c\u00f4micas e um belo e divertido festival de tortas na cara.<\/p>\n<p>A programa\u00e7\u00e3o come\u00e7a \u00e0s 9h, na Casa dos Artistas, em Ilh\u00e9us. A data marca as comemora\u00e7\u00f5es pelo dia internacional do palha\u00e7o e vai ter a participa\u00e7\u00e3o de outras companhias de teatro da cidade. <\/p>\n<p>Esse \u00e9 o momento dos baixinhos, jovens e idosos comparecerem para sentir a paz que as gargalhadas e a arte circense proporcionam. Para o diretor do Maktub, F\u00e1bio Nascimento, &#8220;o palha\u00e7o \u00e9 um ser universal, um ativista do riso e da alegria, que consegue dialogar com pessoas de todas as idades. A comicidade do palha\u00e7o nos remete \u00e0 vida leve, \u00e0 risada ing\u00eanua e doce, de maneira espont\u00e2nea, quase sem querer\u201d.<\/p>\n<p>A Casa dos Artistas fica na Rua Jorge Amado, n\u00ba 39, Centro, Ilh\u00e9us.<br \/>\nLeve seus filhos. Participe!<\/p>\n","protected":false},"excerpt":{"rendered":"<p>O Grupo Teatral Maktub realiza a primeira Palhaceata de Ilh\u00e9us, no pr\u00f3ximo s\u00e1bado (10) com diversos n\u00fameros da palha\u00e7aria cl\u00e1ssica. O evento vai trabalhar a tem\u00e1tica \u201cPalha\u00e7os pela Paz\u201d com exibi\u00e7\u00f5es de filmes, atividades recreativas para as crian\u00e7as, encena\u00e7\u00e3o de pe\u00e7as c\u00f4micas e um belo e divertido festival de tortas na cara. A programa\u00e7\u00e3o come\u00e7a [&hellip;]<\/p>\n","protected":false},"author":2,"featured_media":0,"comment_status":"open","ping_status":"open","sticky":false,"template":"","format":"standard","meta":{"_links_to":"","_links_to_target":""},"categories":[5],"tags":[],"_links":{"self":[{"href":"https:\/\/www.r2cpress.com.br\/v1\/wp-json\/wp\/v2\/posts\/30354"}],"collection":[{"href":"https:\/\/www.r2cpress.com.br\/v1\/wp-json\/wp\/v2\/posts"}],"about":[{"href":"https:\/\/www.r2cpress.com.br\/v1\/wp-json\/wp\/v2\/types\/post"}],"author":[{"embeddable":true,"href":"https:\/\/www.r2cpress.com.br\/v1\/wp-json\/wp\/v2\/users\/2"}],"replies":[{"embeddable":true,"href":"https:\/\/www.r2cpress.com.br\/v1\/wp-json\/wp\/v2\/comments?post=30354"}],"version-history":[{"count":2,"href":"https:\/\/www.r2cpress.com.br\/v1\/wp-json\/wp\/v2\/posts\/30354\/revisions"}],"predecessor-version":[{"id":30357,"href":"https:\/\/www.r2cpress.com.br\/v1\/wp-json\/wp\/v2\/posts\/30354\/revisions\/30357"}],"wp:attachment":[{"href":"https:\/\/www.r2cpress.com.br\/v1\/wp-json\/wp\/v2\/media?parent=30354"}],"wp:term":[{"taxonomy":"category","embeddable":true,"href":"https:\/\/www.r2cpress.com.br\/v1\/wp-json\/wp\/v2\/categories?post=30354"},{"taxonomy":"post_tag","embeddable":true,"href":"https:\/\/www.r2cpress.com.br\/v1\/wp-json\/wp\/v2\/tags?post=30354"}],"curies":[{"name":"wp","href":"https:\/\/api.w.org\/{rel}","templated":true}]}}