{"id":3036,"date":"2010-11-26T06:34:10","date_gmt":"2010-11-26T09:34:10","guid":{"rendered":"http:\/\/www.r2cpress.com.br\/v1\/?p=3036"},"modified":"2010-11-26T06:34:10","modified_gmt":"2010-11-26T09:34:10","slug":"diretriz-ministerial-n%c2%ba-142010","status":"publish","type":"post","link":"https:\/\/www.r2cpress.com.br\/v1\/2010\/11\/26\/diretriz-ministerial-n%c2%ba-142010\/","title":{"rendered":"DIRETRIZ MINISTERIAL  N\u00ba 14\/2010"},"content":{"rendered":"<p>&#8220;O SENHOR PRESIDENTE DA REP\u00daBLICA determinou o emprego das FOR\u00c7AS ARMADAS, para a garantia da lei e da ordem, na cidade do Rio Janeiro.<\/p>\n<p>Tal decis\u00e3o decorreu de solicita\u00e7\u00e3o feita pelo SENHOR GOVERNADOR DO ESTADO DO RIO JANEIRO, nesta data.<\/p>\n<p>O SENHOR PRESIDENTE DA REP\u00daBLICA autorizou a atua\u00e7\u00e3o das for\u00e7as &#8220;nas condi\u00e7\u00f5es e extens\u00e3o solicitadas&#8221;.<br \/>\n\u3000<br \/>\nAssim, com fundamento no art. 7, I, do Decreto n. 3.897\/2001, e nos limites solicitados pelo SENHOR GOVERNADOR<br \/>\n\u3000<br \/>\nDETERMINO<br \/>\n\u3000<br \/>\n1. Ao COMANDANTE DO EX\u00c9RCITO que acione efetivo de &#8220;800 militares&#8221;, do COMANDO MILITAR DO LESTE (CML), para &#8220;serem utilizados na prote\u00e7\u00e3o de Per\u00edmetro de \u00e1reas conflagradas a serem tomadas pelas for\u00e7as estaduais e pela Pol\u00edcia Federal&#8221;, al\u00e9m do efetivo necess\u00e1rio para o apoio da tropa e sua defesa.<br \/>\nEsse efetivo estar\u00e1 sob o comando do oficial designado pela autoridade militar competente e dever\u00e1 operar em coordena\u00e7\u00e3o e articula\u00e7\u00e3o com as for\u00e7as policiais estaduais e federais e com as demais for\u00e7as militares.<br \/>\n\u3000<br \/>\n2. Ao COMANDANTE DA AERON\u00c1UTICA que acione:<br \/>\na. Uma aeronave de asa rotativa &#8220;Super Puma para transporte de tropa&#8221; ou equivalente; e<br \/>\nb. Uma aeronave de asa rotativa &#8220;H1H para utiliza\u00e7\u00e3o com atiradores&#8221; ou equivalente.<br \/>\nAs aeronaves dever\u00e3o ser operadas por militares da Aeron\u00e1utica em coordena\u00e7\u00e3o e articula\u00e7\u00e3o com as for\u00e7as policiais estaduais e federais e com as demais for\u00e7as militares.<br \/>\n\u3000<br \/>\n3. Aos COMANDANTES DAS FOR\u00c7AS ARMADAS que, articuladamente, acionem:<br \/>\na. &#8220;Dez viaturas blindadas para transporte de pessoal&#8221;, incluindo as respectivas guarni\u00e7\u00f5es que as conduzir\u00e3o;<br \/>\nb. &#8220;Equipamentos de comunica\u00e7\u00e3o aeronave x solo&#8221;, para serem cedidos, temporariamente, \u00e0s for\u00e7as estaduais;<br \/>\nc. &#8220;Equipamentos de vis\u00e3o noturna&#8221;, para serem cedidos, temporariamente, \u00e0s for\u00e7as estaduais;<br \/>\n\u3000<br \/>\n4. Ao ESTADO MAIOR CONJUNTO DAS FOR\u00c7AS ARMADAS que designe oficial para:<br \/>\na. promover a integra\u00e7\u00e3o dos comandos militares empregados na opera\u00e7\u00e3o;<br \/>\nb. promover a liga\u00e7\u00e3o com as autoridades estaduais e federais; e<br \/>\nc. manter este Minist\u00e9rio informado das opera\u00e7\u00f5es, via o Centro de Opera\u00e7\u00f5es Conjuntas (COC).<\/p>\n<p>NELSON A. JOBIM<br \/>\nMinistro da Defesa&#8221;<\/p>\n","protected":false},"excerpt":{"rendered":"<p>&#8220;O SENHOR PRESIDENTE DA REP\u00daBLICA determinou o emprego das FOR\u00c7AS ARMADAS, para a garantia da lei e da ordem, na cidade do Rio Janeiro. Tal decis\u00e3o decorreu de solicita\u00e7\u00e3o feita pelo SENHOR GOVERNADOR DO ESTADO DO RIO JANEIRO, nesta data. O SENHOR PRESIDENTE DA REP\u00daBLICA autorizou a atua\u00e7\u00e3o das for\u00e7as &#8220;nas condi\u00e7\u00f5es e extens\u00e3o solicitadas&#8221;. [&hellip;]<\/p>\n","protected":false},"author":2,"featured_media":0,"comment_status":"open","ping_status":"open","sticky":false,"template":"","format":"standard","meta":{"_links_to":"","_links_to_target":""},"categories":[18],"tags":[],"_links":{"self":[{"href":"https:\/\/www.r2cpress.com.br\/v1\/wp-json\/wp\/v2\/posts\/3036"}],"collection":[{"href":"https:\/\/www.r2cpress.com.br\/v1\/wp-json\/wp\/v2\/posts"}],"about":[{"href":"https:\/\/www.r2cpress.com.br\/v1\/wp-json\/wp\/v2\/types\/post"}],"author":[{"embeddable":true,"href":"https:\/\/www.r2cpress.com.br\/v1\/wp-json\/wp\/v2\/users\/2"}],"replies":[{"embeddable":true,"href":"https:\/\/www.r2cpress.com.br\/v1\/wp-json\/wp\/v2\/comments?post=3036"}],"version-history":[{"count":2,"href":"https:\/\/www.r2cpress.com.br\/v1\/wp-json\/wp\/v2\/posts\/3036\/revisions"}],"predecessor-version":[{"id":3038,"href":"https:\/\/www.r2cpress.com.br\/v1\/wp-json\/wp\/v2\/posts\/3036\/revisions\/3038"}],"wp:attachment":[{"href":"https:\/\/www.r2cpress.com.br\/v1\/wp-json\/wp\/v2\/media?parent=3036"}],"wp:term":[{"taxonomy":"category","embeddable":true,"href":"https:\/\/www.r2cpress.com.br\/v1\/wp-json\/wp\/v2\/categories?post=3036"},{"taxonomy":"post_tag","embeddable":true,"href":"https:\/\/www.r2cpress.com.br\/v1\/wp-json\/wp\/v2\/tags?post=3036"}],"curies":[{"name":"wp","href":"https:\/\/api.w.org\/{rel}","templated":true}]}}