{"id":3039,"date":"2010-11-26T08:14:09","date_gmt":"2010-11-26T11:14:09","guid":{"rendered":"http:\/\/www.r2cpress.com.br\/v1\/?p=3039"},"modified":"2010-11-26T08:14:09","modified_gmt":"2010-11-26T11:14:09","slug":"seminario-internacional-debatera-planejamento-estrategico","status":"publish","type":"post","link":"https:\/\/www.r2cpress.com.br\/v1\/2010\/11\/26\/seminario-internacional-debatera-planejamento-estrategico\/","title":{"rendered":"Semin\u00e1rio internacional debater\u00e1 planejamento estrat\u00e9gico"},"content":{"rendered":"<p>O Semin\u00e1rio Internacional de Gest\u00e3o Judicial que vai acontecer em Bras\u00edlia (DF) de 28 a 30 de novembro ser\u00e1 focado no planejamento estrat\u00e9gico, com \u00eanfase na quest\u00e3o da tecnologia e como essa ferramenta pode ser utilizada para o enfrentamento mais efetivo das demandas e celeridade dos processos judiciais. Mais de 550 participantes est\u00e3o inscritos. O evento \u00e9 promovido pelo Conselho Nacional de Justi\u00e7a (CNJ) e o Centro de Estudos Jur\u00eddicos das Am\u00e9ricas (Ceja) e ser\u00e1 realizado no Centro de Conven\u00e7\u00f5es Brasil 21. A abertura ser\u00e1 no pr\u00f3ximo domingo, \u00e0s 18h.<\/p>\n<p>O semin\u00e1rio ter\u00e1 confer\u00eancias, pain\u00e9is e debates sobre os principais temas jur\u00eddicos contempor\u00e2neos comuns \u00e0 justi\u00e7a das tr\u00eas Am\u00e9ricas. Est\u00e3o confirmadas as participa\u00e7\u00f5es de 82 representantes das cortes supremas de 15 pa\u00edses. A Espanha, atrav\u00e9s de seu Minist\u00e9rio da Justi\u00e7a, \u00e9 o \u00fanico pa\u00eds europeu participante e a Argentina \u00e9 o pa\u00eds que trar\u00e1 a maior delega\u00e7\u00e3o com 29 inscritos.<\/p>\n<p>Tamb\u00e9m est\u00e1 confirmada a realiza\u00e7\u00e3o da exposi\u00e7\u00e3o de trabalhos consagrados como as melhores pr\u00e1ticas em tecnologia da informa\u00e7\u00e3o utilizadas pelo judici\u00e1rio para na presta\u00e7\u00e3o jurisdicional mais efetiva. Esses trabalhos foram escolhidos em concurso e estar\u00e3o expostos \u00e0 visita\u00e7\u00e3o em estandes montados ao lado do audit\u00f3rio onde ser\u00e3o realizadas as confer\u00eancias.<\/p>\n<p>Do Chile, sede do Centro de Estudos Jur\u00eddicos das Am\u00e9rica (Ceja), seu diretor executivo, Cristian Riego, concedeu entrevista \u00e0 Ag\u00eancia CNJ de Not\u00edcias. Ele elogia o judici\u00e1rio brasileiro, suas conquistas e fala sobre o VIII Semin\u00e1rio Internacional de Gest\u00e3o Judicial.<br \/>\n<strong><br \/>\nAg\u00eancia CNJ de Not\u00edcias : Por que o Centro de Estudos Jur\u00eddicos das Am\u00e9ricas escolheu o Brasil para fazer o  Semin\u00e1rio Internacional sobre Gest\u00e3o Judiciall?<\/strong><\/p>\n<p><strong>Cristian Riego<\/strong> &#8211; O  Semin\u00e1rio Internacional organizado pelo Centro de Estudos de Justi\u00e7a das Am\u00e9ricas,(CEJA) que em suas vers\u00f5es anteriores foi realizado no Chile, Costa Rica, Nicar\u00e1gua, El Salvador, Peru, Paraguai e Argentina, tornou-se um espa\u00e7o adequado para apresentar e discutir os progressos em v\u00e1rias \u00e1reas relacionadas com a administra\u00e7\u00e3o judicial  desenvolvidos pelos pa\u00edses latino-americanos.  Esse espa\u00e7o tamb\u00e9m \u00e9 utilizado para saber como essas quest\u00f5es s\u00e3o abordadas de uma forma muito particular nos pa\u00edses de acolhimento como agora acontece no Brasil. O semin\u00e1rio discute o progresso da gest\u00e3o judicial e a aplica\u00e7\u00e3o de tecnologias de Informa\u00e7\u00e3o e comunica\u00e7\u00e3o, colocados a servi\u00e7o da justi\u00e7a. \u00c9 muito relevante para uma pr\u00e1tica de partilha com os pa\u00edses da regi\u00e3o. A oitava edi\u00e7\u00e3o do semin\u00e1rio pode ser viabilizada gra\u00e7as \u00e0 iniciativa e a um grande esfor\u00e7o feito pelo Conselho Nacional de Justi\u00e7a (CNJ), e as suas autoridades a quem aproveito para agradecer pelo trabalho em conjunto.<\/p>\n<p><strong><br \/>\nAg\u00eancia CNJ de Not\u00edcias<\/strong> &#8211; Como o Ceja v\u00ea a a\u00e7\u00e3o do Poder Judici\u00e1rio no Brasil?<\/p>\n<p><!--more--><\/p>\n<p><strong>Cristian Riego<\/strong> &#8211; O Judici\u00e1rio brasileiro \u00e9 visto como uma importante fonte de experi\u00eancias diversas, principalmente de moderniza\u00e7\u00e3o do setor judicial. Uma vez que \u00e9 um pa\u00eds federativo, este conjunto de experi\u00eancias, n\u00e3o s\u00f3 s\u00e3o \u00fateis para estudar e divulgar em n\u00edvel regional, mas tamb\u00e9m internamente. Isso sempre com o objetivo final de desenvolver e promover os processos de reforma da justi\u00e7a em que o nosso continente est\u00e1 empenhado.<\/p>\n<p><strong><br \/>\nAg\u00eancia CNJ de Not\u00edcias &#8211; Qual \u00e9 a import\u00e2ncia e a contribui\u00e7\u00e3o do semin\u00e1rio para a justi\u00e7a em pa\u00edses t\u00e3o diferentes?<\/strong><\/p>\n<p><strong>Cristian Riego<\/strong> &#8211; Aspectos de planejamento, gest\u00e3o e utiliza\u00e7\u00e3o da tecnologia e ferramentas de comunica\u00e7\u00e3o s\u00e3o comuns a todas as institui\u00e7\u00f5es, tanto no setor p\u00fablico quanto no setor privado. Estas tecnologias e ferramentas s\u00e3o desenvolvidas e implementadas de acordo com as nuances particulares de cada setor. No setor judicial fala-se de um conjunto de gest\u00e3o e administra\u00e7\u00e3o de ferramentas que suportam o &#8220;fundo&#8221; (a decis\u00e3o do juiz, sem interferir com ele), promo\u00e7\u00e3o da efici\u00eancia e os n\u00edveis de efic\u00e1cia cada vez maior.<\/p>\n<p>A contribui\u00e7\u00e3o do semin\u00e1rio \u00e9 justamente para promover as li\u00e7\u00f5es aprendidas e gerar an\u00e1lises e discuss\u00f5es sobre gest\u00e3o e administra\u00e7\u00e3o das institui\u00e7\u00f5es do sector, tais poderes judiciais, procuradores e defensores, e outros intervenientes no sistema de administra\u00e7\u00e3o de justi\u00e7a.<\/p>\n<p><strong>Ag\u00eancia CNJ de Not\u00edcias &#8211; Na sua opini\u00e3o, qual o papel do Judici\u00e1rio diante das exig\u00eancias crescentes da sociedade?<\/strong><\/p>\n<p><strong>Cristian Riego<\/strong> &#8211; O papel do judici\u00e1rio \u00e9 mediar a maneira mais eficaz e eficiente entre as partes, para que os conflitos sejam resolvidos de forma que o equil\u00edbrio entre os custos operacionais e o n\u00edvel de satisfa\u00e7\u00e3o com a forma em que a presta\u00e7\u00e3o de tal servi\u00e7o  traga benef\u00edcios. Al\u00e9m disso, o judici\u00e1rio contribui sistematicamente para facilitar o acesso \u00e0 justi\u00e7a para todos os habitantes do pa\u00eds, com especial \u00eanfase  \u00e0s popula\u00e7\u00f5es vulner\u00e1veis.<br \/>\n<strong><br \/>\nAg\u00eancia CNJ de Not\u00edcias<\/strong> \u2013 O semin\u00e1rio dar\u00e1 \u00eanfase \u00e0 discuss\u00e3o da tecnologia. Como a tecnologia pode ajudar a acelerar o sistema judicial que de uma forma geral \u00e9 lento nas suas decis\u00f5es?<br \/>\n<strong><br \/>\nCristian Riego<\/strong> &#8211; A tecnologia \u00e9 a \u00fanica maneira de atender \u00e0 demanda crescente por servi\u00e7os de justi\u00e7a. Devidamente implementada e adequada \u00e0s reformas jur\u00eddicas, vai reduzir os custos operacionais do judici\u00e1rio e contribuir para  a concentra\u00e7\u00e3o de recursos em \u00e1reas de alto impacto (como medidas alternativas, por exemplo). Creio que vai melhorar tamb\u00e9m a percep\u00e7\u00e3o do p\u00fablico para a transpar\u00eancia, o que aumentar\u00e1 a responsabilidade dos operadores da justi\u00e7as no esfor\u00e7o de alcan\u00e7ar n\u00edveis mais elevados de efici\u00eancia e efic\u00e1cia. Esses processos de moderniza\u00e7\u00e3o e implementa\u00e7\u00e3o devem se concentrar nas necessidades particulares dos cidad\u00e3os, caso contr\u00e1rio, os investimentos e as despesas ser\u00e3o altamente ineficientes.<\/p>\n<p>&#8212;<br \/>\nBeneti Nascimento<br \/>\nAg\u00eancia CNJ de Not\u00edcias<\/p>\n","protected":false},"excerpt":{"rendered":"<p>O Semin\u00e1rio Internacional de Gest\u00e3o Judicial que vai acontecer em Bras\u00edlia (DF) de 28 a 30 de novembro ser\u00e1 focado no planejamento estrat\u00e9gico, com \u00eanfase na quest\u00e3o da tecnologia e como essa ferramenta pode ser utilizada para o enfrentamento mais efetivo das demandas e celeridade dos processos judiciais. Mais de 550 participantes est\u00e3o inscritos. O [&hellip;]<\/p>\n","protected":false},"author":2,"featured_media":0,"comment_status":"open","ping_status":"open","sticky":false,"template":"","format":"standard","meta":{"_links_to":"","_links_to_target":""},"categories":[16],"tags":[],"_links":{"self":[{"href":"https:\/\/www.r2cpress.com.br\/v1\/wp-json\/wp\/v2\/posts\/3039"}],"collection":[{"href":"https:\/\/www.r2cpress.com.br\/v1\/wp-json\/wp\/v2\/posts"}],"about":[{"href":"https:\/\/www.r2cpress.com.br\/v1\/wp-json\/wp\/v2\/types\/post"}],"author":[{"embeddable":true,"href":"https:\/\/www.r2cpress.com.br\/v1\/wp-json\/wp\/v2\/users\/2"}],"replies":[{"embeddable":true,"href":"https:\/\/www.r2cpress.com.br\/v1\/wp-json\/wp\/v2\/comments?post=3039"}],"version-history":[{"count":2,"href":"https:\/\/www.r2cpress.com.br\/v1\/wp-json\/wp\/v2\/posts\/3039\/revisions"}],"predecessor-version":[{"id":3041,"href":"https:\/\/www.r2cpress.com.br\/v1\/wp-json\/wp\/v2\/posts\/3039\/revisions\/3041"}],"wp:attachment":[{"href":"https:\/\/www.r2cpress.com.br\/v1\/wp-json\/wp\/v2\/media?parent=3039"}],"wp:term":[{"taxonomy":"category","embeddable":true,"href":"https:\/\/www.r2cpress.com.br\/v1\/wp-json\/wp\/v2\/categories?post=3039"},{"taxonomy":"post_tag","embeddable":true,"href":"https:\/\/www.r2cpress.com.br\/v1\/wp-json\/wp\/v2\/tags?post=3039"}],"curies":[{"name":"wp","href":"https:\/\/api.w.org\/{rel}","templated":true}]}}