{"id":30408,"date":"2011-12-09T09:47:09","date_gmt":"2011-12-09T11:47:09","guid":{"rendered":"http:\/\/www.r2cpress.com.br\/v1\/?p=30408"},"modified":"2011-12-09T09:47:09","modified_gmt":"2011-12-09T11:47:09","slug":"o-ballet-corpore-apresenta-o-pequeno-principe","status":"publish","type":"post","link":"https:\/\/www.r2cpress.com.br\/v1\/2011\/12\/09\/o-ballet-corpore-apresenta-o-pequeno-principe\/","title":{"rendered":"O BALLET CORPORE APRESENTA: O PEQUENO PRINCIPE."},"content":{"rendered":"<p align=\"center\"><strong><br \/>\n<\/strong><\/p>\n<p>\u00a0\u00a0\u00a0\u00a0\u00a0\u00a0\u00a0\u00a0\u00a0\u00a0\u00a0 Nos dias 10 e 11 de dezembro o Ballet Corpore vai apresentar O Pequeno Pr\u00edncipe no Centro de Cultura Adonias Filho em Itabuna \u00e0s 20 horas.<\/p>\n<p>O espet\u00e1culo levou o 1\u00ba lugar entre todas as categorias ( dan\u00e7a,teatro e m\u00fasica) no Edital de Apoio \u00e0 Produ\u00e7\u00e3o Art\u00edstica da prefeitura municipal de Itabuna \u2013 FICC\/2011. O projeto foi idealizado por Emily Leal, dire\u00e7\u00e3o geral de Dayse Santos a e dire\u00e7\u00e3o teatral foi feita por Malena D\u00f3rea.<\/p>\n<p>Espet\u00e1culo de dan\u00e7a, com base nas modalidades cl\u00e1ssico e moderno, permeado por interven\u00e7\u00f5es teatrais e embasado na obra liter\u00e1ria O Pequeno Pr\u00edncipe de Antoine de Saint-Exup\u00e9ry. A montagem contar\u00e1 com trabalho coreogr\u00e1fico espec\u00edfico com base em contexto e personagens da obra liter\u00e1ria e o cen\u00e1rio foi especialmente preparado para encantar o p\u00fablico. A diretora do espet\u00e1culo Dayse Santos, garante que quem for ao centro de cultura assistir o espet\u00e1culo vai sair deslumbrado com o que vai ver.<\/p>\n<p>Os ingressos est\u00e3o \u00e0 venda no Centro de Cultura Adonias Filho. Maiores informa\u00e7\u00f5es: (73) 8816-6170\/ 8874-7975\/ 9162-8710.<\/p>\n<p><center><a href=\"http:\/\/www.r2cpress.com.br\/v1\/wp-content\/uploads\/ballet.jpg\"><img loading=\"lazy\" src=\"http:\/\/www.r2cpress.com.br\/v1\/wp-content\/uploads\/ballet.jpg\" alt=\"\" title=\"ballet\" width=\"500\" height=\"278\" class=\"aligncenter size-full wp-image-30409\" srcset=\"https:\/\/www.r2cpress.com.br\/v1\/wp-content\/uploads\/ballet.jpg 500w, https:\/\/www.r2cpress.com.br\/v1\/wp-content\/uploads\/ballet-300x166.jpg 300w\" sizes=\"(max-width: 500px) 100vw, 500px\" \/><\/a><\/center><\/p>\n","protected":false},"excerpt":{"rendered":"<p>\u00a0\u00a0\u00a0\u00a0\u00a0\u00a0\u00a0\u00a0\u00a0\u00a0\u00a0 Nos dias 10 e 11 de dezembro o Ballet Corpore vai apresentar O Pequeno Pr\u00edncipe no Centro de Cultura Adonias Filho em Itabuna \u00e0s 20 horas. O espet\u00e1culo levou o 1\u00ba lugar entre todas as categorias ( dan\u00e7a,teatro e m\u00fasica) no Edital de Apoio \u00e0 Produ\u00e7\u00e3o Art\u00edstica da prefeitura municipal de Itabuna \u2013 FICC\/2011. [&hellip;]<\/p>\n","protected":false},"author":2,"featured_media":0,"comment_status":"open","ping_status":"open","sticky":false,"template":"","format":"standard","meta":{"_links_to":"","_links_to_target":""},"categories":[5],"tags":[],"_links":{"self":[{"href":"https:\/\/www.r2cpress.com.br\/v1\/wp-json\/wp\/v2\/posts\/30408"}],"collection":[{"href":"https:\/\/www.r2cpress.com.br\/v1\/wp-json\/wp\/v2\/posts"}],"about":[{"href":"https:\/\/www.r2cpress.com.br\/v1\/wp-json\/wp\/v2\/types\/post"}],"author":[{"embeddable":true,"href":"https:\/\/www.r2cpress.com.br\/v1\/wp-json\/wp\/v2\/users\/2"}],"replies":[{"embeddable":true,"href":"https:\/\/www.r2cpress.com.br\/v1\/wp-json\/wp\/v2\/comments?post=30408"}],"version-history":[{"count":2,"href":"https:\/\/www.r2cpress.com.br\/v1\/wp-json\/wp\/v2\/posts\/30408\/revisions"}],"predecessor-version":[{"id":30411,"href":"https:\/\/www.r2cpress.com.br\/v1\/wp-json\/wp\/v2\/posts\/30408\/revisions\/30411"}],"wp:attachment":[{"href":"https:\/\/www.r2cpress.com.br\/v1\/wp-json\/wp\/v2\/media?parent=30408"}],"wp:term":[{"taxonomy":"category","embeddable":true,"href":"https:\/\/www.r2cpress.com.br\/v1\/wp-json\/wp\/v2\/categories?post=30408"},{"taxonomy":"post_tag","embeddable":true,"href":"https:\/\/www.r2cpress.com.br\/v1\/wp-json\/wp\/v2\/tags?post=30408"}],"curies":[{"name":"wp","href":"https:\/\/api.w.org\/{rel}","templated":true}]}}