{"id":3046,"date":"2010-11-26T09:18:24","date_gmt":"2010-11-26T12:18:24","guid":{"rendered":"http:\/\/www.r2cpress.com.br\/v1\/?p=3046"},"modified":"2010-11-26T09:18:24","modified_gmt":"2010-11-26T12:18:24","slug":"mesmo-apos-ocupacao-da-vila-cruzeiro-rio-tem-mais-ataques-durante-a-madrugada","status":"publish","type":"post","link":"https:\/\/www.r2cpress.com.br\/v1\/2010\/11\/26\/mesmo-apos-ocupacao-da-vila-cruzeiro-rio-tem-mais-ataques-durante-a-madrugada\/","title":{"rendered":"Mesmo ap\u00f3s ocupa\u00e7\u00e3o da Vila Cruzeiro, Rio tem mais ataques durante a madrugada"},"content":{"rendered":"<p><strong>Rio de Janeiro<\/strong> &#8211; A onda de ataques no Rio de Janeiro continuou na madrugada de hoje (26), mesmo depois da ocupa\u00e7\u00e3o pela pol\u00edcia da Vila Cruzeiro, na Penha, na zona norte, que era considerada uma fortaleza do tr\u00e1fico. Mais dois \u00f4nibus foram incendiados, um na Rodovia Presidente Dutra, na pista sentido S\u00e3o Paulo, e outro em S\u00e3o Jo\u00e3o de Meriti, na Baixada Fluminense. Al\u00e9m disso, criminosos atearam fogo em cinco carros nas zonas sul e norte da capital e nas regi\u00f5es metropolitana e dos Lagos.<\/p>\n<p>Chegam hoje ao Rio os 800 militares do Ex\u00e9rcito que v\u00e3o refor\u00e7ar as opera\u00e7\u00f5es policiais. O apoio atende a pedido do governador S\u00e9rgio Cabral. Tamb\u00e9m ser\u00e3o enviados ao estado dois helic\u00f3pteros da For\u00e7a A\u00e9rea e dez ve\u00edculos blindados, al\u00e9m de equipamentos de comunica\u00e7\u00e3o e \u00f3culos para vis\u00e3o noturna. O ministro da Defesa, Nelson Jobim, vem ao Rio hoje para se reunir com o governador S\u00e9rgio Cabral e o secret\u00e1rio de seguran\u00e7a do estado, Jos\u00e9 Mariano Beltrame.<\/p>\n<p><!--more--><\/p>\n<p>Os cerca de 100 policiais do Batalh\u00e3o de Opera\u00e7\u00f5es Especiais (Bope), a tropa de elite da Pol\u00edcia Militar (PM), que passaram a noite na Vila Cruzeiro fazem hoje uma varredura no local para apreender armas e drogas. O policiamento tamb\u00e9m est\u00e1 refor\u00e7ado nas estradas do estado desde ontem (25), mas ainda n\u00e3o h\u00e1 informa\u00e7\u00f5es sobre apreens\u00f5es ou pris\u00f5es.<\/p>\n<p>Tamb\u00e9m por conta dos ataques, a emerg\u00eancia do Hospital Estadual Get\u00falio Vargas, na Penha, est\u00e1 refor\u00e7ada. De acordo com a Secretaria Estadual de Sa\u00fade, as folgas foram suspensas para garantir o atendimento \u00e0 popula\u00e7\u00e3o. Ontem, oito pessoas foram baleadas nos confrontos entre policiais e traficantes e seis continuam internadas.<\/p>\n<p>Mais nove homens suspeitos de participar dos ataques que est\u00e3o presos na Polinter do Graja\u00fa, na zona norte, ser\u00e3o transferidos ainda hoje para pres\u00eddios federais em outros estados.<\/p>\n<p>Desde domingo, mais de 70 ve\u00edculos foram incendiados no Rio e 34 pessoas morreram. Dos mais de 150 detidos, 67 continuam presos.<\/p>\n<p>&#8212;<br \/>\nThais Leit\u00e3o<br \/>\nRep\u00f3rter da Ag\u00eancia Brasil<br \/>\nEdi\u00e7\u00e3o: Juliana Andrade<\/p>\n","protected":false},"excerpt":{"rendered":"<p>Rio de Janeiro &#8211; A onda de ataques no Rio de Janeiro continuou na madrugada de hoje (26), mesmo depois da ocupa\u00e7\u00e3o pela pol\u00edcia da Vila Cruzeiro, na Penha, na zona norte, que era considerada uma fortaleza do tr\u00e1fico. Mais dois \u00f4nibus foram incendiados, um na Rodovia Presidente Dutra, na pista sentido S\u00e3o Paulo, e [&hellip;]<\/p>\n","protected":false},"author":2,"featured_media":0,"comment_status":"open","ping_status":"open","sticky":false,"template":"","format":"standard","meta":{"_links_to":"","_links_to_target":""},"categories":[13],"tags":[],"_links":{"self":[{"href":"https:\/\/www.r2cpress.com.br\/v1\/wp-json\/wp\/v2\/posts\/3046"}],"collection":[{"href":"https:\/\/www.r2cpress.com.br\/v1\/wp-json\/wp\/v2\/posts"}],"about":[{"href":"https:\/\/www.r2cpress.com.br\/v1\/wp-json\/wp\/v2\/types\/post"}],"author":[{"embeddable":true,"href":"https:\/\/www.r2cpress.com.br\/v1\/wp-json\/wp\/v2\/users\/2"}],"replies":[{"embeddable":true,"href":"https:\/\/www.r2cpress.com.br\/v1\/wp-json\/wp\/v2\/comments?post=3046"}],"version-history":[{"count":2,"href":"https:\/\/www.r2cpress.com.br\/v1\/wp-json\/wp\/v2\/posts\/3046\/revisions"}],"predecessor-version":[{"id":3048,"href":"https:\/\/www.r2cpress.com.br\/v1\/wp-json\/wp\/v2\/posts\/3046\/revisions\/3048"}],"wp:attachment":[{"href":"https:\/\/www.r2cpress.com.br\/v1\/wp-json\/wp\/v2\/media?parent=3046"}],"wp:term":[{"taxonomy":"category","embeddable":true,"href":"https:\/\/www.r2cpress.com.br\/v1\/wp-json\/wp\/v2\/categories?post=3046"},{"taxonomy":"post_tag","embeddable":true,"href":"https:\/\/www.r2cpress.com.br\/v1\/wp-json\/wp\/v2\/tags?post=3046"}],"curies":[{"name":"wp","href":"https:\/\/api.w.org\/{rel}","templated":true}]}}