{"id":30518,"date":"2011-12-09T22:39:52","date_gmt":"2011-12-10T00:39:52","guid":{"rendered":"http:\/\/www.r2cpress.com.br\/v1\/?p=30518"},"modified":"2011-12-09T22:39:52","modified_gmt":"2011-12-10T00:39:52","slug":"pec-270-2","status":"publish","type":"post","link":"https:\/\/www.r2cpress.com.br\/v1\/2011\/12\/09\/pec-270-2\/","title":{"rendered":"PEC 270"},"content":{"rendered":"<table>\n<tbody>\n<tr>\n<td width=\"100%\">PEC 270<br \/>\n<span style=\"font-size: x-large;\">C\u00e2mara decide sobre aposentadoria integral por invalidez na quarta<\/span><\/td>\n<td align=\"right\" width=\"100%\"><a title=\"Imprimir\" href=\"http:\/\/www.sindifisconacional.org.br\/index.php?view=article&amp;catid=218%3Aassuntos-parlamentares&amp;id=15439%3Acamara-decide-sobre-aposentadoria-por-invalidez-integral-nesta-quarta&amp;tmpl=component&amp;print=1&amp;layout=default&amp;page=&amp;option=com_content&amp;Itemid=443&amp;lang=pt\" rel=\"nofollow\" target=\"_blank\"><img src=\"http:\/\/www.sindifisconacional.org.br\/images\/M_images\/printButton.png\" alt=\"Imprimir\" \/><\/a><\/td>\n<\/tr>\n<\/tbody>\n<\/table>\n<table>\n<tbody>\n<tr>\n<td valign=\"top\">Aline Matheus<\/td>\n<\/tr>\n<tr>\n<td valign=\"top\">Sex, 09 de Dezembro de 2011 17:38<\/td>\n<\/tr>\n<tr>\n<td valign=\"top\">O direito \u00e0 aposentadoria por invalidez integral e parit\u00e1ria, independentemente da raz\u00e3o da incapacidade, dever\u00e1 entrar na pauta de delibera\u00e7\u00f5es da C\u00e2mara dos Deputados na pr\u00f3xima quarta-feira (14\/12).<\/p>\n<p>A DEN (Diretoria Executiva Nacional) defende a necessidade de aprova\u00e7\u00e3o da PEC (Proposta de Emenda \u00e0 Constitui\u00e7\u00e3o) 270\/2008 por entender que se aprovada, a proposta vai beneficiar servidores p\u00fablicos aposentados por invalidez permanente, corrigindo um erro causado na aprova\u00e7\u00e3o da EC (Emenda Constitucional) 41\/03. Por isso, a entidade tem realizado forte articula\u00e7\u00e3o no Congresso Nacional, no intuito, de ver a situa\u00e7\u00e3o corrigida o mais brevemente poss\u00edvel.<\/p>\n<div>Conforme a NT (Nota T\u00e9cnica) 25 elaborada pelo Departamento de Estudos T\u00e9cnicos do Sindifisco, toda e qualquer diferencia\u00e7\u00e3o material no usufruto ou concess\u00e3o dos direitos sociais implica em afronta aos direitos humanos e ao princ\u00edpio constitucional da isonomia.<\/div>\n<div>O Sindifisco avalia que a Previd\u00eancia Social \u00e9 um direito e, como tal, n\u00e3o deve ser limitado injustamente pelo Estado, sob pena de afronta \u00e0 dignidade da pessoa humana. Por isso, a DEN por meio da Diretoria de Assuntos Parlamentares vem trabalhando exaustivamente pela aprova\u00e7\u00e3o da PEC 270. Ao longo da semana que se inicia,\u00a0a atividade dos Auditores que integram o trabalho parlamentar ser\u00e1 intensificada.<\/div>\n<div>Todos est\u00e3o convocados a participar da mobiliza\u00e7\u00e3o. Quem n\u00e3o est\u00e1 em Bras\u00edlia (DF), pode contatar os parlamentares do seu estado seja por telefone, email ou pessoalmente. O importante \u00e9 deixar claro que a aprova\u00e7\u00e3o da PEC \u00e9 a corre\u00e7\u00e3o de uma injusti\u00e7a que\u00a0tem prejudicado milhares de aposentados por muito tempo.<\/div>\n<\/td>\n<\/tr>\n<\/tbody>\n<\/table>\n<div><\/div>\n<div><\/div>\n<div><\/div>\n","protected":false},"excerpt":{"rendered":"<p>PEC 270 C\u00e2mara decide sobre aposentadoria integral por invalidez na quarta Aline Matheus Sex, 09 de Dezembro de 2011 17:38 O direito \u00e0 aposentadoria por invalidez integral e parit\u00e1ria, independentemente da raz\u00e3o da incapacidade, dever\u00e1 entrar na pauta de delibera\u00e7\u00f5es da C\u00e2mara dos Deputados na pr\u00f3xima quarta-feira (14\/12). A DEN (Diretoria Executiva Nacional) defende a [&hellip;]<\/p>\n","protected":false},"author":2,"featured_media":0,"comment_status":"open","ping_status":"open","sticky":false,"template":"","format":"standard","meta":{"_links_to":"","_links_to_target":""},"categories":[18],"tags":[],"_links":{"self":[{"href":"https:\/\/www.r2cpress.com.br\/v1\/wp-json\/wp\/v2\/posts\/30518"}],"collection":[{"href":"https:\/\/www.r2cpress.com.br\/v1\/wp-json\/wp\/v2\/posts"}],"about":[{"href":"https:\/\/www.r2cpress.com.br\/v1\/wp-json\/wp\/v2\/types\/post"}],"author":[{"embeddable":true,"href":"https:\/\/www.r2cpress.com.br\/v1\/wp-json\/wp\/v2\/users\/2"}],"replies":[{"embeddable":true,"href":"https:\/\/www.r2cpress.com.br\/v1\/wp-json\/wp\/v2\/comments?post=30518"}],"version-history":[{"count":3,"href":"https:\/\/www.r2cpress.com.br\/v1\/wp-json\/wp\/v2\/posts\/30518\/revisions"}],"predecessor-version":[{"id":30521,"href":"https:\/\/www.r2cpress.com.br\/v1\/wp-json\/wp\/v2\/posts\/30518\/revisions\/30521"}],"wp:attachment":[{"href":"https:\/\/www.r2cpress.com.br\/v1\/wp-json\/wp\/v2\/media?parent=30518"}],"wp:term":[{"taxonomy":"category","embeddable":true,"href":"https:\/\/www.r2cpress.com.br\/v1\/wp-json\/wp\/v2\/categories?post=30518"},{"taxonomy":"post_tag","embeddable":true,"href":"https:\/\/www.r2cpress.com.br\/v1\/wp-json\/wp\/v2\/tags?post=30518"}],"curies":[{"name":"wp","href":"https:\/\/api.w.org\/{rel}","templated":true}]}}