{"id":30582,"date":"2011-12-11T10:57:48","date_gmt":"2011-12-11T12:57:48","guid":{"rendered":"http:\/\/www.r2cpress.com.br\/v1\/?p=30582"},"modified":"2011-12-11T13:11:12","modified_gmt":"2011-12-11T15:11:12","slug":"reclamar-e-desconhecer-a-realidade-do-mundo","status":"publish","type":"post","link":"https:\/\/www.r2cpress.com.br\/v1\/2011\/12\/11\/reclamar-e-desconhecer-a-realidade-do-mundo\/","title":{"rendered":"RECLAMAR \u00c9 DESCONHECER A REALIDADE DO MUNDO"},"content":{"rendered":"<p><img loading=\"lazy\" alt=\"\" src=\"http:\/\/www.r2cpress.com.br\/v1\/wp-content\/uploads\/eduardo-afondo-cortado_150.jpg\" class=\"alignleft\" width=\"150\" height=\"154\" \/>Tem momentos em nossa vida que achamos o mundo vazio, descontrolado, insatisfeito e parado. Tudo isso porque passamos despercebidos pelas ruas, ignorando a n\u00f3s mesmos que somos pessoas e n\u00e3o coisas.<br \/>\nProcuramos o vazio, a solidariedade humana, a caridade, a felicidade, e encontramos apenas imagens!<br \/>\nColocamos nossas tend\u00eancias de boas qualidades e nunca atingimos uma paz absoluta, dando margem a que n\u00e3o exista um entendimento m\u00fatuo no julgamento de real serenidade entre todos habitantes do hemisf\u00e9rio terrestre.<br \/>\nE a passagem da realidade \u00e9 a morte daquilo que chamamos de vida, e do outro lado o tempo e espa\u00e7o natural das coisas.<br \/>\nExiste uma ideia acerca de, por exemplo, o que n\u00f3s somos e o que dever\u00edamos ser! Por\u00e9m, se quisermos eliminar este intervalo das mentes humanas, simplesmente podemos afirmar que ser\u00edamos o que realmente somos, e nada mais, s\u00f3 muda a nossa atitude, o nosso comportamento social!<br \/>\n<div id=\"attachment_30584\" style=\"width: 280px\" class=\"wp-caption alignright\"><a href=\"http:\/\/www.r2cpress.com.br\/v1\/wp-content\/uploads\/MONT-CAPA-SITE110.jpg\"><img aria-describedby=\"caption-attachment-30584\" loading=\"lazy\" src=\"http:\/\/www.r2cpress.com.br\/v1\/wp-content\/uploads\/MONT-CAPA-SITE110-270x300.jpg\" alt=\"\" title=\"MONT CAPA SITE\" width=\"270\" height=\"300\" class=\"size-medium wp-image-30584\" srcset=\"https:\/\/www.r2cpress.com.br\/v1\/wp-content\/uploads\/MONT-CAPA-SITE110-270x300.jpg 270w, https:\/\/www.r2cpress.com.br\/v1\/wp-content\/uploads\/MONT-CAPA-SITE110.jpg 613w\" sizes=\"(max-width: 270px) 100vw, 270px\" \/><\/a><p id=\"caption-attachment-30584\" class=\"wp-caption-text\">Clique para AMPLIAR.<\/p><\/div>E a vida poderia ser comparada a um rio remansoso em dias normais, e turvo e agitado nas tempestades. Por esta raz\u00e3o a parada impensada em nossas a\u00e7\u00f5es, facultada do nosso \u00edntimo, nos coloca uma amargura mais amarga dentro de nossa vida.<br \/>\nPodemos medir a qualidade da exist\u00eancia humana, quando desfilamos pelas ruas de Ilh\u00e9us,onde residimos e de outras cidades do nosso pa\u00eds, e verificamos cenas desconfort\u00e1veis.Pessoas maltratadas pela vida a fora, porque muitas vezes n\u00e3o aceitam a amiga m\u00e3o da caridade humana, e preferem se enveredar no crime e no v\u00edcio!<br \/>\nNessa avalancha de coisas inusitadas, o pior \u00e9 que nesse grupo verificamos jovens e adultos, pessoas trabalhadoras e de forma\u00e7\u00e3o. Sim em nosso mundo moradores de ruas s\u00e3o exclu\u00eddas pela falta de assist\u00eancia social que nunca funciona em Ilh\u00e9us. E, nessa turma de jovens e adultos de ambos os sexos, tem profissionais de v\u00e1rias modalidades de afinidades para um trabalho produtivo e decente. Falta conversar com essas criaturas criadas por Deus, e jogadas pelas mazelas da sorte com um destino marcado por nascer, viver e morrer.<br \/>\nNingu\u00e9m vale nada sozinho, eles precisam de um aviso de s\u00e3o seres humanos e n\u00e3o s\u00e3o bichos! Devem saber que tamb\u00e9m reina neles a esperan\u00e7a para a transforma\u00e7\u00e3o da sua pr\u00f3pria realidade. A vida \u00e9 um majestoso encontro, muito embora existam v\u00e1rios desencontros na vida. <\/p>\n<p>&#8212;<br \/>\nEduardo Afonso.<\/p>\n","protected":false},"excerpt":{"rendered":"<p>Tem momentos em nossa vida que achamos o mundo vazio, descontrolado, insatisfeito e parado. Tudo isso porque passamos despercebidos pelas ruas, ignorando a n\u00f3s mesmos que somos pessoas e n\u00e3o coisas. Procuramos o vazio, a solidariedade humana, a caridade, a felicidade, e encontramos apenas imagens! Colocamos nossas tend\u00eancias de boas qualidades e nunca atingimos uma [&hellip;]<\/p>\n","protected":false},"author":2,"featured_media":0,"comment_status":"open","ping_status":"open","sticky":false,"template":"","format":"standard","meta":{"_links_to":"","_links_to_target":""},"categories":[10],"tags":[],"_links":{"self":[{"href":"https:\/\/www.r2cpress.com.br\/v1\/wp-json\/wp\/v2\/posts\/30582"}],"collection":[{"href":"https:\/\/www.r2cpress.com.br\/v1\/wp-json\/wp\/v2\/posts"}],"about":[{"href":"https:\/\/www.r2cpress.com.br\/v1\/wp-json\/wp\/v2\/types\/post"}],"author":[{"embeddable":true,"href":"https:\/\/www.r2cpress.com.br\/v1\/wp-json\/wp\/v2\/users\/2"}],"replies":[{"embeddable":true,"href":"https:\/\/www.r2cpress.com.br\/v1\/wp-json\/wp\/v2\/comments?post=30582"}],"version-history":[{"count":6,"href":"https:\/\/www.r2cpress.com.br\/v1\/wp-json\/wp\/v2\/posts\/30582\/revisions"}],"predecessor-version":[{"id":30600,"href":"https:\/\/www.r2cpress.com.br\/v1\/wp-json\/wp\/v2\/posts\/30582\/revisions\/30600"}],"wp:attachment":[{"href":"https:\/\/www.r2cpress.com.br\/v1\/wp-json\/wp\/v2\/media?parent=30582"}],"wp:term":[{"taxonomy":"category","embeddable":true,"href":"https:\/\/www.r2cpress.com.br\/v1\/wp-json\/wp\/v2\/categories?post=30582"},{"taxonomy":"post_tag","embeddable":true,"href":"https:\/\/www.r2cpress.com.br\/v1\/wp-json\/wp\/v2\/tags?post=30582"}],"curies":[{"name":"wp","href":"https:\/\/api.w.org\/{rel}","templated":true}]}}