{"id":30646,"date":"2011-12-11T22:07:15","date_gmt":"2011-12-12T00:07:15","guid":{"rendered":"http:\/\/www.r2cpress.com.br\/v1\/?p=30646"},"modified":"2011-12-11T22:07:15","modified_gmt":"2011-12-12T00:07:15","slug":"natal-lembranca-de-um-amigo","status":"publish","type":"post","link":"https:\/\/www.r2cpress.com.br\/v1\/2011\/12\/11\/natal-lembranca-de-um-amigo\/","title":{"rendered":"NATAL! Lembran\u00e7a de um amigo"},"content":{"rendered":"<div id=\"attachment_30647\" style=\"width: 310px\" class=\"wp-caption alignright\"><a href=\"http:\/\/www.r2cpress.com.br\/v1\/wp-content\/uploads\/jair%C3%A3o_.jpg\"><img aria-describedby=\"caption-attachment-30647\" loading=\"lazy\" class=\"size-medium wp-image-30647\" title=\"jair\u00e3o_\" src=\"http:\/\/www.r2cpress.com.br\/v1\/wp-content\/uploads\/jair%C3%A3o_-300x197.jpg\" alt=\"\" width=\"300\" height=\"197\" \/><\/a><p id=\"caption-attachment-30647\" class=\"wp-caption-text\">JAYRO SEIXAS (Jayr\u00e3o).<\/p><\/div>\n<p>Estamos no m\u00eas de festejos que relembra a chegada do Menino Jesus, que ao longo dos s\u00e9culos se tornou a maior refer\u00eancia entre os homens, e que veio com a miss\u00e3o de dar a sua vida para a remiss\u00e3o dos pecados do mundo, e assim aconteceu com a ben\u00e7\u00e3o do Grande Arquiteto do Universo.<\/p>\n<p>Neste Natal vou passar sem a presen\u00e7a de um grande amigo\/irm\u00e3o \u2013 <strong>JAYRO SEIXAS (Jayr\u00e3o).<\/strong><\/p>\n<p>N\u00e3o me canso de contar os casos e causos desse querido amigo.<\/p>\n<p>No in\u00edcio do m\u00eas de dezembro come\u00e7ava sua preocupa\u00e7\u00e3o com os presentes dos in\u00fameros afilhados, dos funcion\u00e1rios do posto, das creches, dos amigos e ele dava conta de tudo, tendo o carro como seu auxiliar direto nesta peregrina\u00e7\u00e3o.<\/p>\n<p>Outra preocupa\u00e7\u00e3o era com a noite de Natal, quando o seu sogro ainda em vida, Jorge Melhor Assis, era o aniversariante do dia.<\/p>\n<p>A festa acontecia sempre em sua casa e ele fazia de tudo para lotar a casa com toda a sua fam\u00edlia, da sua parte, como da parte de sua esposa Ana L\u00facia.<\/p>\n<p>Achava pouco o tamanho da fam\u00edlia e convidava os amigos para tamb\u00e9m compartilhar da sua alegria, JAYR\u00c3O tinha uma enorme admira\u00e7\u00e3o pelo seu sogro Jorge Melhor Assis.<\/p>\n<p><img loading=\"lazy\" class=\"alignright\" src=\"http:\/\/www.r2cpress.com.br\/v1\/wp-content\/uploads\/zecarlos-r2cpress_reduzida.jpg\" alt=\"\" width=\"300\" height=\"207\" \/>O Natal era um dos muitos momentos que JAYR\u00c3O gostava para reunir a sua fam\u00edlia, a fam\u00edlia que ele protegia como uma ave que cuida de seus filhotes, todos juntos ao seu redor.<\/p>\n<p>Um dos fatos pitorescos dessa festa era a presen\u00e7a do grande Raimundo Bonitinho (in-mem\u00f3ria).<\/p>\n<p>Raimundo Bonitinho j\u00e1 chegava \u00e0 igreja para a missa festiva comendo \u00e1gua, impecavelmente vestido de branco e com o tradicional presente para seu amigo Jorge Melhor, uma caixa de cerveja (garrafa), que ele trazia na sua velha Bras\u00edlia.<\/p>\n<p>O Raimundo era realmente uma figura folcl\u00f3rica da nossa cidade.<\/p>\n<p>JAYR\u00c3O vou esperar o meu presente, o manjado queijo de cuia, que voc\u00ea nunca se esquecia de levar l\u00e1 em casa e eu na melhor goza\u00e7\u00e3o dizia que era propina.<\/p>\n<p>Onde voc\u00ea estiver fa\u00e7a ora\u00e7\u00f5es para seu amigo\/irm\u00e3o Ademar Du Bolo, que neste Natal estar\u00e1 de molho por causa de um piripaque, mas que tamb\u00e9m estar\u00e1 esperando o seu queijo de cuia.<\/p>\n<p>\u00c9 isso a\u00ed meu amigo! Decorridos cinco meses de sua partida para a casa do Pai, a saudade continua e acredito que vai perdurar para sempre, a sua miss\u00e3o aqui no nosso meio foi marcada intensamente que \u00e9 imposs\u00edvel n\u00e3o sentir a sua falta.<\/p>\n<p>Feliz Natal meu amigo <strong>JAYR\u00c3O,<\/strong> fa\u00e7a a sua festa a\u00ed ao lado do Todo Poderoso, que tudo pode e nos fortalece.<\/p>\n<p>&nbsp;<\/p>\n<p><strong>Z\u00c9CARLOS JUNIOR<\/strong><\/p>\n","protected":false},"excerpt":{"rendered":"<p>Estamos no m\u00eas de festejos que relembra a chegada do Menino Jesus, que ao longo dos s\u00e9culos se tornou a maior refer\u00eancia entre os homens, e que veio com a miss\u00e3o de dar a sua vida para a remiss\u00e3o dos pecados do mundo, e assim aconteceu com a ben\u00e7\u00e3o do Grande Arquiteto do Universo. Neste [&hellip;]<\/p>\n","protected":false},"author":2,"featured_media":0,"comment_status":"open","ping_status":"open","sticky":false,"template":"","format":"standard","meta":{"_links_to":"","_links_to_target":""},"categories":[10],"tags":[],"_links":{"self":[{"href":"https:\/\/www.r2cpress.com.br\/v1\/wp-json\/wp\/v2\/posts\/30646"}],"collection":[{"href":"https:\/\/www.r2cpress.com.br\/v1\/wp-json\/wp\/v2\/posts"}],"about":[{"href":"https:\/\/www.r2cpress.com.br\/v1\/wp-json\/wp\/v2\/types\/post"}],"author":[{"embeddable":true,"href":"https:\/\/www.r2cpress.com.br\/v1\/wp-json\/wp\/v2\/users\/2"}],"replies":[{"embeddable":true,"href":"https:\/\/www.r2cpress.com.br\/v1\/wp-json\/wp\/v2\/comments?post=30646"}],"version-history":[{"count":4,"href":"https:\/\/www.r2cpress.com.br\/v1\/wp-json\/wp\/v2\/posts\/30646\/revisions"}],"predecessor-version":[{"id":30651,"href":"https:\/\/www.r2cpress.com.br\/v1\/wp-json\/wp\/v2\/posts\/30646\/revisions\/30651"}],"wp:attachment":[{"href":"https:\/\/www.r2cpress.com.br\/v1\/wp-json\/wp\/v2\/media?parent=30646"}],"wp:term":[{"taxonomy":"category","embeddable":true,"href":"https:\/\/www.r2cpress.com.br\/v1\/wp-json\/wp\/v2\/categories?post=30646"},{"taxonomy":"post_tag","embeddable":true,"href":"https:\/\/www.r2cpress.com.br\/v1\/wp-json\/wp\/v2\/tags?post=30646"}],"curies":[{"name":"wp","href":"https:\/\/api.w.org\/{rel}","templated":true}]}}