{"id":3076,"date":"2010-11-26T10:43:21","date_gmt":"2010-11-26T13:43:21","guid":{"rendered":"http:\/\/www.r2cpress.com.br\/v1\/?p=3076"},"modified":"2010-11-26T10:43:21","modified_gmt":"2010-11-26T13:43:21","slug":"medicos-de-todo-o-brasil-denunciam-interferencias-de-planos-de-saude-prejudiciais-aos-pacientes","status":"publish","type":"post","link":"https:\/\/www.r2cpress.com.br\/v1\/2010\/11\/26\/medicos-de-todo-o-brasil-denunciam-interferencias-de-planos-de-saude-prejudiciais-aos-pacientes\/","title":{"rendered":"M\u00e9dicos de todo o Brasil denunciam interfer\u00eancias de planos de sa\u00fade prejudiciais aos pacientes"},"content":{"rendered":"<p><em><strong>Estudo encomendado por APM e AMB, com o apoio do CFM e demais entidades m\u00e9dicas, demonstra ainda que avalia\u00e7\u00e3o das empresas da \u00e1rea suplementar \u00e9 baixa de norte a sul do pa\u00eds<\/strong><\/em><\/p>\n<p>Em todo o Brasil, as press\u00f5es dos planos de sa\u00fade sobre os m\u00e9dicos s\u00e3o enormes aponta pesquisa Datafolha in\u00e9dita, encomendada pela Associa\u00e7\u00e3o Paulista de Medicina (APM) e pela Associa\u00e7\u00e3o M\u00e9dica Brasileira (AMB), com o apoio do Conselho federal de Medicina (CFM). A maioria absoluta dos profissionais, de norte a sul, denuncia interfer\u00eancias das empresas para reduzir solicita\u00e7\u00e3o de exames, para reduzir interna\u00e7\u00f5es, al\u00e9m de in\u00fameros outros ataques ao livre exerc\u00edcio da medicina.<\/p>\n<p>Em coletiva \u00e0 imprensa, no dia 1\u00ba de dezembro, \u00e0s 11h, os dados ser\u00e3o apresentados e lideran\u00e7as da APM e da AMB informar\u00e3o \u00e0 comunidade qual ser\u00e1 a rea\u00e7\u00e3o da classe a tamanho desrespeito, que, registre-se, coloca em risco a sa\u00fade e a vida de pacientes. Ali\u00e1s, uma s\u00e9rie de especialidades m\u00e9dicas j\u00e1 est\u00e3o interrompendo o atendimento a planos em virtude das interfer\u00eancias e da remunera\u00e7\u00e3o aviltante.<\/p>\n<p>\u201c\u00c9 necess\u00e1rio um grande pacto pela qualidade da sa\u00fade suplementar, pela solu\u00e7\u00e3o imediata desses problemas\u201d, comenta Jorge Carlos Machado Curi, presidente da APM.  <\/p>\n<p>Coletiva APM &#8211; planos de sa\u00fade<br \/>\nLocal: APM, Avenida Brigadeiro Luiz Antonio, 278, 13\u00ba andar<br \/>\nData: 1\u00ba de dezembro<br \/>\nHor\u00e1rio 11h<\/p>\n","protected":false},"excerpt":{"rendered":"<p>Estudo encomendado por APM e AMB, com o apoio do CFM e demais entidades m\u00e9dicas, demonstra ainda que avalia\u00e7\u00e3o das empresas da \u00e1rea suplementar \u00e9 baixa de norte a sul do pa\u00eds Em todo o Brasil, as press\u00f5es dos planos de sa\u00fade sobre os m\u00e9dicos s\u00e3o enormes aponta pesquisa Datafolha in\u00e9dita, encomendada pela Associa\u00e7\u00e3o Paulista [&hellip;]<\/p>\n","protected":false},"author":2,"featured_media":0,"comment_status":"open","ping_status":"open","sticky":false,"template":"","format":"standard","meta":{"_links_to":"","_links_to_target":""},"categories":[24],"tags":[],"_links":{"self":[{"href":"https:\/\/www.r2cpress.com.br\/v1\/wp-json\/wp\/v2\/posts\/3076"}],"collection":[{"href":"https:\/\/www.r2cpress.com.br\/v1\/wp-json\/wp\/v2\/posts"}],"about":[{"href":"https:\/\/www.r2cpress.com.br\/v1\/wp-json\/wp\/v2\/types\/post"}],"author":[{"embeddable":true,"href":"https:\/\/www.r2cpress.com.br\/v1\/wp-json\/wp\/v2\/users\/2"}],"replies":[{"embeddable":true,"href":"https:\/\/www.r2cpress.com.br\/v1\/wp-json\/wp\/v2\/comments?post=3076"}],"version-history":[{"count":2,"href":"https:\/\/www.r2cpress.com.br\/v1\/wp-json\/wp\/v2\/posts\/3076\/revisions"}],"predecessor-version":[{"id":3078,"href":"https:\/\/www.r2cpress.com.br\/v1\/wp-json\/wp\/v2\/posts\/3076\/revisions\/3078"}],"wp:attachment":[{"href":"https:\/\/www.r2cpress.com.br\/v1\/wp-json\/wp\/v2\/media?parent=3076"}],"wp:term":[{"taxonomy":"category","embeddable":true,"href":"https:\/\/www.r2cpress.com.br\/v1\/wp-json\/wp\/v2\/categories?post=3076"},{"taxonomy":"post_tag","embeddable":true,"href":"https:\/\/www.r2cpress.com.br\/v1\/wp-json\/wp\/v2\/tags?post=3076"}],"curies":[{"name":"wp","href":"https:\/\/api.w.org\/{rel}","templated":true}]}}