{"id":30781,"date":"2011-12-13T16:31:09","date_gmt":"2011-12-13T18:31:09","guid":{"rendered":"http:\/\/www.r2cpress.com.br\/v1\/?p=30781"},"modified":"2011-12-13T16:31:09","modified_gmt":"2011-12-13T18:31:09","slug":"1%c2%aa-palhasseata-marcou-as-comemoracoes-pelo-dia-do-palhaco-em-ilheus","status":"publish","type":"post","link":"https:\/\/www.r2cpress.com.br\/v1\/2011\/12\/13\/1%c2%aa-palhasseata-marcou-as-comemoracoes-pelo-dia-do-palhaco-em-ilheus\/","title":{"rendered":"1\u00aa PALHASSEATA MARCOU AS COMEMORA\u00c7\u00d5ES PELO DIA DO PALHA\u00c7O EM ILH\u00c9US."},"content":{"rendered":"<p>\u201cPalha\u00e7o mete o p\u00e9 num buraco e machuca a m\u00e3o\u201d. Foi com muita irrever\u00eancia e alegria que as ruas do com\u00e9rcio de Ilh\u00e9us amanheceram neste \u00faltimo s\u00e1bado dia 10 de dezembro, dia do palha\u00e7o.<\/p>\n<p><center><div id=\"attachment_30784\" style=\"width: 510px\" class=\"wp-caption aligncenter\"><a href=\"http:\/\/www.r2cpress.com.br\/v1\/wp-content\/uploads\/mont-capa-site_500.jpg\"><img aria-describedby=\"caption-attachment-30784\" loading=\"lazy\" src=\"http:\/\/www.r2cpress.com.br\/v1\/wp-content\/uploads\/mont-capa-site_500.jpg\" alt=\"\" title=\"mont capa site_500\" width=\"500\" height=\"407\" class=\"size-full wp-image-30784\" srcset=\"https:\/\/www.r2cpress.com.br\/v1\/wp-content\/uploads\/mont-capa-site_500.jpg 500w, https:\/\/www.r2cpress.com.br\/v1\/wp-content\/uploads\/mont-capa-site_500-300x244.jpg 300w\" sizes=\"(max-width: 500px) 100vw, 500px\" \/><\/a><p id=\"caption-attachment-30784\" class=\"wp-caption-text\">LINK PARA AS FOTOS NO FINAL<\/p><\/div><\/center><\/p>\n<p>Encabe\u00e7ados pelo Grupo Teatral Maktub, v\u00e1rios artistas participaram da primeira programa\u00e7\u00e3o para homenagear a figura do palha\u00e7o em Ilh\u00e9us. \u00c1s 9 da manh\u00e3 cerca de 30 palha\u00e7os, entre eles, artistas, empres\u00e1rios, crian\u00e7as, idosos e jovens sa\u00edram em cortejo com instrumentos e m\u00fasicas circenses percorrendo as principais ruas do com\u00e9rcio ilheense.<\/p>\n<p>Os palha\u00e7os dan\u00e7aram, distribu\u00edram narizes vermelhos, apitos, bal\u00f5es e muita alegria contagiando a todos os passantes que se encantaram com a movimenta\u00e7\u00e3o.<\/p>\n<p>O \u00fanico momento s\u00e9rio da Palhasseata foi a passagem em frente \u00e0 Prefeitura, onde todos sentaram na escadaria e fizeram 1 minuto de sil\u00eancio em respeito \u00e1s v\u00edtimas de atos de corrup\u00e7\u00e3o, descaso e abandono. Mas, foi por apenas um minuto e todos seguiram em cortejo num apita\u00e7o alegre e festivo. Por onde passavam, os palha\u00e7os arrancavam sorrisos e muitas pessoas acompanharam o grupo at\u00e9 o final<\/p>\n<p>Na volta do cortejo, foram apresentados n\u00fameros c\u00f4micos em frente \u00e0 Casa dos Artistas, onde palha\u00e7adas foram emolduradas por m\u00fasicas, brincadeiras, recrea\u00e7\u00e3o, pintura facial e muita dan\u00e7a. Estas atividades envolveram v\u00e1rios grupos art\u00edsticos de Ilh\u00e9us como o Palha Assada que tocou com banda ao vivo, O Grupo Teatral Maktub com n\u00fameros cl\u00e1ssicos de Palha\u00e7os, Grupo Teatro Total e Cia Casa Aberta de Teatro. <em>\u201cPara mim, o momento mais emocionante foi o das apresenta\u00e7\u00f5es. V\u00e1rios grupos e artistas de teatro de Ilh\u00e9us unidos por uma s\u00f3 causa, levar ao riso a popula\u00e7\u00e3o Ilheense que atualmente tem v\u00e1rios motivos para chorar.\u201d<\/em> Declarou um dos coordenadores do evento Ed Paix\u00e3o.<\/p>\n<p><!--more--><\/p>\n<p>Ap\u00f3s as apresenta\u00e7\u00f5es, os visitantes puderam conferir uma exposi\u00e7\u00e3o de fotos de palha\u00e7os, de figurinos da Casa camarim e uma mostra de v\u00eddeos sobre o mesmo tema. Pela manh\u00e3 as atividades foram encerradas com o festival de tortas na cara. Algumas pessoas da plat\u00e9ia escolhiam uma personalidade pol\u00edtica ou n\u00e3o, que gostariam de dar uma \u201ctortada\u201d na cara. Este volunt\u00e1rio escolhia um dos palha\u00e7os presentes para representar esta personalidade.<\/p>\n<p>\u201c<em>O intuito da 1\u00aa Palhasseata de Ilh\u00e9us, foi divulgar para a comunidade que h\u00e1 mais de 20 anos esta data \u00e9 amplamente comemorada em todo o Brasil, e refor\u00e7ar a import\u00e2ncia do palha\u00e7o n\u00e3o s\u00f3 para o riso frouxo, mas para provocar a reflex\u00e3o sobre diversos assuntos. Da\u00ed a fun\u00e7\u00e3o social do palha\u00e7o. Este evento s\u00f3 foi poss\u00edvel pela parceria estabelecida entre os grupos art\u00edsticos de Ilh\u00e9us e Itabuna, o patroc\u00ednio e apoio de algumas empresas que incentivam e respeitam a cultura local e a colabora\u00e7\u00e3o de v\u00e1rios amigos<\/em>\u201d, disse o diretor do Grupo Teatral Maktub e um dos coordenadores do evento F\u00e1bio Nascimento.<\/p>\n<p>O encerramento oficial do evento aconteceu mais tarde com tr\u00eas sess\u00f5es do espet\u00e1culo de palha\u00e7os do Grupo Teatral Maktub HOMENS AJUDAM HOMENS? \u00c1s 17, 18:30 e 20:00 na Casa dos Artistas. O espet\u00e1culo \u00e9 uma adapta\u00e7\u00e3o do diretor F\u00e1bio Nascimento de um texto original de Bertolt Brecht e vem levando excelentes cr\u00edticas desde que estreou em setembro deste ano. Na ocasi\u00e3o, o diretor do Grupo Teatral Maktub declarou que estar\u00e1 organizando uma programa\u00e7\u00e3o similar para o dia do teatro e do circo, 27 de mar\u00e7o, e para o pr\u00f3ximo ano. O evento contou com a coordena\u00e7\u00e3o de F\u00e1bio Nascimento e Ed Paix\u00e3o e a produ\u00e7\u00e3o de Geisa Pena.<\/p>\n<p><strong>PARCEIROS: <\/strong>Casa dos artistas, Teatro Popular de Ilh\u00e9us,<strong> <\/strong>Mondrongo \u00e1udio visual,<strong> <\/strong>Projeto Teatro Popular e Interculturalidade da UESC, Projeto C\u00e9u na Pra\u00e7a \u2013 UESC, CCAT, Casa Camarim, Funda\u00e7\u00e3o Cultural de Ilh\u00e9us, Palha Assada e Teatro Total.<\/p>\n<p><strong>PATROCINADORES: <\/strong>Barrak\u00edtica, Larissa Paix\u00e3o,<strong> <\/strong>Imapel e<strong> <\/strong>Escola Criativa.<\/p>\n<p><strong>APOIO: <\/strong>Dr. Eduado Rocha, Casa do A\u00e7a\u00ed, Armarinho Guimar\u00e3es, Blog Agravo, Sacol\u00e3o Op\u00e7\u00e3o, Jos\u00e9 Nazal, Revele, Blog do Gusm\u00e3o, Jornal Di\u00e1rio de Ilh\u00e9us, BB suco, Livraria Gabriela, Recrearte, Bola 7 sonoriza\u00e7\u00e3o, Ponto Chic.<\/p>\n<p><strong>COLABORADORES: <\/strong>Kau Marico, Tremend\u00e3o, Qu\u00e9sia e Nairana, Tamar Labarrele, Pawlo Cidade, equipe Barrak\u00edtica, Murilo Melo, Leandro Keber, Wellington, T\u00e2nia Barbosa, Benedito, Toninho Melo, Maria C\u00e2ndida, Cl\u00e1udia da Fundaci, Fab\u00edola Mandarine, Marcelinho, Cris Passos, Lula, Daniel, N\u00e9ia Dend\u00ea, Sr. Aldo, Cristina, Ciro Zatele da R\u00e1dio Conquista FM, R\u00e1dio Santa Cruz, TV Santa Cruz, Cd Tintas, Binho Quizila, B\u00e1rbara e C\u00e9sar.<\/p>\n<p><strong>FICHA T\u00c9CNICA \u2013 HOMENS AJUDAM HOMENS?<\/strong><\/p>\n<p>TEXTO E DIRE\u00c7\u00c3O: F\u00e1bio Nascimento<\/p>\n<p>ELENCO: Wallace Reys, F\u00e1bio Nascimento, Ed Paix\u00e3o e Luciano Maciel.<\/p>\n<p>SONOPLASTIA: Larissa Paix\u00e3o<\/p>\n<p>ILUMINA\u00c7\u00c3O: Kau Mariko<\/p>\n<p>PRODU\u00c7\u00c3O TEATRAL: ONG CULTURAL MAKTUB PERFORMANCES<\/p>\n<p>FOTOS: F@bio Photo\/St\u00fadio Maktub<\/p>\n<p>APOIO: Projeto Teatro Popular e Interculturalidade da UESC.<\/p>\n<p>PATROC\u00cdNIO: IMAPEL<\/p>\n<p>&#8212;<br \/>\n<strong>Veja FOTOS clicando<\/strong> <a href = \"https:\/\/picasaweb.google.com\/r2cpress\/OPERACAOVERAO20102011#5685676323070785874\" target = \"_news\"><b>AQUI<\/b><\/a> <strong>e depois na seta para AVAN\u00c7AR.<\/strong><\/p>\n","protected":false},"excerpt":{"rendered":"<p>\u201cPalha\u00e7o mete o p\u00e9 num buraco e machuca a m\u00e3o\u201d. Foi com muita irrever\u00eancia e alegria que as ruas do com\u00e9rcio de Ilh\u00e9us amanheceram neste \u00faltimo s\u00e1bado dia 10 de dezembro, dia do palha\u00e7o. Encabe\u00e7ados pelo Grupo Teatral Maktub, v\u00e1rios artistas participaram da primeira programa\u00e7\u00e3o para homenagear a figura do palha\u00e7o em Ilh\u00e9us. \u00c1s 9 [&hellip;]<\/p>\n","protected":false},"author":2,"featured_media":0,"comment_status":"open","ping_status":"open","sticky":false,"template":"","format":"standard","meta":{"_links_to":"","_links_to_target":""},"categories":[5],"tags":[],"_links":{"self":[{"href":"https:\/\/www.r2cpress.com.br\/v1\/wp-json\/wp\/v2\/posts\/30781"}],"collection":[{"href":"https:\/\/www.r2cpress.com.br\/v1\/wp-json\/wp\/v2\/posts"}],"about":[{"href":"https:\/\/www.r2cpress.com.br\/v1\/wp-json\/wp\/v2\/types\/post"}],"author":[{"embeddable":true,"href":"https:\/\/www.r2cpress.com.br\/v1\/wp-json\/wp\/v2\/users\/2"}],"replies":[{"embeddable":true,"href":"https:\/\/www.r2cpress.com.br\/v1\/wp-json\/wp\/v2\/comments?post=30781"}],"version-history":[{"count":6,"href":"https:\/\/www.r2cpress.com.br\/v1\/wp-json\/wp\/v2\/posts\/30781\/revisions"}],"predecessor-version":[{"id":30788,"href":"https:\/\/www.r2cpress.com.br\/v1\/wp-json\/wp\/v2\/posts\/30781\/revisions\/30788"}],"wp:attachment":[{"href":"https:\/\/www.r2cpress.com.br\/v1\/wp-json\/wp\/v2\/media?parent=30781"}],"wp:term":[{"taxonomy":"category","embeddable":true,"href":"https:\/\/www.r2cpress.com.br\/v1\/wp-json\/wp\/v2\/categories?post=30781"},{"taxonomy":"post_tag","embeddable":true,"href":"https:\/\/www.r2cpress.com.br\/v1\/wp-json\/wp\/v2\/tags?post=30781"}],"curies":[{"name":"wp","href":"https:\/\/api.w.org\/{rel}","templated":true}]}}