{"id":30797,"date":"2011-12-13T19:39:55","date_gmt":"2011-12-13T21:39:55","guid":{"rendered":"http:\/\/www.r2cpress.com.br\/v1\/?p=30797"},"modified":"2011-12-13T19:39:55","modified_gmt":"2011-12-13T21:39:55","slug":"operacao-tapa-buracos","status":"publish","type":"post","link":"https:\/\/www.r2cpress.com.br\/v1\/2011\/12\/13\/operacao-tapa-buracos\/","title":{"rendered":"OPERA\u00c7\u00c3O TAPA BURACOS"},"content":{"rendered":"<p>De: Z\u00c9CARLOS JUNIOR <zecarlinhos .junior@gmail.com><br \/>\nAssunto: OPERA\u00c7\u00c3O TAPA BURACOS<\/p>\n<p>Corpo da mensagem:<br \/>\nCaro Rabat,<\/p>\n<p>A assessoria de imprensa da Prefeitura de Ilh\u00e9us, divulgou a not\u00edcia da t\u00e3o propalada opera\u00e7\u00e3o tapa buracos.<\/p>\n<p>O nome que devemos dar a este projeto, se \u00e9 que se pode chamar de projeto, \u00e9 o de jogar borra de asfalto nos locais onde existem os buracos e achar que est\u00e1 resolvido o problema.<\/p>\n<p>N\u00e3o se v\u00ea em nenhum local a firma fazer o servi\u00e7o como os t\u00e9cnicos ensinam, ou seja, escavar o lugar esburacado, limpar totalmente, adicionar betume\/brita e logo em seguida vir a camada de asfalto com o rolo compressor.<\/p>\n<p>O que foi feito aqui no entorno do aeroporto Jorge Amado n\u00e3o vai durar muito tempo, infelizmente.<\/p>\n<p>Parece que no tal projeto n\u00e3o foram definidas prioridades, haja vista que a Avenida Itabuna, principalmente pr\u00f3ximo do sem\u00e1foro do cruzamento para a Avenida Canavieiras, deveria ser considerada prioridade 1, devido a intensa movimenta\u00e7\u00e3o de ve\u00edculos naquela \u00e1rea.<\/p>\n<p>Vejam a situa\u00e7\u00e3o em frente ao Posto Brasil.<\/p>\n<p>Infelizmente as not\u00edcias que partem da assessoria de imprensa do pal\u00e1cio n\u00e3o est\u00e3o merecendo credibilidade, pois a realidade \u00e9 totalmente outra.<\/p>\n<p>Est\u00e1 dif\u00edcil a situa\u00e7\u00e3o atual, tenho conversado com funcion\u00e1rios da prefeitura e os mesmos se mostram decepcionados com os problemas que estamos enfrentando e as suas palavras nos levam a um total des\u00e2nimo, parece at\u00e9 a reedi\u00e7\u00e3o de um governo passado que   maltratou at\u00e9 onde n\u00e3o p\u00f4de a nossa sofrida e querida cidade.<\/p>\n<p>Devemos resistir a estas a\u00e7\u00f5es? SIM, Ilh\u00e9us \u00e9 SUPERIOR a esta turma, que n\u00e3o deixa a gente dormir em paz, mas tenho certeza que ELES um dia v\u00e3o pagar por todo o mal que nos tem causado.<\/p>\n<p>Z\u00c9CARLOS JUNIOR<\/p>\n<p>&#8212;<br \/>\nEsta mensagem foi enviada atrav\u00e9s do formul\u00e1rio de contato do site R2CPRESS | A Letra Fria da Verdade http:\/\/www.r2cpress.com.br\/v1<\/zecarlinhos><\/p>\n","protected":false},"excerpt":{"rendered":"<p>De: Z\u00c9CARLOS JUNIOR Assunto: OPERA\u00c7\u00c3O TAPA BURACOS Corpo da mensagem: Caro Rabat, A assessoria de imprensa da Prefeitura de Ilh\u00e9us, divulgou a not\u00edcia da t\u00e3o propalada opera\u00e7\u00e3o tapa buracos. O nome que devemos dar a este projeto, se \u00e9 que se pode chamar de projeto, \u00e9 o de jogar borra de asfalto nos locais onde [&hellip;]<\/p>\n","protected":false},"author":2,"featured_media":0,"comment_status":"open","ping_status":"open","sticky":false,"template":"","format":"standard","meta":{"_links_to":"","_links_to_target":""},"categories":[10],"tags":[],"_links":{"self":[{"href":"https:\/\/www.r2cpress.com.br\/v1\/wp-json\/wp\/v2\/posts\/30797"}],"collection":[{"href":"https:\/\/www.r2cpress.com.br\/v1\/wp-json\/wp\/v2\/posts"}],"about":[{"href":"https:\/\/www.r2cpress.com.br\/v1\/wp-json\/wp\/v2\/types\/post"}],"author":[{"embeddable":true,"href":"https:\/\/www.r2cpress.com.br\/v1\/wp-json\/wp\/v2\/users\/2"}],"replies":[{"embeddable":true,"href":"https:\/\/www.r2cpress.com.br\/v1\/wp-json\/wp\/v2\/comments?post=30797"}],"version-history":[{"count":2,"href":"https:\/\/www.r2cpress.com.br\/v1\/wp-json\/wp\/v2\/posts\/30797\/revisions"}],"predecessor-version":[{"id":30799,"href":"https:\/\/www.r2cpress.com.br\/v1\/wp-json\/wp\/v2\/posts\/30797\/revisions\/30799"}],"wp:attachment":[{"href":"https:\/\/www.r2cpress.com.br\/v1\/wp-json\/wp\/v2\/media?parent=30797"}],"wp:term":[{"taxonomy":"category","embeddable":true,"href":"https:\/\/www.r2cpress.com.br\/v1\/wp-json\/wp\/v2\/categories?post=30797"},{"taxonomy":"post_tag","embeddable":true,"href":"https:\/\/www.r2cpress.com.br\/v1\/wp-json\/wp\/v2\/tags?post=30797"}],"curies":[{"name":"wp","href":"https:\/\/api.w.org\/{rel}","templated":true}]}}