{"id":30991,"date":"2011-12-16T14:05:15","date_gmt":"2011-12-16T16:05:15","guid":{"rendered":"http:\/\/www.r2cpress.com.br\/v1\/?p=30991"},"modified":"2011-12-16T14:06:29","modified_gmt":"2011-12-16T16:06:29","slug":"revitalizacao-do-quarteirao-jorge-amado-comeca-em-marco-de-2012","status":"publish","type":"post","link":"https:\/\/www.r2cpress.com.br\/v1\/2011\/12\/16\/revitalizacao-do-quarteirao-jorge-amado-comeca-em-marco-de-2012\/","title":{"rendered":"Revitaliza\u00e7\u00e3o do Quarteir\u00e3o Jorge Amado come\u00e7a em mar\u00e7o de 2012"},"content":{"rendered":"<p><div id=\"attachment_30992\" style=\"width: 310px\" class=\"wp-caption alignright\"><a href=\"http:\/\/www.r2cpress.com.br\/v1\/wp-content\/uploads\/Assinatura-Conv\u00eanio-Bamim-Foto-Mary-Melga\u00e7o-10.jpg\"><img aria-describedby=\"caption-attachment-30992\" loading=\"lazy\" src=\"http:\/\/www.r2cpress.com.br\/v1\/wp-content\/uploads\/Assinatura-Conv\u00eanio-Bamim-Foto-Mary-Melga\u00e7o-10-300x200.jpg\" alt=\"\" title=\"Assinatura Conv\u00eanio Bamin-Foto Mary Melga\u00e7o (10)\" width=\"300\" height=\"200\" class=\"size-medium wp-image-30992\" srcset=\"https:\/\/www.r2cpress.com.br\/v1\/wp-content\/uploads\/Assinatura-Conv\u00eanio-Bamim-Foto-Mary-Melga\u00e7o-10-300x200.jpg 300w, https:\/\/www.r2cpress.com.br\/v1\/wp-content\/uploads\/Assinatura-Conv\u00eanio-Bamim-Foto-Mary-Melga\u00e7o-10.jpg 899w\" sizes=\"(max-width: 300px) 100vw, 300px\" \/><\/a><p id=\"caption-attachment-30992\" class=\"wp-caption-text\">Assinatura Conv\u00eanio Bamin (Foto: Mary Melga\u00e7o)<\/p><\/div>As obras de revitaliza\u00e7\u00e3o do Quarteir\u00e3o Jorge Amado \u2013 que ir\u00e3o dar ao centro comercial de Ilh\u00e9us o conceito e shopping a c\u00e9u aberto, com valoriza\u00e7\u00e3o do patrim\u00f4nio hist\u00f3rico e cultural \u2013 j\u00e1 t\u00eam data para iniciar. O projeto come\u00e7a a ser executado em mar\u00e7o do ano que vem, conforme prev\u00ea o prefeito Newton Lima. Para garantir os recursos necess\u00e1rios, o governo assinou protocolo de inten\u00e7\u00f5es com a empresa Bahia Minera\u00e7\u00e3o (Bamin), que custeou o projeto de engenharia, no valor de R$ 360 mil.<br \/>\n\u201cSem esse apoio, n\u00e3o conseguir\u00edamos liberar os recursos de R$ 4 milh\u00f5es, alocados no Minist\u00e9rio do Turismo\u201d, explicou o secret\u00e1rio de Desenvolvimento Urbano de Ilh\u00e9us, Gerson Marques. Segundo ele, outros R$ 3,8 milh\u00f5es ser\u00e3o obtidos junto a investidores privados, por meio da Lei Rouanet e do FazCultura.<\/p>\n<p><!--more--><\/p>\n<p>O protocolo de inten\u00e7\u00f5es entre a Prefeitura e a Bamin foi assinado nesta quinta-feira (15), no sal\u00e3o nobre do Pal\u00e1cio Paranagu\u00e1, entre o prefeito Newton Lima e o presidente da mineradora, Jos\u00e9 Francisco Viveiros. No encontro, Lima assegurou que a interven\u00e7\u00e3o no centro hist\u00f3rico e Ilh\u00e9us ser\u00e1 finalizada em agosto de 2012, coincidindo com uma s\u00e9rie de atividades culturais que ir\u00e3o comemorar o centen\u00e1rio do escritor Jorge Amado.<br \/>\nO prefeito considerou de fundamental import\u00e2ncia a parceria firmada entre o munic\u00edpio e a Bahia Minera\u00e7\u00e3o, salientando que o acordo tem o prop\u00f3sito de valorizar a hist\u00f3ria e a cultura de Ilh\u00e9us, al\u00e9m de incrementar o com\u00e9rcio varejista. Lima destacou ainda que \u201ceste projeto ser\u00e1 de grande valia para fomentar a\u00e7\u00f5es idealizadas pela Funda\u00e7\u00e3o Cultural de Ilh\u00e9us\u201d.<br \/>\nJos\u00e9 Francisco Viveiros salientou que a Bamin tem compromisso com a melhoria das comunidades situadas na \u00e1rea de influ\u00eancia de seu empreendimento. \u201cUma das propostas da Bahia Minera\u00e7\u00e3o \u00e9 tamb\u00e9m contribuir para o desenvolvimento de munic\u00edpios onde a empresa atua ou estar\u00e1 presente para melhorar a qualidade de vida da popula\u00e7\u00e3o\u201d, destacou.<br \/>\nO roteiro do quarteir\u00e3o inclui diversos pontos tur\u00edsticos, a exemplo do Pal\u00e1cio Paranagu\u00e1, Associa\u00e7\u00e3o Comercial de Ilh\u00e9us, Bataclan, Casa dos Artistas, Casa de Jorge Amado, Teatro Municipal, Bar Ves\u00favio, Catedral de S\u00e3o Sebasti\u00e3o, dentre outros locais de intensa visita\u00e7\u00e3o. Na parte est\u00e9tica, a obra far\u00e1 modifica\u00e7\u00f5es do piso, instala\u00e7\u00e3o de novo sistema de ilumina\u00e7\u00e3o, mobili\u00e1rio urbano e fia\u00e7\u00e3o embutida. Tamb\u00e9m est\u00e1 prevista uma interven\u00e7\u00e3o na rede de drenagem de \u00e1guas pluviais para evitar alagamentos.<br \/>\nA realiza\u00e7\u00e3o do projeto contar\u00e1 tamb\u00e9m com a participa\u00e7\u00e3o da Petrobras, Infraero, Embratel, Embasa, Coelba, operadora de telefonia Oi, Banco do Brasil, Manah e do FazCulura. \u201cA proposta valoriza locais que serviram como cen\u00e1rio de inspira\u00e7\u00e3o para Jorge Amado\u201d, enfatiza Gerson Marques. Ele adianta que o m\u00eas de agosto do ano que vem, quando o escritor completaria 100 anos, ser\u00e1 marcado tanto pela inaugura\u00e7\u00e3o do novo Quarteir\u00e3o como por um grande evento alusivo \u00e0 data.<br \/>\nPresen\u00e7as \u2013 O evento foi prestigiado pelos presidentes Nilton Cruz (Associa\u00e7\u00e3o Comercial) e Nadja Argolo (C\u00e2mara de Dirigentes Lojistas), pelos secret\u00e1rios municipais Paulo Goulart, Paulo Moreira, Jorge Bahia, Marcelo Barreto, Harildon Machado e Alexandre Sim\u00f5es, pelos vereadores Alisson Mendon\u00e7a, Paulo Carqueija e Marcus Fl\u00e1vio Rehem da Silva, por Maur\u00edcio Corso (presidente da Funda\u00e7\u00e3o Cultural de Ilh\u00e9us), al\u00e9m de executivos da Bahia Minera\u00e7\u00e3o.<\/p>\n","protected":false},"excerpt":{"rendered":"<p>As obras de revitaliza\u00e7\u00e3o do Quarteir\u00e3o Jorge Amado \u2013 que ir\u00e3o dar ao centro comercial de Ilh\u00e9us o conceito e shopping a c\u00e9u aberto, com valoriza\u00e7\u00e3o do patrim\u00f4nio hist\u00f3rico e cultural \u2013 j\u00e1 t\u00eam data para iniciar. O projeto come\u00e7a a ser executado em mar\u00e7o do ano que vem, conforme prev\u00ea o prefeito Newton Lima. [&hellip;]<\/p>\n","protected":false},"author":2,"featured_media":0,"comment_status":"open","ping_status":"open","sticky":false,"template":"","format":"standard","meta":{"_links_to":"","_links_to_target":""},"categories":[23],"tags":[],"_links":{"self":[{"href":"https:\/\/www.r2cpress.com.br\/v1\/wp-json\/wp\/v2\/posts\/30991"}],"collection":[{"href":"https:\/\/www.r2cpress.com.br\/v1\/wp-json\/wp\/v2\/posts"}],"about":[{"href":"https:\/\/www.r2cpress.com.br\/v1\/wp-json\/wp\/v2\/types\/post"}],"author":[{"embeddable":true,"href":"https:\/\/www.r2cpress.com.br\/v1\/wp-json\/wp\/v2\/users\/2"}],"replies":[{"embeddable":true,"href":"https:\/\/www.r2cpress.com.br\/v1\/wp-json\/wp\/v2\/comments?post=30991"}],"version-history":[{"count":4,"href":"https:\/\/www.r2cpress.com.br\/v1\/wp-json\/wp\/v2\/posts\/30991\/revisions"}],"predecessor-version":[{"id":30996,"href":"https:\/\/www.r2cpress.com.br\/v1\/wp-json\/wp\/v2\/posts\/30991\/revisions\/30996"}],"wp:attachment":[{"href":"https:\/\/www.r2cpress.com.br\/v1\/wp-json\/wp\/v2\/media?parent=30991"}],"wp:term":[{"taxonomy":"category","embeddable":true,"href":"https:\/\/www.r2cpress.com.br\/v1\/wp-json\/wp\/v2\/categories?post=30991"},{"taxonomy":"post_tag","embeddable":true,"href":"https:\/\/www.r2cpress.com.br\/v1\/wp-json\/wp\/v2\/tags?post=30991"}],"curies":[{"name":"wp","href":"https:\/\/api.w.org\/{rel}","templated":true}]}}