{"id":31010,"date":"2011-12-16T20:00:46","date_gmt":"2011-12-16T22:00:46","guid":{"rendered":"http:\/\/www.r2cpress.com.br\/v1\/?p=31010"},"modified":"2011-12-16T15:47:46","modified_gmt":"2011-12-16T17:47:46","slug":"do-fundo-do-bau-de-jose-leite-49","status":"publish","type":"post","link":"https:\/\/www.r2cpress.com.br\/v1\/2011\/12\/16\/do-fundo-do-bau-de-jose-leite-49\/","title":{"rendered":"DO FUNDO DO BA\u00da DE JOS\u00c9 LEITE"},"content":{"rendered":"<p><center><img src=\"http:\/\/www.r2cpress.com.br\/v1\/wp-content\/uploads\/tampa-do-ba%C3%BA-com-camisa.jpg\"\/><\/center><br \/>\n<center><strong>1) CONHE\u00c7A DOIS FILHOS ILUSTRES DE JUAZEIRO DO NORTE<br \/>\n2) CART\u00d5ES POSTAIS QUE ME APAIXONAM (7)<br \/>\n3) AS FOTOS DESTAQUES DA SEMANA<\/strong><\/center><\/p>\n<p><!--more--><\/p>\n<p>***<\/p>\n<p><b><center>ADAUTO BEZERRA <\/center><\/b><\/p>\n<p><center><a href=\"http:\/\/www.r2cpress.com.br\/v1\/wp-content\/uploads\/1.bmp\"><img src=\"http:\/\/www.r2cpress.com.br\/v1\/wp-content\/uploads\/1.bmp\" alt=\"\" title=\"Din\u00e2mico empres\u00e1rio com voca\u00e7\u00e3o pol\u00edtica, de forma\u00e7\u00e3o militar, construiu uma carreira p\u00fablica das mais brilhantes no Cear\u00e1. Deputado estadual, cumprindo v\u00e1rios mandatos seguidos, de 1958 a 1975, foi presidente da Assembl\u00e9ia Legislativa do Cear\u00e1 nos per\u00edodos 1967-1968 e 1970-1971. Depois, governador do Cear\u00e1, eleito, de 1975 a 1978. Em seguida, elegeu-se deputado federal com 120 mil votos, a maior vota\u00e7\u00e3o do Nordeste. Mandato de 1969 a 1982. Na seq\u00fc\u00eancia, vice-governador do Cear\u00e1, eleito, de 1982 a 1986. Superintendente da Sudene, de 1990 a 1991. Presidente do Conselho de Administra\u00e7\u00e3o do BIC- Banco, estabelecimento banc\u00e1rio presente hoje em todo o Brasil e cuja hist\u00f3ria come\u00e7ou como Banco do Juazeiro. Formado pela Academia Militar das Agulhas Negras, no Estado do Rio de Janeiro, coronel do Ex\u00e9rcito. Dono de v\u00e1rias condecora\u00e7\u00f5es e comendas estaduais, regionais e nacionais. Doutor Honoris Causa da Universidade Federal do Cear\u00e1. Nasceu em 03 de junho de 1926. Filho ilustre de Juazeiro do Norte\" class=\"aligncenter size-full wp-image-31020\" \/><\/a> <\/center><br \/>\n<i>Din\u00e2mico empres\u00e1rio com voca\u00e7\u00e3o pol\u00edtica, de forma\u00e7\u00e3o militar, construiu uma carreira p\u00fablica das mais brilhantes no Cear\u00e1. Deputado estadual, cumprindo v\u00e1rios mandatos seguidos, de 1958 a 1975, foi presidente da Assembl\u00e9ia Legislativa do Cear\u00e1 nos per\u00edodos 1967-1968 e 1970-1971. Depois, governador do Cear\u00e1, eleito, de 1975 a 1978. Em seguida, elegeu-se deputado federal com 120 mil votos, a maior vota\u00e7\u00e3o do Nordeste. Mandato de 1969 a 1982. Na seq\u00fc\u00eancia, vice-governador do Cear\u00e1, eleito, de 1982 a 1986. Superintendente da Sudene, de 1990 a 1991. Presidente do Conselho de Administra\u00e7\u00e3o do BIC- Banco, estabelecimento banc\u00e1rio presente hoje em todo o Brasil e cuja hist\u00f3ria come\u00e7ou como Banco do Juazeiro. Formado pela Academia Militar das Agulhas Negras, no Estado do Rio de Janeiro, coronel do Ex\u00e9rcito. Dono de v\u00e1rias condecora\u00e7\u00f5es e comendas estaduais, regionais e nacionais. Doutor Honoris Causa da Universidade Federal do Cear\u00e1. Nasceu em 03 de junho de 1926. Filho ilustre de Juazeiro do Norte<\/i>.<\/p>\n<p><b><center>HUMBERTO BEZERRA <\/center><\/b><\/p>\n<p><center><a href=\"http:\/\/www.r2cpress.com.br\/v1\/wp-content\/uploads\/2.bmp\"><img src=\"http:\/\/www.r2cpress.com.br\/v1\/wp-content\/uploads\/2.bmp\" alt=\"\" title=\"Vitorioso empres\u00e1rio e pol\u00edtico de proje\u00e7\u00e3o nacional. Graduado pela Academia Militar de Agulhas Negras, no Rio de Janeiro. Coronel do Ex\u00e9rcito. Aspirante a oficial em 1949, no Rio Grande do Sul. Primeiro-tenente do Ex\u00e9rcito 1952, no Recife. Primeiro cargo p\u00fablico: Prefeito de Juazeiro do Norte, de 1963 a 1966. Deputado Federal, de 1966 a 1971. Vice-Governador do Cear\u00e1, de 1971 a 1974. Deputado Federal, de 1975 a 1979. Secret\u00e1rio de Assuntos Municipais do Cear\u00e1. Prefeito de Juazeiro fixou sua marca de excelente administrador p\u00fablico: transformador e modernizador da paisagem urbana de Juazeiro, \u00e9 considerado o melhor depois do primeiro prefeito da cidade, Padre C\u00edcero. De 1981 a 1996, presidente do Bicbanco, antigo Banco do Juazeiro, da fam\u00edlia Bezerra de Menezes, fundado em 1938 e desde 1981 operando em \u00e2mbito nacional, um dos maiores bancos privados brasileiros. L\u00edder, discreto, din\u00e2mico, otimista e vencedor. Nasceu em 03 de junho de 1926. Filho ilustre de Juazeiro do Norte.  Somente na cidade de S\u00e3o Paulo o BIC possui 17 agencias sendo uma na Avenida Paulista. (Acervo: JUANORTE)\" class=\"aligncenter size-full wp-image-31022\" \/><\/a><\/center><br \/>\n<i>Vitorioso empres\u00e1rio e pol\u00edtico de proje\u00e7\u00e3o nacional. Graduado pela Academia Militar de Agulhas Negras, no Rio de Janeiro. Coronel do Ex\u00e9rcito. Aspirante a oficial em 1949, no Rio Grande do Sul. Primeiro-tenente do Ex\u00e9rcito 1952, no Recife. Primeiro cargo p\u00fablico: Prefeito de Juazeiro do Norte, de 1963 a 1966. Deputado Federal, de 1966 a 1971. Vice-Governador do Cear\u00e1, de 1971 a 1974. Deputado Federal, de 1975 a 1979. Secret\u00e1rio de Assuntos Municipais do Cear\u00e1. Prefeito de Juazeiro fixou sua marca de excelente administrador p\u00fablico: transformador e modernizador da paisagem urbana de Juazeiro, \u00e9 considerado o melhor depois do primeiro prefeito da cidade, Padre C\u00edcero. De 1981 a 1996, presidente do Bicbanco, antigo Banco do Juazeiro, da fam\u00edlia Bezerra de Menezes, fundado em 1938 e desde 1981 operando em \u00e2mbito nacional, um dos maiores bancos privados brasileiros. L\u00edder, discreto, din\u00e2mico, otimista e vencedor. Nasceu em 03 de junho de 1926. Filho ilustre de Juazeiro do Norte.<br \/>\nSomente na cidade de S\u00e3o Paulo o BIC possui 17 agencias sendo uma na Avenida Paulista.<br \/>\n(Acervo: JUANORTE)<\/i><\/p>\n<div id=\"attachment_31024\" style=\"width: 310px\" class=\"wp-caption aligncenter\"><a href=\"http:\/\/www.r2cpress.com.br\/v1\/wp-content\/uploads\/341.jpg\"><img aria-describedby=\"caption-attachment-31024\" loading=\"lazy\" src=\"http:\/\/www.r2cpress.com.br\/v1\/wp-content\/uploads\/341-300x198.jpg\" alt=\"\" title=\"ADAUTO BEZERRA e seu irm\u00e3o HUMBERTO BEZERRA participando da celebra\u00e7\u00e3o da Missa do CENTEN\u00c1RIO DE JUAZEIRO DO NORTE. (Foto clicada por Jos\u00e9 Nazal em 22-07-2011)\" width=\"300\" height=\"198\" class=\"size-medium wp-image-31024\" srcset=\"https:\/\/www.r2cpress.com.br\/v1\/wp-content\/uploads\/341-300x198.jpg 300w, https:\/\/www.r2cpress.com.br\/v1\/wp-content\/uploads\/341.jpg 893w\" sizes=\"(max-width: 300px) 100vw, 300px\" \/><\/a><p id=\"caption-attachment-31024\" class=\"wp-caption-text\">ADAUTO BEZERRA e seu irm\u00e3o HUMBERTO BEZERRA participando da celebra\u00e7\u00e3o da Missa do CENTEN\u00c1RIO DE JUAZEIRO DO NORTE. (Foto clicada por Jos\u00e9 Nazal em 22-07-2011)<\/p><\/div>\n<div id=\"attachment_31026\" style=\"width: 310px\" class=\"wp-caption aligncenter\"><a href=\"http:\/\/www.r2cpress.com.br\/v1\/wp-content\/uploads\/439.jpg\"><img aria-describedby=\"caption-attachment-31026\" loading=\"lazy\" src=\"http:\/\/www.r2cpress.com.br\/v1\/wp-content\/uploads\/439-300x197.jpg\" alt=\"\" title=\"IGREJA DE NOSSA SENHORA DAS DORES, celebra\u00e7\u00e3o da MISSA DO CENTEN\u00c1RIO DE JUAZEIRO. Na foto com a m\u00e3o erguida, DR. MANOEL SANTANA NETO (Prefeito de JUAZEIRO DO NORTE), ao lado direito os dois irm\u00e3os ADAUTO BEZERRA e HUMBERTO BEZERRA e na frente o Vice-Prefeito JOS\u00c9 ROBERTO CELESTINO. (Foto clicada por Jos\u00e9 Nazal 22-07-2011).\" width=\"300\" height=\"197\" class=\"size-medium wp-image-31026\" srcset=\"https:\/\/www.r2cpress.com.br\/v1\/wp-content\/uploads\/439-300x197.jpg 300w, https:\/\/www.r2cpress.com.br\/v1\/wp-content\/uploads\/439.jpg 886w\" sizes=\"(max-width: 300px) 100vw, 300px\" \/><\/a><p id=\"caption-attachment-31026\" class=\"wp-caption-text\">IGREJA DE NOSSA SENHORA DAS DORES, celebra\u00e7\u00e3o da MISSA DO CENTEN\u00c1RIO DE JUAZEIRO. Na foto com a m\u00e3o erguida, DR. MANOEL SANTANA NETO (Prefeito de JUAZEIRO DO NORTE), ao lado direito os dois irm\u00e3os ADAUTO BEZERRA e HUMBERTO BEZERRA e na frente o Vice-Prefeito JOS\u00c9 ROBERTO CELESTINO. (Foto clicada por Jos\u00e9 Nazal 22-07-2011).<\/p><\/div>\n<div id=\"attachment_31027\" style=\"width: 310px\" class=\"wp-caption aligncenter\"><a href=\"http:\/\/www.r2cpress.com.br\/v1\/wp-content\/uploads\/539.jpg\"><img aria-describedby=\"caption-attachment-31027\" loading=\"lazy\" src=\"http:\/\/www.r2cpress.com.br\/v1\/wp-content\/uploads\/539-300x198.jpg\" alt=\"\" title=\"Na esquerda meu amigo ANTONIO BENEDITO, grande empres\u00e1rio em JUAZEIRO DO NORTE, JOS\u00c9 LEITE e o CORONEL ADAUTO BEZERRA. (Foto clicada por Jos\u00e9 Nazal em 22-07-2011).\" width=\"300\" height=\"198\" class=\"size-medium wp-image-31027\" srcset=\"https:\/\/www.r2cpress.com.br\/v1\/wp-content\/uploads\/539-300x198.jpg 300w, https:\/\/www.r2cpress.com.br\/v1\/wp-content\/uploads\/539.jpg 886w\" sizes=\"(max-width: 300px) 100vw, 300px\" \/><\/a><p id=\"caption-attachment-31027\" class=\"wp-caption-text\">Na esquerda meu amigo ANTONIO BENEDITO, grande empres\u00e1rio em JUAZEIRO DO NORTE, JOS\u00c9 LEITE e o CORONEL ADAUTO BEZERRA. (Foto clicada por Jos\u00e9 Nazal em 22-07-2011).<\/p><\/div>\n<p><b><center>CART\u00d5ES POSTAIS QUE ME APAIXONAM (7)<\/center><\/b><\/p>\n<p><b><center>APRESENTAMOS PARA VOC\u00caS, CINCO CART\u00d5ES POSTAIS DA BEL\u00cdSSIMA CIDADE DE ROMA A CAPITAL DA IT\u00c1LIA.<\/center><\/b><\/p>\n<div id=\"attachment_31028\" style=\"width: 310px\" class=\"wp-caption aligncenter\"><a href=\"http:\/\/www.r2cpress.com.br\/v1\/wp-content\/uploads\/639.jpg\"><img aria-describedby=\"caption-attachment-31028\" loading=\"lazy\" src=\"http:\/\/www.r2cpress.com.br\/v1\/wp-content\/uploads\/639-300x206.jpg\" alt=\"\" title=\"O COLISEO (PARTE EXTERNA)\" width=\"300\" height=\"206\" class=\"size-medium wp-image-31028\" srcset=\"https:\/\/www.r2cpress.com.br\/v1\/wp-content\/uploads\/639-300x206.jpg 300w, https:\/\/www.r2cpress.com.br\/v1\/wp-content\/uploads\/639.jpg 863w\" sizes=\"(max-width: 300px) 100vw, 300px\" \/><\/a><p id=\"caption-attachment-31028\" class=\"wp-caption-text\">O COLISEO (PARTE EXTERNA)<\/p><\/div>\n<div id=\"attachment_31029\" style=\"width: 310px\" class=\"wp-caption aligncenter\"><a href=\"http:\/\/www.r2cpress.com.br\/v1\/wp-content\/uploads\/739.jpg\"><img aria-describedby=\"caption-attachment-31029\" loading=\"lazy\" src=\"http:\/\/www.r2cpress.com.br\/v1\/wp-content\/uploads\/739-300x205.jpg\" alt=\"\" title=\"O COLISEO (PARTE INTERNA)\" width=\"300\" height=\"205\" class=\"size-medium wp-image-31029\" srcset=\"https:\/\/www.r2cpress.com.br\/v1\/wp-content\/uploads\/739-300x205.jpg 300w, https:\/\/www.r2cpress.com.br\/v1\/wp-content\/uploads\/739.jpg 866w\" sizes=\"(max-width: 300px) 100vw, 300px\" \/><\/a><p id=\"caption-attachment-31029\" class=\"wp-caption-text\">O COLISEO (PARTE INTERNA)<\/p><\/div>\n<div id=\"attachment_31030\" style=\"width: 310px\" class=\"wp-caption aligncenter\"><a href=\"http:\/\/www.r2cpress.com.br\/v1\/wp-content\/uploads\/838.jpg\"><img aria-describedby=\"caption-attachment-31030\" loading=\"lazy\" src=\"http:\/\/www.r2cpress.com.br\/v1\/wp-content\/uploads\/838-300x209.jpg\" alt=\"\" title=\"PRA\u00c7A S\u00c3O PEDRO\" width=\"300\" height=\"209\" class=\"size-medium wp-image-31030\" srcset=\"https:\/\/www.r2cpress.com.br\/v1\/wp-content\/uploads\/838-300x209.jpg 300w, https:\/\/www.r2cpress.com.br\/v1\/wp-content\/uploads\/838.jpg 865w\" sizes=\"(max-width: 300px) 100vw, 300px\" \/><\/a><p id=\"caption-attachment-31030\" class=\"wp-caption-text\">PRA\u00c7A S\u00c3O PEDRO<\/p><\/div>\n<div id=\"attachment_31031\" style=\"width: 310px\" class=\"wp-caption aligncenter\"><a href=\"http:\/\/www.r2cpress.com.br\/v1\/wp-content\/uploads\/938.jpg\"><img aria-describedby=\"caption-attachment-31031\" loading=\"lazy\" src=\"http:\/\/www.r2cpress.com.br\/v1\/wp-content\/uploads\/938-300x203.jpg\" alt=\"\" title=\"O ARCO DE COSTANTINO\" width=\"300\" height=\"203\" class=\"size-medium wp-image-31031\" srcset=\"https:\/\/www.r2cpress.com.br\/v1\/wp-content\/uploads\/938-300x203.jpg 300w, https:\/\/www.r2cpress.com.br\/v1\/wp-content\/uploads\/938.jpg 872w\" sizes=\"(max-width: 300px) 100vw, 300px\" \/><\/a><p id=\"caption-attachment-31031\" class=\"wp-caption-text\">O ARCO DE COSTANTINO<\/p><\/div>\n<div id=\"attachment_31032\" style=\"width: 228px\" class=\"wp-caption aligncenter\"><a href=\"http:\/\/www.r2cpress.com.br\/v1\/wp-content\/uploads\/1041.jpg\"><img aria-describedby=\"caption-attachment-31032\" loading=\"lazy\" src=\"http:\/\/www.r2cpress.com.br\/v1\/wp-content\/uploads\/1041-218x300.jpg\" alt=\"\" title=\"A BONITA PRA\u00c7A DA ESPANHA\" width=\"218\" height=\"300\" class=\"size-medium wp-image-31032\" srcset=\"https:\/\/www.r2cpress.com.br\/v1\/wp-content\/uploads\/1041-218x300.jpg 218w, https:\/\/www.r2cpress.com.br\/v1\/wp-content\/uploads\/1041.jpg 612w\" sizes=\"(max-width: 218px) 100vw, 218px\" \/><\/a><p id=\"caption-attachment-31032\" class=\"wp-caption-text\">A BONITA PRA\u00c7A DA ESPANHA<\/p><\/div>\n<p><b><center>AS FOTOS DESTAQUES DA SEMANA<\/center><\/b><\/p>\n<div id=\"attachment_31033\" style=\"width: 310px\" class=\"wp-caption aligncenter\"><a href=\"http:\/\/www.r2cpress.com.br\/v1\/wp-content\/uploads\/1143.jpg\"><img aria-describedby=\"caption-attachment-31033\" loading=\"lazy\" src=\"http:\/\/www.r2cpress.com.br\/v1\/wp-content\/uploads\/1143-300x193.jpg\" alt=\"\" title=\"H\u00e1 20 anos atr\u00e1s o empres\u00e1rio ANTONIO BENEDITO e sua fam\u00edlia juntamente com FRANCISCO LEITE BEZERRA (FRAN\u00c7A), primo de JOS\u00c9 LEITE, e fam\u00edlia viajaram de JUAZEIRO DO NORTE para a cidade de ILH\u00c9US especialmente para participar da festa da entrega do T\u00cdTULO DE CIDAD\u00c3O ILHEENSE a seu amigo JOS\u00c9 LEITE DE SOUZA. Na foto, FRANCISCO LEITE (Primo), JOS\u00c9 LEITE, MARGARIDA (Esposa de FRAN\u00c7A), ANTONIO BENEDITO com a ESPOSA. (Foto: 10-12-1991 no CLUBE SOCIAL DE ILH\u00c9US).\" width=\"300\" height=\"193\" class=\"size-medium wp-image-31033\" srcset=\"https:\/\/www.r2cpress.com.br\/v1\/wp-content\/uploads\/1143-300x193.jpg 300w, https:\/\/www.r2cpress.com.br\/v1\/wp-content\/uploads\/1143.jpg 880w\" sizes=\"(max-width: 300px) 100vw, 300px\" \/><\/a><p id=\"caption-attachment-31033\" class=\"wp-caption-text\">H\u00e1 20 anos atr\u00e1s o empres\u00e1rio ANTONIO BENEDITO e sua fam\u00edlia juntamente com FRANCISCO LEITE BEZERRA (FRAN\u00c7A), primo de JOS\u00c9 LEITE, e fam\u00edlia viajaram de JUAZEIRO DO NORTE para a cidade de ILH\u00c9US especialmente para participar da festa da entrega do T\u00cdTULO DE CIDAD\u00c3O ILHEENSE a seu amigo JOS\u00c9 LEITE DE SOUZA. Na foto, FRANCISCO LEITE (Primo), JOS\u00c9 LEITE, MARGARIDA (Esposa de FRAN\u00c7A), ANTONIO BENEDITO com a ESPOSA. (Foto: 10-12-1991 no CLUBE SOCIAL DE ILH\u00c9US).<\/p><\/div>\n<div id=\"attachment_31034\" style=\"width: 207px\" class=\"wp-caption aligncenter\"><a href=\"http:\/\/www.r2cpress.com.br\/v1\/wp-content\/uploads\/1238.jpg\"><img aria-describedby=\"caption-attachment-31034\" loading=\"lazy\" src=\"http:\/\/www.r2cpress.com.br\/v1\/wp-content\/uploads\/1238-197x300.jpg\" alt=\"\" title=\"Meu Saudoso amigo LUIZ GONZAGA, se vivo estivesse teria comemorado 99 anos de idade na \u00faltima ter\u00e7a feira (13-12-2011) dia de SANTA LUZIA. Na foto JOS\u00c9 LEITE e LUIZ GONZAGA em frente ao HOTEL MUNICIPAL em JUAZEIRO DO NORTE \u2013 CEAR\u00c1 (31-10-1982). TR\u00caS CENTEN\u00c1RIOS IMPORTANTES ser\u00e3o comemorados no pr\u00f3ximo ano (2012), O CENTEN\u00c1RIO DO CANTOR LUIZ GONZAGA (13-12-2012), O CENTEN\u00c1RIO DE JORGE AMADO (10-08-2012) e o CENTEN\u00c1RIO DA ASSOCIA\u00c7\u00c3O COMERCIAL DE ILH\u00c9US (01-11-2012).\" width=\"197\" height=\"300\" class=\"size-medium wp-image-31034\" srcset=\"https:\/\/www.r2cpress.com.br\/v1\/wp-content\/uploads\/1238-197x300.jpg 197w, https:\/\/www.r2cpress.com.br\/v1\/wp-content\/uploads\/1238.jpg 468w\" sizes=\"(max-width: 197px) 100vw, 197px\" \/><\/a><p id=\"caption-attachment-31034\" class=\"wp-caption-text\">Meu Saudoso amigo LUIZ GONZAGA, se vivo estivesse teria comemorado 99 anos de idade na \u00faltima ter\u00e7a feira (13-12-2011) dia de SANTA LUZIA. Na foto JOS\u00c9 LEITE e LUIZ GONZAGA em frente ao HOTEL MUNICIPAL em JUAZEIRO DO NORTE \u2013 CEAR\u00c1 (31-10-1982). TR\u00caS CENTEN\u00c1RIOS IMPORTANTES ser\u00e3o comemorados no pr\u00f3ximo ano (2012), O CENTEN\u00c1RIO DO CANTOR LUIZ GONZAGA (13-12-2012), O CENTEN\u00c1RIO DE JORGE AMADO (10-08-2012) e o CENTEN\u00c1RIO DA ASSOCIA\u00c7\u00c3O COMERCIAL DE ILH\u00c9US (01-11-2012).<\/p><\/div>\n<div id=\"attachment_31035\" style=\"width: 310px\" class=\"wp-caption aligncenter\"><a href=\"http:\/\/www.r2cpress.com.br\/v1\/wp-content\/uploads\/1332.jpg\"><img aria-describedby=\"caption-attachment-31035\" loading=\"lazy\" src=\"http:\/\/www.r2cpress.com.br\/v1\/wp-content\/uploads\/1332-300x199.jpg\" alt=\"\" title=\"Estrada PONTAL-MACUCO, hoje BUERAREMA. (Foto: 1925)\" width=\"300\" height=\"199\" class=\"size-medium wp-image-31035\" srcset=\"https:\/\/www.r2cpress.com.br\/v1\/wp-content\/uploads\/1332-300x199.jpg 300w, https:\/\/www.r2cpress.com.br\/v1\/wp-content\/uploads\/1332.jpg 887w\" sizes=\"(max-width: 300px) 100vw, 300px\" \/><\/a><p id=\"caption-attachment-31035\" class=\"wp-caption-text\">Estrada PONTAL-MACUCO, hoje BUERAREMA. (Foto: 1925)<\/p><\/div>\n<p><center>E NO MAIS&#8230;<\/p>\n<p>O TEMPO PASSA E A VIDA CONTINUA<\/center><\/p>\n<div id=\"attachment_31036\" style=\"width: 310px\" class=\"wp-caption aligncenter\"><a href=\"http:\/\/www.r2cpress.com.br\/v1\/wp-content\/uploads\/1425.jpg\"><img aria-describedby=\"caption-attachment-31036\" loading=\"lazy\" src=\"http:\/\/www.r2cpress.com.br\/v1\/wp-content\/uploads\/1425-300x221.jpg\" alt=\"\" title=\"Foto do Jovem RAILDO NASCIMENTO com 22 anos de idade. Ao fundo, linda vista do Centro de ILH\u00c9US. (Foto 1957).\" width=\"300\" height=\"221\" class=\"size-medium wp-image-31036\" srcset=\"https:\/\/www.r2cpress.com.br\/v1\/wp-content\/uploads\/1425-300x221.jpg 300w, https:\/\/www.r2cpress.com.br\/v1\/wp-content\/uploads\/1425-1024x754.jpg 1024w, https:\/\/www.r2cpress.com.br\/v1\/wp-content\/uploads\/1425.jpg 1198w\" sizes=\"(max-width: 300px) 100vw, 300px\" \/><\/a><p id=\"caption-attachment-31036\" class=\"wp-caption-text\">Foto do Jovem RAILDO NASCIMENTO com 22 anos de idade. Ao fundo, linda vista do Centro de ILH\u00c9US. (Foto 1957).<\/p><\/div>\n<p><div id=\"attachment_31037\" style=\"width: 310px\" class=\"wp-caption aligncenter\"><a href=\"http:\/\/www.r2cpress.com.br\/v1\/wp-content\/uploads\/1515.jpg\"><img aria-describedby=\"caption-attachment-31037\" loading=\"lazy\" src=\"http:\/\/www.r2cpress.com.br\/v1\/wp-content\/uploads\/1515-300x197.jpg\" alt=\"\" title=\"Outra foto do amigo RAILDO NASCIMENTO (Primeiro da direita para esquerda). DEUS LHE DE MUITOS ANOS DE VIDA COMPANHEIRO. Foto clicada por Jos\u00e9 Leite no PARQUE DE EXPOSI\u00c7\u00c3O DE ILH\u00c9US no \u00faltimo s\u00e1bado na Festa de Confraterniza\u00e7\u00e3o dos amigos de ILH\u00c9US que viajaram para JUAZEIRO DO NORTE 10-12-2011.\" width=\"300\" height=\"197\" class=\"size-medium wp-image-31037\" srcset=\"https:\/\/www.r2cpress.com.br\/v1\/wp-content\/uploads\/1515-300x197.jpg 300w, https:\/\/www.r2cpress.com.br\/v1\/wp-content\/uploads\/1515.jpg 890w\" sizes=\"(max-width: 300px) 100vw, 300px\" \/><\/a><p id=\"caption-attachment-31037\" class=\"wp-caption-text\">Outra foto do amigo RAILDO NASCIMENTO (Primeiro da direita para esquerda). DEUS LHE DE MUITOS ANOS DE VIDA COMPANHEIRO. Foto clicada por Jos\u00e9 Leite no PARQUE DE EXPOSI\u00c7\u00c3O DE ILH\u00c9US no \u00faltimo s\u00e1bado na Festa de Confraterniza\u00e7\u00e3o dos amigos de ILH\u00c9US que viajaram para JUAZEIRO DO NORTE 10-12-2011.<\/p><\/div><br \/>\n><\/p>\n<p>&#8212;<br \/>\nTexto e fotos: Jos\u00e9 Leite de Souza<br \/>\njleitesouza@hotmail.com<\/p>\n","protected":false},"excerpt":{"rendered":"<p>1) CONHE\u00c7A DOIS FILHOS ILUSTRES DE JUAZEIRO DO NORTE 2) CART\u00d5ES POSTAIS QUE ME APAIXONAM (7) 3) AS FOTOS DESTAQUES DA SEMANA<\/p>\n","protected":false},"author":2,"featured_media":0,"comment_status":"open","ping_status":"open","sticky":false,"template":"","format":"standard","meta":{"_links_to":"","_links_to_target":""},"categories":[10],"tags":[],"_links":{"self":[{"href":"https:\/\/www.r2cpress.com.br\/v1\/wp-json\/wp\/v2\/posts\/31010"}],"collection":[{"href":"https:\/\/www.r2cpress.com.br\/v1\/wp-json\/wp\/v2\/posts"}],"about":[{"href":"https:\/\/www.r2cpress.com.br\/v1\/wp-json\/wp\/v2\/types\/post"}],"author":[{"embeddable":true,"href":"https:\/\/www.r2cpress.com.br\/v1\/wp-json\/wp\/v2\/users\/2"}],"replies":[{"embeddable":true,"href":"https:\/\/www.r2cpress.com.br\/v1\/wp-json\/wp\/v2\/comments?post=31010"}],"version-history":[{"count":16,"href":"https:\/\/www.r2cpress.com.br\/v1\/wp-json\/wp\/v2\/posts\/31010\/revisions"}],"predecessor-version":[{"id":31042,"href":"https:\/\/www.r2cpress.com.br\/v1\/wp-json\/wp\/v2\/posts\/31010\/revisions\/31042"}],"wp:attachment":[{"href":"https:\/\/www.r2cpress.com.br\/v1\/wp-json\/wp\/v2\/media?parent=31010"}],"wp:term":[{"taxonomy":"category","embeddable":true,"href":"https:\/\/www.r2cpress.com.br\/v1\/wp-json\/wp\/v2\/categories?post=31010"},{"taxonomy":"post_tag","embeddable":true,"href":"https:\/\/www.r2cpress.com.br\/v1\/wp-json\/wp\/v2\/tags?post=31010"}],"curies":[{"name":"wp","href":"https:\/\/api.w.org\/{rel}","templated":true}]}}