{"id":31043,"date":"2011-12-16T15:59:12","date_gmt":"2011-12-16T17:59:12","guid":{"rendered":"http:\/\/www.r2cpress.com.br\/v1\/?p=31043"},"modified":"2011-12-16T15:59:12","modified_gmt":"2011-12-16T17:59:12","slug":"marcha-endireita-ja","status":"publish","type":"post","link":"https:\/\/www.r2cpress.com.br\/v1\/2011\/12\/16\/marcha-endireita-ja\/","title":{"rendered":"MARCHA ENDIREITA J\u00c1!!!!"},"content":{"rendered":"<p><center><a href=\"http:\/\/www.r2cpress.com.br\/v1\/wp-content\/uploads\/MARCHA-ENDIREITA-J\u00c1.jpg\"><img loading=\"lazy\" src=\"http:\/\/www.r2cpress.com.br\/v1\/wp-content\/uploads\/MARCHA-ENDIREITA-J\u00c1.jpg\" alt=\"\" title=\"MARCHA ENDIREITA J\u00c1\" width=\"333\" height=\"202\" class=\"aligncenter size-full wp-image-31044\" srcset=\"https:\/\/www.r2cpress.com.br\/v1\/wp-content\/uploads\/MARCHA-ENDIREITA-J\u00c1.jpg 333w, https:\/\/www.r2cpress.com.br\/v1\/wp-content\/uploads\/MARCHA-ENDIREITA-J\u00c1-300x181.jpg 300w\" sizes=\"(max-width: 333px) 100vw, 333px\" \/><\/a><br \/>\n<strong>SE INSISTIRMOS EM ELEGER POL\u00cdTICOS DUVIDOSOS&#8230;<br \/>\nSE ACEITARMOS MAIS VEREADORES NA C\u00c2MARA&#8230;<br \/>\nSE N\u00c3O SAIRMOS \u00c0S RUAS PARA PROTESTAR&#8230;  <\/strong><\/center><\/p>\n<p>&#8212;<br \/>\nAnne Pacheco<\/p>\n","protected":false},"excerpt":{"rendered":"<p>SE INSISTIRMOS EM ELEGER POL\u00cdTICOS DUVIDOSOS&#8230; SE ACEITARMOS MAIS VEREADORES NA C\u00c2MARA&#8230; SE N\u00c3O SAIRMOS \u00c0S RUAS PARA PROTESTAR&#8230; &#8212; Anne Pacheco<\/p>\n","protected":false},"author":2,"featured_media":0,"comment_status":"open","ping_status":"open","sticky":false,"template":"","format":"standard","meta":{"_links_to":"","_links_to_target":""},"categories":[10],"tags":[],"_links":{"self":[{"href":"https:\/\/www.r2cpress.com.br\/v1\/wp-json\/wp\/v2\/posts\/31043"}],"collection":[{"href":"https:\/\/www.r2cpress.com.br\/v1\/wp-json\/wp\/v2\/posts"}],"about":[{"href":"https:\/\/www.r2cpress.com.br\/v1\/wp-json\/wp\/v2\/types\/post"}],"author":[{"embeddable":true,"href":"https:\/\/www.r2cpress.com.br\/v1\/wp-json\/wp\/v2\/users\/2"}],"replies":[{"embeddable":true,"href":"https:\/\/www.r2cpress.com.br\/v1\/wp-json\/wp\/v2\/comments?post=31043"}],"version-history":[{"count":2,"href":"https:\/\/www.r2cpress.com.br\/v1\/wp-json\/wp\/v2\/posts\/31043\/revisions"}],"predecessor-version":[{"id":31046,"href":"https:\/\/www.r2cpress.com.br\/v1\/wp-json\/wp\/v2\/posts\/31043\/revisions\/31046"}],"wp:attachment":[{"href":"https:\/\/www.r2cpress.com.br\/v1\/wp-json\/wp\/v2\/media?parent=31043"}],"wp:term":[{"taxonomy":"category","embeddable":true,"href":"https:\/\/www.r2cpress.com.br\/v1\/wp-json\/wp\/v2\/categories?post=31043"},{"taxonomy":"post_tag","embeddable":true,"href":"https:\/\/www.r2cpress.com.br\/v1\/wp-json\/wp\/v2\/tags?post=31043"}],"curies":[{"name":"wp","href":"https:\/\/api.w.org\/{rel}","templated":true}]}}