{"id":31074,"date":"2011-12-16T17:58:31","date_gmt":"2011-12-16T19:58:31","guid":{"rendered":"http:\/\/www.r2cpress.com.br\/v1\/?p=31074"},"modified":"2011-12-16T17:58:31","modified_gmt":"2011-12-16T19:58:31","slug":"espiritualizemos-o-natal","status":"publish","type":"post","link":"https:\/\/www.r2cpress.com.br\/v1\/2011\/12\/16\/espiritualizemos-o-natal\/","title":{"rendered":"Espiritualizemos o Natal"},"content":{"rendered":"<div align=\"center\"><img src=\"http:\/\/mail.globo.com\/mail\/?ui=2&amp;ik=4b218c2d2f&amp;view=att&amp;th=13448609055f27c4&amp;attid=0.1&amp;disp=emb&amp;zw\" alt=\"\" \/><\/div>\n<div align=\"center\">\n<div align=\"center\"><img src=\"http:\/\/mail.globo.com\/mail\/?ui=2&amp;ik=4b218c2d2f&amp;view=att&amp;th=13448609055f27c4&amp;attid=0.2&amp;disp=emb&amp;zw\" alt=\"\" \/><\/div>\n<\/div>\n<p align=\"justify\"><span style=\"color: #800080;\">Festas ruidosas, mundanas, s\u00e3o incompat\u00edveis com o esp\u00edrito natalino.<\/span><\/p>\n<p align=\"justify\"><span style=\"color: #800080;\">Foi numa noite silenciosa e calma que o Governador Espiritual da Terra decidiu nascer numa estrebaria para assim presentear-nos com sua primeira exemplifica\u00e7\u00e3o: a li\u00e7\u00e3o da humildade. <\/span><\/p>\n<p align=\"justify\"><span style=\"color: #800080;\">Reflitamos! Hoje, decorridos dois mil\u00eanios, j\u00e1 aprendemos este primeiro ensinamento de Jesus? J\u00e1 abandonamos a vaidade, essa rid\u00edcula filha do orgulho? J\u00e1 nos conscientizamos de que a verdadeira sabedoria jamais se afasta da humildade?<\/span><\/p>\n<p align=\"justify\"><span style=\"color: #800080;\">Festejemos, pois, o Natal de Jesus em clima\u00a0de fraternidade, de amor ao pr\u00f3ximo. Busquemos nas pessoas que Deus colocou pr\u00f3ximas a n\u00f3s, especialmente nas mais carentes de luz e de p\u00e3o, a presen\u00e7a do nosso Irm\u00e3o Maior, pois que ele nos avisou: \u201cVinde, benditos de meu Pai, tomai posse do reino que vos est\u00e1 preparado desde a cria\u00e7\u00e3o do mundo, porque\u00a0(&#8230;) todas as vezes que fizestes isto a um destes meus irm\u00e3os mais pequeninos, foi a mim mesmo que o fizestes.\u201d<\/span><\/p>\n<p align=\"justify\"><span style=\"color: #800080;\">Fujamos \u00e0 idolatria que n\u00e3o vai al\u00e9m da contempla\u00e7\u00e3o passiva e inoperante; procuremos seguir Jesus em nossa conduta di\u00e1ria, cientes de que ele \u00e9 o modelo de perfei\u00e7\u00e3o moral a que devemos e podemos aspirar. <\/span><\/p>\n<p style=\"text-align: center;\"><span style=\"color: #800080;\">Natal \u00e9 festa espiritual.<\/span><\/p>\n<p style=\"text-align: center;\"><span style=\"color: #800080; font-family: Comic Sans MS; font-size: medium;\">Que possamos comemor\u00e1-lo num clima de recolhimento, de prece e de paz. <\/span><\/p>\n<p align=\"right\">\u00a0<span style=\"font-family: Comic Sans MS; font-size: medium;\"><span style=\"color: #800080;\"><span style=\"font-size: small;\"><strong>Feliz Natal!<\/strong><\/span><\/span><\/span><\/p>\n<p align=\"right\"><span style=\"color: #800080; font-family: Comic Sans MS;\"><strong>Aureci Figueiredo Martins\u00a0&#8211; Porto Alegre, <\/strong><\/span><\/p>\n<p align=\"right\"><span style=\"font-family: Comic Sans MS;\"><strong><a href=\"mailto:aureci@globo.com\" target=\"_blank\">aureci@globo.com<\/a> <\/strong><\/span><\/p>\n<p align=\"center\">\n","protected":false},"excerpt":{"rendered":"<p>Festas ruidosas, mundanas, s\u00e3o incompat\u00edveis com o esp\u00edrito natalino. Foi numa noite silenciosa e calma que o Governador Espiritual da Terra decidiu nascer numa estrebaria para assim presentear-nos com sua primeira exemplifica\u00e7\u00e3o: a li\u00e7\u00e3o da humildade. Reflitamos! Hoje, decorridos dois mil\u00eanios, j\u00e1 aprendemos este primeiro ensinamento de Jesus? J\u00e1 abandonamos a vaidade, essa rid\u00edcula filha [&hellip;]<\/p>\n","protected":false},"author":2,"featured_media":0,"comment_status":"open","ping_status":"open","sticky":false,"template":"","format":"standard","meta":{"_links_to":"","_links_to_target":""},"categories":[17],"tags":[],"_links":{"self":[{"href":"https:\/\/www.r2cpress.com.br\/v1\/wp-json\/wp\/v2\/posts\/31074"}],"collection":[{"href":"https:\/\/www.r2cpress.com.br\/v1\/wp-json\/wp\/v2\/posts"}],"about":[{"href":"https:\/\/www.r2cpress.com.br\/v1\/wp-json\/wp\/v2\/types\/post"}],"author":[{"embeddable":true,"href":"https:\/\/www.r2cpress.com.br\/v1\/wp-json\/wp\/v2\/users\/2"}],"replies":[{"embeddable":true,"href":"https:\/\/www.r2cpress.com.br\/v1\/wp-json\/wp\/v2\/comments?post=31074"}],"version-history":[{"count":7,"href":"https:\/\/www.r2cpress.com.br\/v1\/wp-json\/wp\/v2\/posts\/31074\/revisions"}],"predecessor-version":[{"id":31081,"href":"https:\/\/www.r2cpress.com.br\/v1\/wp-json\/wp\/v2\/posts\/31074\/revisions\/31081"}],"wp:attachment":[{"href":"https:\/\/www.r2cpress.com.br\/v1\/wp-json\/wp\/v2\/media?parent=31074"}],"wp:term":[{"taxonomy":"category","embeddable":true,"href":"https:\/\/www.r2cpress.com.br\/v1\/wp-json\/wp\/v2\/categories?post=31074"},{"taxonomy":"post_tag","embeddable":true,"href":"https:\/\/www.r2cpress.com.br\/v1\/wp-json\/wp\/v2\/tags?post=31074"}],"curies":[{"name":"wp","href":"https:\/\/api.w.org\/{rel}","templated":true}]}}