{"id":31093,"date":"2011-12-16T21:45:19","date_gmt":"2011-12-16T23:45:19","guid":{"rendered":"http:\/\/www.r2cpress.com.br\/v1\/?p=31093"},"modified":"2011-12-16T21:45:19","modified_gmt":"2011-12-16T23:45:19","slug":"dilma-diz-que-nao-e-hora-de-reajustar-salario-de-servidores","status":"publish","type":"post","link":"https:\/\/www.r2cpress.com.br\/v1\/2011\/12\/16\/dilma-diz-que-nao-e-hora-de-reajustar-salario-de-servidores\/","title":{"rendered":"Dilma diz que &#8216;n\u00e3o \u00e9 hora&#8217; de reajustar sal\u00e1rio de servidores"},"content":{"rendered":"<p><strong>Funcionalismo s\u00f3 ter\u00e1 aumento caso Congresso apresente projeto, disse.<br \/>\n&#8216;Brasil se fragilizaria se come\u00e7\u00e1ssemos a gastar sem controle&#8217;, afirmou.<br \/>\n<\/strong><\/p>\n<p>A presidente da Rep\u00fablica, Dilma Rousseff, afirmou nesta sexta-feira (16) que s\u00f3 haver\u00e1 aumento salarial para o funcionalismo p\u00fablico em 2012 caso o Congresso Nacional apresente um projeto sobre o tema at\u00e9 agosto.<\/p>\n<p>\u201c[Sobre reajuste salarial], 2012 continuar\u00e1 como manda a lei. Tem de apresentar [projeto de aumento] at\u00e9 agosto. Se o Congresso n\u00e3o aprovar para 2012, s\u00f3 para 2013\u201d, afirmou a presidente.<\/p>\n<p>Dilma falou sobre o assunto em um caf\u00e9 da manh\u00e3 de confraterniza\u00e7\u00e3o com jornalistas, nesta manh\u00e3 no Pal\u00e1cio do Planalto.<\/p>\n<p>Questionada a respeito de pedidos de aumento salarial de diversas categorias, Dilma disse que &#8220;isso n\u00e3o se coaduna com o momento&#8221;. &#8220;[H\u00e1] um processo de crise que o Brasil se fragilizaria se come\u00e7\u00e1ssemos a gastar sem controle&#8221;, comentou.<\/p>\n<p><!--more--><\/p>\n<p>Projetos de lei que tramitam no Congresso sugerem reajuste de 56% aos servidores do Judici\u00e1rio e de 14,79% para magistrados. O governo estima que o impacto total do aumento desses servidores nas contas p\u00fablicas seja de R$ 7,7 bilh\u00f5es.<\/p>\n<p>Na \u00faltima quarta-feira (14), o ministro do Supremo Tribunal Federal (STF) Luiz Fux determinou que o Congresso analise a proposta original do Or\u00e7amento de 2012 da Uni\u00e3o, que prev\u00ea recursos para o reajuste de sal\u00e1rios dos servidores do Judici\u00e1rio. A decis\u00e3o obriga os parlamentares a considerarem o pedido de aumento, que havia sido encaminhado pelo presidente do STF, ministro Cezar Peluso, mas retirado do projeto de lei or\u00e7ament\u00e1ria pela pr\u00f3pria Dilma.<\/p>\n<p>A presidente reafirmou a posi\u00e7\u00e3o de que n\u00e3o \u00e9 &#8220;hora de dar aumento salarial para categoria nenhuma&#8221;. &#8220;Isso vale para todo mundo, eu n\u00e3o acho ningu\u00e9m melhor do que ningu\u00e9m.&#8221;<\/p>\n<p>Ela evitou comentar os projetos de aumento salarial dos poderes Legislativo e Judici\u00e1rio. &#8220;Eu n\u00e3o fa\u00e7o, ningu\u00e9m me far\u00e1 fazer, an\u00e1lise sobre a atua\u00e7\u00e3o de outros poderes. [&#8230;] Seu eu fizesse, estaria cometendo uma leviandade.&#8221;<\/p>\n<p>Questionada se ela pede &#8220;compreens\u00e3o&#8221; das categorias que reivindicam aumento, disse: \u201ctudo o que eu poderia fazer eu fiz\u201d. Dilma ponderou, no entanto, que &#8220;n\u00e3o \u00e9 crime pedir aumento salarial&#8221;. &#8220;As categorias t\u00eam esse direito.<\/p>\n<p>&#8216;Preocupa\u00e7\u00e3o&#8217;<br \/>\nA Associa\u00e7\u00e3o dos Ju\u00edzes Federais do Brasil (Ajufe) divulgou nesta sexta-feira nota em que manifesta &#8220;preocupa\u00e7\u00e3o&#8221; sobre a decis\u00e3o de Dilma de n\u00e3o conceder reajuste aos servidores da categoria. A entidade acusa o poder Executivo de &#8220;violar&#8221; a Constitui\u00e7\u00e3o Federal e &#8220;tolher&#8221; a independ\u00eancia do Judici\u00e1rio.<\/p>\n<p>&#8220;A Constitui\u00e7\u00e3o Federal em seu Art. 85 \u00e9 clara e refere que s\u00e3o crimes de responsabilidade do Presidente da Rep\u00fablica os que atentam contra a Constitui\u00e7\u00e3o Federal&#8221;, afirma a entidade em nota. &#8220;O argumento de que n\u00e3o existem recursos para o Judici\u00e1rio \u00e9 falacioso. A proposta do STF \u00e9 de 7,7 bilh\u00f5es, apenas os ju\u00edzes federais arrecadam em m\u00e9dia todos os anos nas Varas de Execu\u00e7\u00e3o Fiscal 10 bilh\u00f5es de reais&#8221;, reiterou.<\/p>\n<p>A assessoria de imprensa da Presid\u00eancia informou que n\u00e3o vai se pronunciar sobre a nota da Ajufe.<\/p>\n<p>&#8212;<br \/>\nPriscilla Mendes Do <a href = \"http:\/\/g1.globo.com\/politica\/noticia\/2011\/12\/dilma-diz-que-nao-e-hora-de-reajustar-salario-de-servidores.html\" target = \"_news\"><b>G1<\/b><\/a>, em Bras\u00edlia<\/p>\n","protected":false},"excerpt":{"rendered":"<p>Funcionalismo s\u00f3 ter\u00e1 aumento caso Congresso apresente projeto, disse. &#8216;Brasil se fragilizaria se come\u00e7\u00e1ssemos a gastar sem controle&#8217;, afirmou. A presidente da Rep\u00fablica, Dilma Rousseff, afirmou nesta sexta-feira (16) que s\u00f3 haver\u00e1 aumento salarial para o funcionalismo p\u00fablico em 2012 caso o Congresso Nacional apresente um projeto sobre o tema at\u00e9 agosto. \u201c[Sobre reajuste salarial], [&hellip;]<\/p>\n","protected":false},"author":2,"featured_media":0,"comment_status":"open","ping_status":"open","sticky":false,"template":"","format":"standard","meta":{"_links_to":"","_links_to_target":""},"categories":[18],"tags":[],"_links":{"self":[{"href":"https:\/\/www.r2cpress.com.br\/v1\/wp-json\/wp\/v2\/posts\/31093"}],"collection":[{"href":"https:\/\/www.r2cpress.com.br\/v1\/wp-json\/wp\/v2\/posts"}],"about":[{"href":"https:\/\/www.r2cpress.com.br\/v1\/wp-json\/wp\/v2\/types\/post"}],"author":[{"embeddable":true,"href":"https:\/\/www.r2cpress.com.br\/v1\/wp-json\/wp\/v2\/users\/2"}],"replies":[{"embeddable":true,"href":"https:\/\/www.r2cpress.com.br\/v1\/wp-json\/wp\/v2\/comments?post=31093"}],"version-history":[{"count":2,"href":"https:\/\/www.r2cpress.com.br\/v1\/wp-json\/wp\/v2\/posts\/31093\/revisions"}],"predecessor-version":[{"id":31095,"href":"https:\/\/www.r2cpress.com.br\/v1\/wp-json\/wp\/v2\/posts\/31093\/revisions\/31095"}],"wp:attachment":[{"href":"https:\/\/www.r2cpress.com.br\/v1\/wp-json\/wp\/v2\/media?parent=31093"}],"wp:term":[{"taxonomy":"category","embeddable":true,"href":"https:\/\/www.r2cpress.com.br\/v1\/wp-json\/wp\/v2\/categories?post=31093"},{"taxonomy":"post_tag","embeddable":true,"href":"https:\/\/www.r2cpress.com.br\/v1\/wp-json\/wp\/v2\/tags?post=31093"}],"curies":[{"name":"wp","href":"https:\/\/api.w.org\/{rel}","templated":true}]}}