{"id":31121,"date":"2011-12-18T02:00:44","date_gmt":"2011-12-18T04:00:44","guid":{"rendered":"http:\/\/www.r2cpress.com.br\/v1\/?p=31121"},"modified":"2011-12-18T02:00:44","modified_gmt":"2011-12-18T04:00:44","slug":"convite-13","status":"publish","type":"post","link":"https:\/\/www.r2cpress.com.br\/v1\/2011\/12\/18\/convite-13\/","title":{"rendered":"Convite"},"content":{"rendered":"<p>Programa\u00e7\u00e3o para o dia 22 de dezembro, a partir das 18 horas, na C\u00e2mara Municipal de Ilh\u00e9us, a entrega dos certificados de conclus\u00e3o do curso de conscientiza\u00e7\u00e3o comunit\u00e1ria \u201cGlobalizando a Cidadania\u201d, com foco especial na \u201cForma\u00e7\u00e3o Pol\u00edtica para a Mulher\u201d. O referido curso, que contou com in\u00fameras palestras, foi iniciado em setembro de 2010 e conclu\u00eddo em outubro deste ano. Entre as palestras realizadas, \u201cDireitos Fundamentais e Garantias Constitucionais\u201d, com a ju\u00edza federal Karina Carlos Rhen da Silva; \u201cRela\u00e7\u00f5es de Consumo do Direito do Consumidor\u201d, com o advogado F\u00e1bio Santos; \u201cDireito Pol\u00edtico e Privado\u201d, com o advogado Sanzio Peixoto; \u201cA C\u00e2mara Municipal e o Papel do Vereador\u201d, com o presidente da Ceac, Celso da Silva,  \u201cO Munic\u00edpio e a Seguridade Social\u201d, com o coordenador do Setor de Conv\u00eanios da PMI, Carlos Moraes entre outros. O curso de conscientiza\u00e7\u00e3o foi coordenado pela professora M\u00f4nica Campos, assessorada pelas assistentes sociais Hilda Mendes \/ Eliene Marques e a estagi\u00e1ria de Servi\u00e7o Social  Maria do Carmo, todas da Ceac.<br \/>\n<center><a href=\"http:\/\/www.r2cpress.com.br\/v1\/wp-content\/uploads\/CONVITE.png\"><img loading=\"lazy\" src=\"http:\/\/www.r2cpress.com.br\/v1\/wp-content\/uploads\/CONVITE.png\" alt=\"\" title=\"CONVITE\" width=\"500\" height=\"348\" class=\"aligncenter size-full wp-image-31122\" srcset=\"https:\/\/www.r2cpress.com.br\/v1\/wp-content\/uploads\/CONVITE.png 500w, https:\/\/www.r2cpress.com.br\/v1\/wp-content\/uploads\/CONVITE-300x208.png 300w\" sizes=\"(max-width: 500px) 100vw, 500px\" \/><\/a><\/center><\/p>\n","protected":false},"excerpt":{"rendered":"<p>Programa\u00e7\u00e3o para o dia 22 de dezembro, a partir das 18 horas, na C\u00e2mara Municipal de Ilh\u00e9us, a entrega dos certificados de conclus\u00e3o do curso de conscientiza\u00e7\u00e3o comunit\u00e1ria \u201cGlobalizando a Cidadania\u201d, com foco especial na \u201cForma\u00e7\u00e3o Pol\u00edtica para a Mulher\u201d. O referido curso, que contou com in\u00fameras palestras, foi iniciado em setembro de 2010 e [&hellip;]<\/p>\n","protected":false},"author":2,"featured_media":0,"comment_status":"open","ping_status":"open","sticky":false,"template":"","format":"standard","meta":{"_links_to":"","_links_to_target":""},"categories":[24],"tags":[],"_links":{"self":[{"href":"https:\/\/www.r2cpress.com.br\/v1\/wp-json\/wp\/v2\/posts\/31121"}],"collection":[{"href":"https:\/\/www.r2cpress.com.br\/v1\/wp-json\/wp\/v2\/posts"}],"about":[{"href":"https:\/\/www.r2cpress.com.br\/v1\/wp-json\/wp\/v2\/types\/post"}],"author":[{"embeddable":true,"href":"https:\/\/www.r2cpress.com.br\/v1\/wp-json\/wp\/v2\/users\/2"}],"replies":[{"embeddable":true,"href":"https:\/\/www.r2cpress.com.br\/v1\/wp-json\/wp\/v2\/comments?post=31121"}],"version-history":[{"count":2,"href":"https:\/\/www.r2cpress.com.br\/v1\/wp-json\/wp\/v2\/posts\/31121\/revisions"}],"predecessor-version":[{"id":31124,"href":"https:\/\/www.r2cpress.com.br\/v1\/wp-json\/wp\/v2\/posts\/31121\/revisions\/31124"}],"wp:attachment":[{"href":"https:\/\/www.r2cpress.com.br\/v1\/wp-json\/wp\/v2\/media?parent=31121"}],"wp:term":[{"taxonomy":"category","embeddable":true,"href":"https:\/\/www.r2cpress.com.br\/v1\/wp-json\/wp\/v2\/categories?post=31121"},{"taxonomy":"post_tag","embeddable":true,"href":"https:\/\/www.r2cpress.com.br\/v1\/wp-json\/wp\/v2\/tags?post=31121"}],"curies":[{"name":"wp","href":"https:\/\/api.w.org\/{rel}","templated":true}]}}