{"id":31171,"date":"2011-12-18T17:49:43","date_gmt":"2011-12-18T19:49:43","guid":{"rendered":"http:\/\/www.r2cpress.com.br\/v1\/?p=31171"},"modified":"2011-12-18T17:49:43","modified_gmt":"2011-12-18T19:49:43","slug":"entre-em-vigor-amanha-norma-que-impoe-prazo-para-atendimento","status":"publish","type":"post","link":"https:\/\/www.r2cpress.com.br\/v1\/2011\/12\/18\/entre-em-vigor-amanha-norma-que-impoe-prazo-para-atendimento\/","title":{"rendered":"Entre em vigor amanh\u00e3 norma que imp\u00f5e prazo para atendimento"},"content":{"rendered":"<h1>Come\u00e7a a vigorar nesta segunda-feira (19) a norma que estabelece que benefici\u00e1rios de planos de sa\u00fade n\u00e3o poder\u00e3o esperar mais do que sete dias por uma consulta com especialistas das \u00e1reas de pediatria, cl\u00ednica m\u00e9dica, cirurgia geral, ginecologia e obstetr\u00edcia.<\/h1>\n<p>A norma entraria em vigor no dia 19 de setembro, mas foi adiada para que as operadoras dos planos tivessem um prazo maior para adapta\u00e7\u00e3o \u00e0s regras estabelecidas.<\/p>\n<p>Al\u00e9m do prazo de sete dias para consultas nessas especialidades, h\u00e1 ainda o prazo de tr\u00eas dias para servi\u00e7os de diagn\u00f3stico por laborat\u00f3rio de an\u00e1lise cl\u00ednica em regime ambulatorial, 21 dias para procedimentos de alta complexidade, entre outros.<\/p>\n<p>Com a mudan\u00e7a, a ag\u00eancia publicou uma nova resolu\u00e7\u00e3o normativa &#8211;a RN 268&#8211; para ajustar a anterior &#8211;RN 259. Com isso, a operadora deve oferecer pelo menos um servi\u00e7o ou profissional em cada \u00e1rea contratada.<\/p>\n<p>Nos casos de aus\u00eancia de rede assistencial, a operadora dever\u00e1 garantir o atendimento em prestador n\u00e3o credenciado no mesmo munic\u00edpio ou o transporte do benefici\u00e1rio at\u00e9 um prestador credenciado, assim como seu retorno \u00e0 localidade de origem &#8211;casos em que os custos correr\u00e3o por conta da operadora.<\/p>\n<p>As empresas de planos de sa\u00fade que n\u00e3o obedecerem aos prazos definidos pela ANS sofrer\u00e3o penalidades e, em casos de descumprimentos constantes, poder\u00e3o passar por medidas administrativas, tais como a suspens\u00e3o da comercializa\u00e7\u00e3o de parte ou de todos os seus produtos e a decreta\u00e7\u00e3o do regime especial de dire\u00e7\u00e3o t\u00e9cnica, inclusive com a possibilidade de afastamento dos dirigentes da empresa.<\/p>\n<table width=\"499\">\n<tbody>\n<tr>\n<th colspan=\"2\">Resolu\u00e7\u00e3o normativa 259 da ANS<\/th>\n<\/tr>\n<tr>\n<th>Servi\u00e7o<\/th>\n<th>Prazo m\u00e1ximo (dias \u00fateis)<\/th>\n<\/tr>\n<tr>\n<td>Consulta b\u00e1sica (pediatria, cl\u00ednica m\u00e9dica, cirurgia geral, ginecologia e obstetr\u00edcia)<\/td>\n<td>7<\/td>\n<\/tr>\n<tr>\n<td>Consulta nas demais especialidades m\u00e9dicas<\/td>\n<td>14<\/td>\n<\/tr>\n<tr>\n<td>Consulta\/sess\u00e3o com fonoaudi\u00f3logo<\/td>\n<td>10<\/td>\n<\/tr>\n<tr>\n<td>Consulta\/sess\u00e3o com nutricionista<\/td>\n<td>10<\/td>\n<\/tr>\n<tr>\n<td>Consulta\/sess\u00e3o com psic\u00f3logo<\/td>\n<td>10<\/td>\n<\/tr>\n<tr>\n<td>Consulta\/sess\u00e3o com terapeuta ocupacional<\/td>\n<td>10<\/td>\n<\/tr>\n<tr>\n<td>Consulta\/sess\u00e3o com fisioterapeuta<\/td>\n<td>10<\/td>\n<\/tr>\n<tr>\n<td>Consulta e procedimentos realizados em consult\u00f3rio\/cl\u00ednica com cirurgi\u00e3o-dentista<\/td>\n<td>7<\/td>\n<\/tr>\n<tr>\n<td>Servi\u00e7os de diagn\u00f3stico por laborat\u00f3rio de an\u00e1lises cl\u00ednicas em regime ambulatorial<\/td>\n<td>3<\/td>\n<\/tr>\n<tr>\n<td>Demais servi\u00e7os de diagn\u00f3stico e terapia em regime ambulatorial<\/td>\n<td>10<\/td>\n<\/tr>\n<tr>\n<td>Procedimentos de alta complexidade*<\/td>\n<td>21<\/td>\n<\/tr>\n<tr>\n<td>Atendimento em regime de hospital-dia<\/td>\n<td>10<\/td>\n<\/tr>\n<tr>\n<td>Atendimento em regime de interna\u00e7\u00e3o eletiva<\/td>\n<td>21<\/td>\n<\/tr>\n<tr>\n<td>Urg\u00eancia e emerg\u00eancia<\/td>\n<td>Imediato<\/td>\n<\/tr>\n<tr>\n<td>Consulta de retorno<\/td>\n<td>A crit\u00e9rio do profissional<\/td>\n<\/tr>\n<\/tbody>\n<\/table>\n<p>* Os procedimentos de alta complexidade s\u00e3o definidos no <a href=\"http:\/\/www.ans.gov.br\/index.php\/planos-de-saude-e-operadoras\/espaco-do-consumidor\/441-rol-de-procedimentos\" target=\"_blank\">Rol de Procedimentos e Eventos em Sa\u00fade<\/a> da ANS<\/p>\n<p>&#8212;<\/p>\n<p>Folha.com<\/p>\n<p>http:\/\/www1.folha.uol.com.br\/cotidiano\/1023101-entre-em-vigor-amanha-norma-que-impoe-prazo-para-atendimento.shtml<\/p>\n","protected":false},"excerpt":{"rendered":"<p>Come\u00e7a a vigorar nesta segunda-feira (19) a norma que estabelece que benefici\u00e1rios de planos de sa\u00fade n\u00e3o poder\u00e3o esperar mais do que sete dias por uma consulta com especialistas das \u00e1reas de pediatria, cl\u00ednica m\u00e9dica, cirurgia geral, ginecologia e obstetr\u00edcia. A norma entraria em vigor no dia 19 de setembro, mas foi adiada para que [&hellip;]<\/p>\n","protected":false},"author":2,"featured_media":0,"comment_status":"open","ping_status":"open","sticky":false,"template":"","format":"standard","meta":{"_links_to":"","_links_to_target":""},"categories":[24],"tags":[],"_links":{"self":[{"href":"https:\/\/www.r2cpress.com.br\/v1\/wp-json\/wp\/v2\/posts\/31171"}],"collection":[{"href":"https:\/\/www.r2cpress.com.br\/v1\/wp-json\/wp\/v2\/posts"}],"about":[{"href":"https:\/\/www.r2cpress.com.br\/v1\/wp-json\/wp\/v2\/types\/post"}],"author":[{"embeddable":true,"href":"https:\/\/www.r2cpress.com.br\/v1\/wp-json\/wp\/v2\/users\/2"}],"replies":[{"embeddable":true,"href":"https:\/\/www.r2cpress.com.br\/v1\/wp-json\/wp\/v2\/comments?post=31171"}],"version-history":[{"count":3,"href":"https:\/\/www.r2cpress.com.br\/v1\/wp-json\/wp\/v2\/posts\/31171\/revisions"}],"predecessor-version":[{"id":31174,"href":"https:\/\/www.r2cpress.com.br\/v1\/wp-json\/wp\/v2\/posts\/31171\/revisions\/31174"}],"wp:attachment":[{"href":"https:\/\/www.r2cpress.com.br\/v1\/wp-json\/wp\/v2\/media?parent=31171"}],"wp:term":[{"taxonomy":"category","embeddable":true,"href":"https:\/\/www.r2cpress.com.br\/v1\/wp-json\/wp\/v2\/categories?post=31171"},{"taxonomy":"post_tag","embeddable":true,"href":"https:\/\/www.r2cpress.com.br\/v1\/wp-json\/wp\/v2\/tags?post=31171"}],"curies":[{"name":"wp","href":"https:\/\/api.w.org\/{rel}","templated":true}]}}