{"id":31206,"date":"2011-12-19T15:43:28","date_gmt":"2011-12-19T17:43:28","guid":{"rendered":"http:\/\/www.r2cpress.com.br\/v1\/?p=31206"},"modified":"2011-12-19T15:43:28","modified_gmt":"2011-12-19T17:43:28","slug":"cadastramento-de-idosos-e-deficientes-continua-em-ilheus-ate-31-de-dezembro","status":"publish","type":"post","link":"https:\/\/www.r2cpress.com.br\/v1\/2011\/12\/19\/cadastramento-de-idosos-e-deficientes-continua-em-ilheus-ate-31-de-dezembro\/","title":{"rendered":"Cadastramento de idosos e deficientes continua em Ilh\u00e9us at\u00e9 31 de dezembro"},"content":{"rendered":"<p>A Secretaria de Assist\u00eancia Social e Trabalho de Ilh\u00e9us continua realizando, at\u00e9 o dia 31 de dezembro, o cadastramento de idosos e deficientes que recebem o Benef\u00edcio de Presta\u00e7\u00e3o Continuada (BPC) no Cadastramento \u00danico do Governo Federal. Segundo o secret\u00e1rio de Assist\u00eancia Social, Ari Santos, o cadastramento come\u00e7ou no in\u00edcio do m\u00eas de dezembro e diariamente vem atendendo dezenas de idosos e deficientes. Os benefici\u00e1rios devem comparecer \u00e0 Cruzada do Bem pelo Bem, das 8h \u00e0s 11h30 levando todos os documentos, e tamb\u00e9m os documentos dos familiares que moram com eles.<\/p>\n<p>O BPC \u00e9 um benef\u00edcio individual, n\u00e3o vital\u00edcio e intransfer\u00edvel, que assegura a transfer\u00eancia mensal de 01 sal\u00e1rio m\u00ednimo ao idoso, com 65 anos ou mais, e \u00e0 pessoa com defici\u00eancia, de qualquer idade, com impedimentos de longo prazo, de natureza f\u00edsica, mental, intelectual ou sensorial, os quais, em intera\u00e7\u00e3o com diversas barreiras, podem obstruir sua participa\u00e7\u00e3o plena e efetiva na sociedade em igualdade de condi\u00e7\u00f5es com as demais pessoas. Em ambos os casos, devem comprovar n\u00e3o possuir meios de garantir o pr\u00f3prio sustento, nem t\u00ea-lo provido por sua fam\u00edlia. Al\u00e9m disso, a renda mensal familiar per capita deve ser inferior a um quarto do sal\u00e1rio m\u00ednimo vigente.<\/p>\n<p>O Cad\u00danico \u00e9 uma ferramenta de identifica\u00e7\u00e3o do Governo Federal que une todas as informa\u00e7\u00f5es do cidad\u00e3os que est\u00e3o inseridos em programas e benef\u00edcios sociais como o Bolsa Fam\u00edlia, Peti e Projovem. Com esse cadastramento os dados dos benefici\u00e1rios do BPC ser\u00e3o aprofundados, pois informa\u00e7\u00f5es de renda, escolaridade, domic\u00edlio, qualifica\u00e7\u00e3o profissional, n\u00e3o s\u00f3 do benefici\u00e1rio como de todos que fazem parte de sua fam\u00edlia estar\u00e3o inclusas, o que facilitar\u00e1 a an\u00e1lise do perfil socioecon\u00f4mico das fam\u00edlias brasileiras de baixa renda.<\/p>\n","protected":false},"excerpt":{"rendered":"<p>A Secretaria de Assist\u00eancia Social e Trabalho de Ilh\u00e9us continua realizando, at\u00e9 o dia 31 de dezembro, o cadastramento de idosos e deficientes que recebem o Benef\u00edcio de Presta\u00e7\u00e3o Continuada (BPC) no Cadastramento \u00danico do Governo Federal. Segundo o secret\u00e1rio de Assist\u00eancia Social, Ari Santos, o cadastramento come\u00e7ou no in\u00edcio do m\u00eas de dezembro e [&hellip;]<\/p>\n","protected":false},"author":2,"featured_media":0,"comment_status":"open","ping_status":"open","sticky":false,"template":"","format":"standard","meta":{"_links_to":"","_links_to_target":""},"categories":[23],"tags":[],"_links":{"self":[{"href":"https:\/\/www.r2cpress.com.br\/v1\/wp-json\/wp\/v2\/posts\/31206"}],"collection":[{"href":"https:\/\/www.r2cpress.com.br\/v1\/wp-json\/wp\/v2\/posts"}],"about":[{"href":"https:\/\/www.r2cpress.com.br\/v1\/wp-json\/wp\/v2\/types\/post"}],"author":[{"embeddable":true,"href":"https:\/\/www.r2cpress.com.br\/v1\/wp-json\/wp\/v2\/users\/2"}],"replies":[{"embeddable":true,"href":"https:\/\/www.r2cpress.com.br\/v1\/wp-json\/wp\/v2\/comments?post=31206"}],"version-history":[{"count":3,"href":"https:\/\/www.r2cpress.com.br\/v1\/wp-json\/wp\/v2\/posts\/31206\/revisions"}],"predecessor-version":[{"id":31209,"href":"https:\/\/www.r2cpress.com.br\/v1\/wp-json\/wp\/v2\/posts\/31206\/revisions\/31209"}],"wp:attachment":[{"href":"https:\/\/www.r2cpress.com.br\/v1\/wp-json\/wp\/v2\/media?parent=31206"}],"wp:term":[{"taxonomy":"category","embeddable":true,"href":"https:\/\/www.r2cpress.com.br\/v1\/wp-json\/wp\/v2\/categories?post=31206"},{"taxonomy":"post_tag","embeddable":true,"href":"https:\/\/www.r2cpress.com.br\/v1\/wp-json\/wp\/v2\/tags?post=31206"}],"curies":[{"name":"wp","href":"https:\/\/api.w.org\/{rel}","templated":true}]}}